{"id":358219,"date":"2025-09-01T12:10:17","date_gmt":"2025-09-01T12:10:17","guid":{"rendered":"https:\/\/www.europesays.com\/fr\/358219\/"},"modified":"2025-09-01T12:10:17","modified_gmt":"2025-09-01T12:10:17","slug":"karine-silla-elle-explore-les-blessures-de-jeunesse-dans-son-nouveau-roman","status":"publish","type":"post","link":"https:\/\/www.europesays.com\/fr\/358219\/","title":{"rendered":"Karine Silla: elle explore les blessures de jeunesse dans son nouveau roman"},"content":{"rendered":"<p>AboRentr\u00e9e litt\u00e9raire \u2013 <\/p>\n<p>Karine Silla: \u00abLes traumatismes de mes 20\u00a0ans ont ressurgi dans ce roman\u00bb<\/p>\n<p class=\"ContentHead_lead____SsS link_regular__O0hk0 link_externalicon-big__ZdPgo link_externalicon__qcwXs\">S\u2019inspirant de son exp\u00e9rience dans les prisons en tant que volontaire, l\u2019autrice s\u2019interroge sur ces rencontres qui peuvent briser des vies.<\/p>\n<p><img loading=\"lazy\" decoding=\"async\" src=\"https:\/\/www.europesays.com\/fr\/wp-content\/uploads\/2025\/09\/7nZ7Ik1OqbNB61Z_ESsh7l.jpg\"  width=\"100\" height=\"100\"  alt=\"Fabienne Rosset\" class=\"AuthorImage_root__WCxj_ ContentMetaInfo_authorimage__Mp4LD AuthorImage_-content-head__3qDob\" style=\"background-color:#828282\"\/>Publi\u00e9 aujourd\u2019hui \u00e0 13h27<img decoding=\"async\" loading=\"eager\" fetchpriority=\"high\" src=\"https:\/\/www.europesays.com\/fr\/wp-content\/uploads\/2025\/09\/As7jLHLvaZM9dT-4fopHe_.jpg\" alt=\"Femme posant en blouse blanche \u00e9l\u00e9gante, accoud\u00e9e sur une table avec un fond bleu fonc\u00e9.\" title=\"Femme posant en blouse blanche \u00e9l\u00e9gante, accoud\u00e9e sur une table avec un fond bleu fonc\u00e9.\" class=\"ResponsiveImage_root__ZDz10 responsive-image\" style=\"background-color:#56514B\"\/><\/p>\n<p>Forte de son exp\u00e9rience en tant que volontaire sur les programmes de r\u00e9insertion dans les prisons fran\u00e7aises, Karine Silla explore les destins de femmes contrari\u00e9s dans \u00abVingt ans\u00bb.<\/p>\n<p>Anousch Abrar<\/p>\n<p>Abonnez-vous d\u00e8s maintenant et profitez de la fonction de lecture audio.<a href=\"https:\/\/bottalk.io\/\" class=\"BottalkPaywall_bottalklink__KDtuf\" target=\"_blank\" rel=\"noreferrer noopener\">BotTalk<\/a><strong class=\"SummaryList_title__8uifR\">En bref:<\/strong><\/p>\n<ul class=\"SummaryList_list__pEa7M\">\n<li>La romanci\u00e8re Karine Silla explore les cons\u00e9quences tragiques d\u2019une passion destructrice entre Jeanne et Tristan.<\/li>\n<li>L\u2019auteure s\u2019inspire de son exp\u00e9rience dans les prisons pour d\u00e9peindre la vuln\u00e9rabilit\u00e9 f\u00e9minine.<\/li>\n<li>Son roman d\u00e9peint la fragilit\u00e9 des choix \u00e0 20\u00a0ans et leurs r\u00e9percussions.<\/li>\n<li>L\u2019\u0153uvre est d\u00e9di\u00e9e \u00e0 Valeria Bruni\u00a0Tedeschi, complice d\u2019une p\u00e9riode tumultueuse.<\/li>\n<\/ul>\n<p class=\"ArticleParagraph_root__lhFZo ArticleContainer_content-width__FRl7F link_focus__0ZMwx link_externalicon-big__ZdPgo link_externalicon__qcwXs ArticleElement_article-element__q93eL\">Fille de bonne famille, Jeanne a 20\u00a0ans et m\u00e8ne une vie bien rang\u00e9e. Jusqu\u2019au jour o\u00f9 elle croise Tristan, un \u00e9corch\u00e9 vif dont elle tombe passionn\u00e9ment amoureuse, jusqu\u2019\u00e0 sombrer avec lui dans la d\u00e9linquance et le d\u00e9lit. La jeune femme se sacrifiera pour lui, corps et \u00e2me.<\/p>\n<p class=\"ArticleParagraph_root__lhFZo ArticleContainer_content-width__FRl7F link_focus__0ZMwx link_externalicon-big__ZdPgo link_externalicon__qcwXs ArticleElement_article-element__q93eL\">De ce fait divers fictif, la romanci\u00e8re et r\u00e9alisatrice franco-s\u00e9n\u00e9galaise Karine Silla a tricot\u00e9 un roman, \u00abVingt ans\u00bb (\u00c9d. de l\u2019Observatoire). Celui de trajectoires de femmes qui peuvent se briser \u00e0 la suite d\u2019une mauvaise rencontre, un mauvais choix, un amour d\u00e9vorant. Des destins contrari\u00e9s qu\u2019elle a crois\u00e9s en prison, puisque l\u2019autrice a une longue exp\u00e9rience en tant que volontaire sur les programmes de r\u00e9insertion dans les prisons fran\u00e7aises.<\/p>\n<p class=\"ArticleParagraph_root__lhFZo ArticleContainer_content-width__FRl7F link_focus__0ZMwx link_externalicon-big__ZdPgo link_externalicon__qcwXs ArticleElement_article-element__q93eL\">Apr\u00e8s \u00abMonsieur est mort\u00bb ou \u00abL\u2019absente de No\u00ebl\u00bb, des romans remarqu\u00e9s, elle s\u2019appuie dans ce cinqui\u00e8me ouvrage sur le parcours de Jeanne pour faire r\u00e9sonner sa propre histoire d\u2019amour de l\u2019\u00e9poque. Un acte de f\u00e9minisme qu\u2019elle d\u00e9die \u00e0 son amie <a href=\"https:\/\/www.24heures.ch\/un-apres-midi-de-shopping-a-monthey-avec-valeria-bruni-tedeschi-501386019493\" class=\"HtmlText_root__A1OSq\" target=\"_blank\" rel=\"noopener noreferrer\">Valeria Bruni\u00a0Tedeschi<\/a>, avec qui elle a travers\u00e9 et partag\u00e9 les turbulences de la vingtaine. Coup de fil avant sa venue \u00e0 Morges le week-end prochain au <a href=\"https:\/\/lelivresurlesquais.ch\/edition\/2025\/\" class=\"HtmlText_root__A1OSq\" target=\"_blank\" rel=\"noopener noreferrer\">Livre sur les quais<\/a>.<\/p>\n<p class=\"InterviewSegment_interviewquestion__rTtth\">Karine Silla, votre livre s\u2019ouvre sur un fait divers fictif \u00e0 l\u2019issue duquel Tristan, \u00e0 l\u2019origine d\u2019un braquage, perd la vie. Jeanne, son amoureuse, est accus\u00e9e de triple homicide \u00e0 20\u00a0ans. Pourquoi ce point de d\u00e9part?<\/p>\n<p class=\"InterviewSegment_interviewanswer__PjyL_\">Ces vingt derni\u00e8res ann\u00e9es, j\u2019ai travaill\u00e9 sur les programmes de r\u00e9insertion dans les prisons, ce qui m\u2019a sensibilis\u00e9e au climat de violences envers les femmes. Je me suis beaucoup questionn\u00e9e sur celles qui finissent derri\u00e8re les barreaux parce qu\u2019elles ont fait une mauvaise rencontre. Pourquoi ont-elles \u00e9t\u00e9 attir\u00e9es par des bad boys? Pourquoi l\u2019attirance des petites filles pour le plus fort de la classe? On n\u2019arr\u00eate pas de nous r\u00e9p\u00e9ter que les femmes aussi sont violentes. Dans les faits, elles forment seulement 3% de la population carc\u00e9rale en France. Alors oui, il y a des femmes qui tuent leur mari, mais je voulais parler de cette autre forme de violence, celle dans laquelle sont entra\u00een\u00e9es ces femmes.<\/p>\n<p class=\"InterviewSegment_interviewquestion__rTtth\">C\u2019est ce qui arrive au personnage de Jeanne, qui se sacrifie par amour. Par son interm\u00e9diaire, rejouez-vous vos 20\u00a0ans?<\/p>\n<p class=\"InterviewSegment_interviewanswer__PjyL_\">Oui. Dans le roman ont surgi des traumatismes de ma propre jeunesse (ndlr: sa rencontre amoureuse \u00e0 24\u00a0ans avec le com\u00e9dien fran\u00e7ais Thierry Ravel, h\u00e9ro\u00efnomane mort d\u2019une surdose en 1991, \u00e0 27\u00a0ans), en miroir avec ce que j\u2019ai v\u00e9cu avec deux femmes que j\u2019ai suivies en prison.<\/p>\n<p class=\"InterviewSegment_interviewquestion__rTtth\">Elles \u00e9taient en prison parce qu\u2019elles avaient fait de mauvais choix?<\/p>\n<p class=\"InterviewSegment_interviewanswer__PjyL_\">Oui. J\u2019ai rencontr\u00e9 tellement de femmes qui \u00e9taient en prison pour complicit\u00e9. Elles ont fait le choix de prot\u00e9ger des crimes au lieu de les d\u00e9noncer, pour des hommes le plus souvent. Jeanne en est un exemple criant, puisqu\u2019elle refuse d\u2019\u00eatre d\u00e9responsabilis\u00e9e du crime commis par un autre, et pour lequel elle est emprisonn\u00e9e.<\/p>\n<p><img decoding=\"async\" loading=\"lazy\" src=\"https:\/\/www.europesays.com\/fr\/wp-content\/uploads\/2025\/09\/CUAfRdaBqg_9DDgKnOaeKs.jpg\" alt=\"Valeria Bruni Tedeschi et Karine Silla assises c\u00f4te \u00e0 c\u00f4te, souriantes, lors de la 47e c\u00e9r\u00e9monie des C\u00e9sar \u00e0 l\u2019Olympia, Paris.\" title=\"Valeria Bruni Tedeschi et Karine Silla assises c\u00f4te \u00e0 c\u00f4te, souriantes, lors de la 47e c\u00e9r\u00e9monie des C\u00e9sar \u00e0 l\u2019Olympia, Paris.\" class=\"ResponsiveImage_root__ZDz10 responsive-image\" style=\"background-color:#A98B81\"\/><\/p>\n<p>Karine Silla d\u00e9die son roman \u00abVingt ans\u00bb \u00e0 son amie Valeria Bruni\u00a0Tedeschi (\u00e0 g., ici \u00e0 Paris en 2022), avec qui elle a travers\u00e9 et partag\u00e9 les turbulences de la vingtaine.<\/p>\n<p>Getty Images<\/p>\n<p class=\"InterviewSegment_interviewquestion__rTtth\">Cette question du choix qui peut tout faire basculer est d\u2019autant plus cruciale quand on a 20\u00a0ans?<\/p>\n<p class=\"InterviewSegment_interviewanswer__PjyL_\">Compl\u00e8tement. Combien de fois, \u00e0 20\u00a0ans, on fait des choses qu\u2019on sait dangereuses, mais qu\u2019on n\u2019estime pas si graves, voire dr\u00f4les. Comme prendre le volant m\u00eame si on a trop bu. Ou en amour, parfois, lorsqu\u2019on suit la mauvaise personne. Ce que fait Jeanne. Il y a cette sensation de se sentir invincible, d\u2019avoir l\u2019\u00e9ternit\u00e9 devant soi. C\u2019est le danger et la beaut\u00e9 d\u2019avoir 20\u00a0ans. C\u2019est un \u00e2ge vraiment fascinant, et pour en parler, il faut se souvenir de l\u2019\u00e9tat dans lequel on \u00e9tait alors.<\/p>\n<p class=\"InterviewSegment_interviewquestion__rTtth\">C\u2019est ce que vous avez fait dans ce livre aussi.<\/p>\n<p class=\"InterviewSegment_interviewanswer__PjyL_\">Exactement. Et je pense que de m\u2019en souvenir m\u2019apporte une grande tol\u00e9rance aujourd\u2019hui. Quand il vous arrive des choses et que vous \u00e9tiez s\u00fbre qu\u2019elles n\u2019allaient pas vous arriver, \u00e7a questionne, \u00e7a remue. C\u2019\u00e9tait vraiment important pour moi de montrer par les faits que certains choix peuvent avoir des cons\u00e9quences, en tout cas sur Jeanne. Par effet miroir, la narratrice se pose aussi la question de savoir si elle serait all\u00e9e aussi loin. Nous ne sommes pas \u00e9gales dans notre capacit\u00e9 \u00e0 dire non. J\u2019ai pu le faire \u00e0 24\u00a0ans, en quittant Thierry et ses d\u00e9mons pour ne pas sombrer.<\/p>\n<p><img decoding=\"async\" loading=\"lazy\" src=\"https:\/\/www.europesays.com\/fr\/wp-content\/uploads\/2025\/09\/D5KbZM4y43z8UNPiroAfKE.jpg\" alt=\"Couverture du livre \u2019Vingt ans\u2019 de Karine Silla montrant un couple assis \u00e0 une table dans un caf\u00e9, avec le texte \u2019\u00c0 l\u2019\u00e2ge o\u00f9 tout est possible, tout peut \u00eatre d\u00e9truit\u2019.\" title=\"Couverture du livre \u2019Vingt ans\u2019 de Karine Silla montrant un couple assis \u00e0 une table dans un caf\u00e9, avec le texte \u2019\u00c0 l\u2019\u00e2ge o\u00f9 tout est possible, tout peut \u00eatre d\u00e9truit\u2019.\" class=\"ResponsiveImage_root__ZDz10 responsive-image\" style=\"background-color:#DAB2BB\"\/><\/p>\n<p class=\"InterviewSegment_interviewquestion__rTtth\">Vous d\u00e9diez votre livre \u00e0 Valeria Bruni\u00a0Tedeschi, avec qui vous partagiez le m\u00eame amoureux lorsque vous aviez 20\u00a0ans. Une forme de sororit\u00e9?<\/p>\n<p class=\"InterviewSegment_interviewanswer__PjyL_\">Je pense que les femmes sont tr\u00e8s fortes quand elles sont dans la sororit\u00e9. Valeria et moi, on a eu la chance de se rencontrer dans le malheur et de traverser notre vie ensemble, d\u2019avoir vraiment partag\u00e9 des moments tr\u00e8s intenses de notre vie (ndlr: les deux femmes sont parties \u00e0 la recherche de Thierry Ravel lorsqu\u2019il a disparu avant sa mort par surdose). On a vraiment un rapport au monde assez similaire. On est vraiment boulevers\u00e9es par la douleur des gens. De cette histoire de nos 20\u00a0ans, des choix qu\u2019on a faits ou pas, on a appris. Ce n\u2019est qu\u2019en comprenant l\u2019importance de ces moments o\u00f9 il faut dire non que l\u2019on peut l\u2019enseigner \u00e0 nos filles. D\u2019ailleurs, mes filles, (ndlr: Roxane, la fille qu\u2019elle a eue avec G\u00e9rard Depardieu, Iman et Tess, qu\u2019elle a eues avec son mari, Vincent P\u00e9rez) dont deux sont dans la vingtaine, sont en train de lire ce roman\u2026<\/p>\n<p>\u00abVingt ans\u00bb, Karine Silla, \u00c9d. de l\u2019Observatoire, 320\u00a0p. L\u2019autrice sera en d\u00e9dicace au Livre sur les quais sa 6\u00a0septembre (14\u00a0h\u00a045 \u00e0 19\u00a0h) et di 7 (9\u00a0h\u00a030 \u00e0 15\u00a0h). <a href=\"https:\/\/lelivresurlesquais.ch\/auteurs\/karine-silla\/\" class=\"HtmlText_root__A1OSq\" target=\"_blank\" rel=\"noopener noreferrer\">lelivresurlesquais.ch<\/a><\/p>\n<p class=\"DynamicTeaser_boxtitle__B6piN\">D\u2019autres livres de la rentr\u00e9e litt\u00e9raire<\/p>\n<p>Newsletter<\/p>\n<p>\u00abLa Tribune des livres\u00bb<\/p>\n<p>La \u00abTribune de Gen\u00e8ve\u00bb vous propose des partages de lectures, des critiques, l\u2019actualit\u00e9 du livre, des reportages et vos coups de c\u0153ur.<\/p>\n<p><a class=\"NewsletterBox_more__FNemz link_underlinelink__K5Zr0\" href=\"https:\/\/www.tdg.ch\/nos-newsletters\" target=\"_blank\" rel=\"noopener\">Autres newsletters<\/a><\/p>\n<p>Se connecter<strong>Fabienne Rosset <\/strong>est journaliste depuis 2003, pour le magazine Femina et Le Matin Dimanche. Elle couvre les sujets soci\u00e9t\u00e9, et plus particuli\u00e8rement les th\u00e8mes de la sant\u00e9 et de la psychologie.<a class=\"ArticleAuthorBio_moreinfo__cqyvz link_underlinelink__K5Zr0\" rel=\"author noopener\" href=\"https:\/\/www.tdg.ch\/author\/73771077\/fabienne-rosset\" target=\"_blank\">Plus d&rsquo;infos<\/a><\/p>\n<p class=\"Feedback_root__fr_Mi ArticleContainer_content-width__FRl7F\">Vous avez trouv\u00e9 une erreur?<a href=\"mailto:tes_correction@tamedia.ch?subject=Avis%20d'erreur%20%7C%20Fabienne%20Rosset%20%7C%20Karine%20Silla%3A%20%C2%ABLes%20traumatismes%20de%20mes%2020%C2%A0ans%20ont%20ressurgi%20dans%20ce%20roman%C2%BB&amp;body=J'ai%20trouv%C3%A9%20une%20erreur%20dans%20cet%20article%3A%20https%3A%2F%2Fwww.24heures.ch%2Fkarine-silla-elle-explore-les-blessures-de-jeunesse-dans-son-nouveau-roman-263937305333\" class=\"Feedback_feedbacklink__VyDCi link_underlinelink__K5Zr0\">Merci de nous la signaler.<\/a><\/p>\n<p>0 commentaires<\/p>\n","protected":false},"excerpt":{"rendered":"AboRentr\u00e9e litt\u00e9raire \u2013 Karine Silla: \u00abLes traumatismes de mes 20\u00a0ans ont ressurgi dans ce roman\u00bb S\u2019inspirant de son&hellip;\n","protected":false},"author":2,"featured_media":358220,"comment_status":"","ping_status":"","sticky":false,"template":"","format":"standard","meta":{"footnotes":""},"categories":[1357],"tags":[1379,58,59,1011,27,1380,37086,2300,47564],"class_list":{"0":"post-358219","1":"post","2":"type-post","3":"status-publish","4":"format-standard","5":"has-post-thumbnail","7":"category-livres","8":"tag-books","9":"tag-divertissement","10":"tag-entertainment","11":"tag-fr","12":"tag-france","13":"tag-livres","14":"tag-stats-editorial-team","15":"tag-stats-seo","16":"tag-stats-vibration"},"share_on_mastodon":{"url":"https:\/\/pubeurope.com\/@fr\/115128974147459018","error":""},"_links":{"self":[{"href":"https:\/\/www.europesays.com\/fr\/wp-json\/wp\/v2\/posts\/358219","targetHints":{"allow":["GET"]}}],"collection":[{"href":"https:\/\/www.europesays.com\/fr\/wp-json\/wp\/v2\/posts"}],"about":[{"href":"https:\/\/www.europesays.com\/fr\/wp-json\/wp\/v2\/types\/post"}],"author":[{"embeddable":true,"href":"https:\/\/www.europesays.com\/fr\/wp-json\/wp\/v2\/users\/2"}],"replies":[{"embeddable":true,"href":"https:\/\/www.europesays.com\/fr\/wp-json\/wp\/v2\/comments?post=358219"}],"version-history":[{"count":0,"href":"https:\/\/www.europesays.com\/fr\/wp-json\/wp\/v2\/posts\/358219\/revisions"}],"wp:featuredmedia":[{"embeddable":true,"href":"https:\/\/www.europesays.com\/fr\/wp-json\/wp\/v2\/media\/358220"}],"wp:attachment":[{"href":"https:\/\/www.europesays.com\/fr\/wp-json\/wp\/v2\/media?parent=358219"}],"wp:term":[{"taxonomy":"category","embeddable":true,"href":"https:\/\/www.europesays.com\/fr\/wp-json\/wp\/v2\/categories?post=358219"},{"taxonomy":"post_tag","embeddable":true,"href":"https:\/\/www.europesays.com\/fr\/wp-json\/wp\/v2\/tags?post=358219"}],"curies":[{"name":"wp","href":"https:\/\/api.w.org\/{rel}","templated":true}]}}