{"id":358223,"date":"2025-09-01T12:12:14","date_gmt":"2025-09-01T12:12:14","guid":{"rendered":"https:\/\/www.europesays.com\/fr\/358223\/"},"modified":"2025-09-01T12:12:14","modified_gmt":"2025-09-01T12:12:14","slug":"lindsay-schoolcraft-soutient-les-ex-membres-de-cradle-of-filth","status":"publish","type":"post","link":"https:\/\/www.europesays.com\/fr\/358223\/","title":{"rendered":"Lindsay Schoolcraft soutient les ex-membres de Cradle Of Filth"},"content":{"rendered":"<p><strong>Dans un message partag\u00e9 r\u00e9cemment, Lindsay Schoolcraft, ancienne clavi\u00e9riste et chanteuse de <a href=\"https:\/\/www.metalzone.fr\/cradle-of-filth\/\" rel=\"nofollow noopener\" target=\"_blank\">Cradle Of Filth<\/a>, a exprim\u00e9 son soutien \u00e0 Zo\u00eb Marie Federoff et Marek \u201cAshok\u201d \u0160merda, saluant leur courage apr\u00e8s leur prise de parole publique sur les conditions de travail au sein du groupe.<\/strong><\/p>\n<p>Lindsay Schoolcraft soutient Zo\u00eb et Ashok dans leur prise de parole<\/p>\n<p>Comme l\u2019a rapport\u00e9 <a href=\"https:\/\/lambgoat.com\/news\/49355\/lindsay-schoolcraft-ex-cradle-of-filth-is-proud-of-zoe-and-ashok-for-breaking-the-silence\/\" target=\"_blank\" rel=\"noopener nofollow\">Lambgoat<\/a>, Lindsay Schoolcraft a r\u00e9agi aux r\u00e9centes r\u00e9v\u00e9lations de Zo\u00eb Marie Federoff et Ashok, ex-membres de Cradle Of Filth, en exprimant sa solidarit\u00e9 : \u201cJe suis vraiment, VRAIMENT fi\u00e8re de Zo\u00eb et Ashok pour avoir bris\u00e9 le silence, ainsi que des anciens membres et techniciens qui ont d\u00e9nonc\u00e9 cet environnement de travail totalement contraire \u00e0 l\u2019\u00e9thique.\u201d<\/p>\n<p>Elle explique ne pas avoir encore partag\u00e9 publiquement sa propre exp\u00e9rience en raison des cons\u00e9quences financi\u00e8res et psychologiques qu\u2019impliquerait une telle d\u00e9marche. \u201cSi je parle, j\u2019aurai besoin d\u2019une assistance juridique et d\u2019un accompagnement psychologique, ce qui pourrait me co\u00fbter des dizaines de milliers de dollars ici au Canada. Je n\u2019ai ni les moyens financiers ni l\u2019\u00e9nergie mentale pour affronter cela maintenant.\u201d<\/p>\n<p>Un climat jug\u00e9 toxique autour de Cradle Of Filth<\/p>\n<p>Schoolcraft affirme que la peur des repr\u00e9sailles juridiques emp\u00eache de nombreux anciens collaborateurs de s\u2019exprimer, face \u00e0 ce qu\u2019elle d\u00e9crit comme \u201cdes personnes abusives qui se cachent derri\u00e8re leur argent et leur pouvoir accumul\u00e9s sur des d\u00e9cennies d\u2019exploitation\u201d.<\/p>\n<p>Elle se dit soulag\u00e9e d\u2019\u00eatre aujourd\u2019hui loin de cet environnement : \u201cJe vais mieux \u00e0 pr\u00e9sent et je m\u2019\u00e9panouis loin de ce chaos. J\u2019ai failli y perdre la vie. Malheureusement, Zo\u00eb et Ashok ont d\u00fb perdre un enfant \u00e0 na\u00eetre \u00e0 cause de cela. Personne ne devrait avoir \u00e0 endurer \u00e7a pour poursuivre un r\u00eave de carri\u00e8re musicale.\u201d<\/p>\n<p>Elle conclut son message par un appel \u00e0 la compr\u00e9hension : \u201cMon silence n\u2019est pas de la complaisance, il a \u00e9t\u00e9 motiv\u00e9 par la n\u00e9cessit\u00e9 et la survie.\u201d<\/p>\n","protected":false},"excerpt":{"rendered":"Dans un message partag\u00e9 r\u00e9cemment, Lindsay Schoolcraft, ancienne clavi\u00e9riste et chanteuse de Cradle Of Filth, a exprim\u00e9 son&hellip;\n","protected":false},"author":2,"featured_media":358224,"comment_status":"","ping_status":"","sticky":false,"template":"","format":"standard","meta":{"footnotes":""},"categories":[1355],"tags":[58,59,1011,27,1361,873],"class_list":{"0":"post-358223","1":"post","2":"type-post","3":"status-publish","4":"format-standard","5":"has-post-thumbnail","7":"category-musique","8":"tag-divertissement","9":"tag-entertainment","10":"tag-fr","11":"tag-france","12":"tag-music","13":"tag-musique"},"share_on_mastodon":{"url":"https:\/\/pubeurope.com\/@fr\/115128981558842085","error":""},"_links":{"self":[{"href":"https:\/\/www.europesays.com\/fr\/wp-json\/wp\/v2\/posts\/358223","targetHints":{"allow":["GET"]}}],"collection":[{"href":"https:\/\/www.europesays.com\/fr\/wp-json\/wp\/v2\/posts"}],"about":[{"href":"https:\/\/www.europesays.com\/fr\/wp-json\/wp\/v2\/types\/post"}],"author":[{"embeddable":true,"href":"https:\/\/www.europesays.com\/fr\/wp-json\/wp\/v2\/users\/2"}],"replies":[{"embeddable":true,"href":"https:\/\/www.europesays.com\/fr\/wp-json\/wp\/v2\/comments?post=358223"}],"version-history":[{"count":0,"href":"https:\/\/www.europesays.com\/fr\/wp-json\/wp\/v2\/posts\/358223\/revisions"}],"wp:featuredmedia":[{"embeddable":true,"href":"https:\/\/www.europesays.com\/fr\/wp-json\/wp\/v2\/media\/358224"}],"wp:attachment":[{"href":"https:\/\/www.europesays.com\/fr\/wp-json\/wp\/v2\/media?parent=358223"}],"wp:term":[{"taxonomy":"category","embeddable":true,"href":"https:\/\/www.europesays.com\/fr\/wp-json\/wp\/v2\/categories?post=358223"},{"taxonomy":"post_tag","embeddable":true,"href":"https:\/\/www.europesays.com\/fr\/wp-json\/wp\/v2\/tags?post=358223"}],"curies":[{"name":"wp","href":"https:\/\/api.w.org\/{rel}","templated":true}]}}