{"id":358225,"date":"2025-09-01T12:13:10","date_gmt":"2025-09-01T12:13:10","guid":{"rendered":"https:\/\/www.europesays.com\/fr\/358225\/"},"modified":"2025-09-01T12:13:10","modified_gmt":"2025-09-01T12:13:10","slug":"avec-hexed-disney-parie-sur-la-magie-pour-redresser-ses-resultats-au-box-office","status":"publish","type":"post","link":"https:\/\/www.europesays.com\/fr\/358225\/","title":{"rendered":"Avec Hexed, Disney parie sur la magie pour redresser ses r\u00e9sultats au box-office"},"content":{"rendered":"<p>Ce long-m\u00e9trage, pr\u00e9vu l\u2019ann\u00e9e prochaine, raconte l\u2019histoire d\u2019un adolescent maladroit d\u00e9couvrant \u00ab\u00a0ses pouvoirs magiques\u00a0\u00bb.<\/p>\n<p class=\"fig-paragraph\">Les studios Disney multiplient les annonces. Outre le\u00a0<a href=\"http:\/\/www.lefigaro.fr\/cinema\/l-age-de-glace-le-6e-volet-sortira-en-fevrier-2027-apres-9-ans-d-attente-20250901\" data-fig-type=\"NewsFlash\" data-gtm-custom-categorie=\"navigation\" data-gtm-custom-action=\"crossclick\" data-gtm-custom-label=\"Contextuel\" data-gtm-event=\"customEventSPE\" data-fig-domain=\"LEFIGARO\" target=\"_blank\" rel=\"noopener\">sixi\u00e8me volet de la saga L\u2019\u00c2ge de Glace<\/a>, pr\u00e9vu en 2027, la firme aux grandes oreilles a r\u00e9v\u00e9l\u00e9 le week-end dernier, \u00e0 la convention Destination D23 d\u2019Orlando, en Floride, qu\u2019un nouveau long-m\u00e9trage d\u2019animation \u00e9tait en pr\u00e9paration. Intitul\u00e9 Hexed (en fran\u00e7ais, Ensorcel\u00e9), cette \u0153uvre originale sera r\u00e9alis\u00e9e par les cin\u00e9astes Josie Trinidad (<a href=\"https:\/\/www.lefigaro.fr\/cinema\/2017\/03\/23\/03002-20170323ARTFIG00289--zootopie-disney-assigne-en-justice-pour-plagiat.php\" data-fig-type=\"Article\" data-gtm-custom-categorie=\"navigation\" data-gtm-custom-action=\"crossclick\" data-gtm-custom-label=\"Contextuel\" data-gtm-event=\"customEventSPE\" data-fig-domain=\"LEFIGARO\" target=\"_blank\" rel=\"noopener\">Zootopie<\/a> ) et Jason Hand (<a href=\"http:\/\/www.lefigaro.fr\/cinema\/vaiana-2-depasse-le-milliard-de-dollars-de-recettes-au-box-office-mondial-20250120\" data-fig-type=\"NewsFlash\" data-gtm-custom-categorie=\"navigation\" data-gtm-custom-action=\"crossclick\" data-gtm-custom-label=\"Contextuel\" data-gtm-event=\"customEventSPE\" data-fig-domain=\"LEFIGARO\" target=\"_blank\" rel=\"noopener\">Vaiana 2<\/a>,\u00a0<a href=\"http:\/\/www.lefigaro.fr\/international\/la-veritable-histoire-derriere-le-film-d-animation-encanto-20220127\" data-fig-type=\"Article\" data-gtm-custom-categorie=\"navigation\" data-gtm-custom-action=\"crossclick\" data-gtm-custom-label=\"Contextuel\" data-gtm-event=\"customEventSPE\" data-fig-domain=\"LEFIGARO\" target=\"_blank\" rel=\"noopener\">Encanto\u00a0: La Fantastique Famille Madrigal<\/a> ), rapporte\u00a0<a href=\"https:\/\/variety.com\/2025\/film\/news\/disney-new-animated-film-hexed-release-date-d23-1236503064\/\" target=\"_blank\" rel=\"sponsored noopener\" data-gtm-custom-categorie=\"navigation\" data-gtm-custom-action=\"crossclick\" data-gtm-custom-label=\"Contextuel\" data-gtm-event=\"customEventSPE\">Variety<\/a> .<\/p>\n<p class=\"fig-paragraph\">Disney a d\u00e9voil\u00e9 le synopsis d\u2019Hexed\u00a0sur ses r\u00e9seaux sociaux\u00a0: \u00ab\u00a0Un adolescent maladroit et atypique d\u00e9couvre que ce qui le rend unique pourrait bien \u00eatre, en fait, des pouvoirs magiques. Accompagn\u00e9 de sa m\u00e8re, une femme organis\u00e9e et impatiente, il plonge dans un monde secret o\u00f9 la magie r\u00e8gne.\u00a0\u00bb Pour l\u2019instant, sa date de sortie au cin\u00e9ma est pr\u00e9vue \u00e0 l\u2019automne 2026.\u00a0\u00a0<\/p>\n<p>                                    <a class=\"fig-a11y-skip a11y-hidden\" href=\"#fig-a11y-skip-main-inarticle\"><br \/>\n        Passer la publicit\u00e9<br \/>\n    <\/a><\/p>\n<p>Pl\u00e9thore de suites<\/p>\n<p class=\"fig-paragraph\">Le studio de Mickey esp\u00e8re relever la barre apr\u00e8s la d\u00e9ception d\u2019Elio. Projet\u00e9 en juin 2025, ce long-m\u00e9trage, qui raconte l\u2019amiti\u00e9 entre un jeune gar\u00e7on et des extraterrestres,\u00a0<a href=\"http:\/\/www.lefigaro.fr\/cinema\/dragons-domine-toujours-le-box-office-americain-elio-realise-le-pire-demarrage-de-l-histoire-de-pixar-20250622\" data-fig-type=\"NewsFlash\" data-gtm-custom-categorie=\"navigation\" data-gtm-custom-action=\"crossclick\" data-gtm-custom-label=\"Contextuel\" data-gtm-event=\"customEventSPE\" data-fig-domain=\"LEFIGARO\" target=\"_blank\" rel=\"noopener\">a r\u00e9alis\u00e9 le pire d\u00e9marrage d\u2019un film coproduit par Disney.\u00a0<\/a>\u00c0 la fin de son exploitation, le dessin anim\u00e9 n\u2019a r\u00e9colt\u00e9 que 150\u00a0millions de dollars de recettes mondiales.<\/p>\n<p class=\"fig-paragraph\">Pour remonter la pente, Disney poursuit jusqu\u2019\u00e0 l\u2019\u00e9puisement l\u2019exploitation de suites. Par exemple, le<a href=\"http:\/\/www.lefigaro.fr\/cinema\/zootopie-2-elio-les-derniers-disney-misent-sur-l-acceptation-des-differences-et-le-vivre-ensemble-20250616\" data-fig-type=\"NewsFlash\" data-gtm-custom-categorie=\"navigation\" data-gtm-custom-action=\"crossclick\" data-gtm-custom-label=\"Contextuel\" data-gtm-event=\"customEventSPE\" data-fig-domain=\"LEFIGARO\" target=\"_blank\" rel=\"noopener\">\u00a0second volet du tr\u00e8s attendu Zootopie<\/a> \u00a0sortira le 25\u00a0novembre dans les salles fran\u00e7aises. Il aura la lourde t\u00e2che de faire autant que son pr\u00e9d\u00e9cesseur, qui avait empoch\u00e9 plus d\u2019un milliard de dollars de recettes mondiales en 2017. Pr\u00e9vu pour juin 2026,\u00a0<a href=\"http:\/\/www.lefigaro.fr\/cinema\/avatar-3-la-reine-des-neiges-3-et-4-toy-story-5-the-mandalorian-and-grogu-les-annonces-cinema-de-disney-au-d23-20240810\" data-fig-type=\"Article\" data-gtm-custom-categorie=\"navigation\" data-gtm-custom-action=\"crossclick\" data-gtm-custom-label=\"Contextuel\" data-gtm-event=\"customEventSPE\" data-fig-domain=\"LEFIGARO\" target=\"_blank\" rel=\"noopener\">Toy Story 5<\/a> \u00a0ravira les nostalgiques des ann\u00e9es 1990. Dans ce nouveau volet, les personnages de\u00a0<a href=\"http:\/\/www.lefigaro.fr\/cinema\/el-buen-patron-elvis-buzz-l-eclair-les-films-a-voir-ou-a-eviter-cette-semaine-20220622\" data-fig-type=\"Article\" data-gtm-custom-categorie=\"navigation\" data-gtm-custom-action=\"crossclick\" data-gtm-custom-label=\"Contextuel\" data-gtm-event=\"customEventSPE\" data-fig-domain=\"LEFIGARO\" target=\"_blank\" rel=\"noopener\">Buzz l\u2019\u00c9clair<\/a>\u00a0et de Woody assisteront au d\u00e9laissement des jouets par les enfants au profit de la technologie. Avec Hexed, Disney esp\u00e8re apporter une bouff\u00e9e d\u2019air frais \u00e0 son univers.<\/p>\n","protected":false},"excerpt":{"rendered":"Ce long-m\u00e9trage, pr\u00e9vu l\u2019ann\u00e9e prochaine, raconte l\u2019histoire d\u2019un adolescent maladroit d\u00e9couvrant \u00ab\u00a0ses pouvoirs magiques\u00a0\u00bb. Les studios Disney multiplient&hellip;\n","protected":false},"author":2,"featured_media":358226,"comment_status":"","ping_status":"","sticky":false,"template":"","format":"standard","meta":{"footnotes":""},"categories":[1354],"tags":[1832,32652,520,58,59,1346,1011,27,1360,49392],"class_list":{"0":"post-358225","1":"post","2":"type-post","3":"status-publish","4":"format-standard","5":"has-post-thumbnail","7":"category-films","8":"tag-animation","9":"tag-dessin-anime","10":"tag-disney","11":"tag-divertissement","12":"tag-entertainment","13":"tag-films","14":"tag-fr","15":"tag-france","16":"tag-movies","17":"tag-toy-story"},"share_on_mastodon":{"url":"https:\/\/pubeurope.com\/@fr\/115128985464268920","error":""},"_links":{"self":[{"href":"https:\/\/www.europesays.com\/fr\/wp-json\/wp\/v2\/posts\/358225","targetHints":{"allow":["GET"]}}],"collection":[{"href":"https:\/\/www.europesays.com\/fr\/wp-json\/wp\/v2\/posts"}],"about":[{"href":"https:\/\/www.europesays.com\/fr\/wp-json\/wp\/v2\/types\/post"}],"author":[{"embeddable":true,"href":"https:\/\/www.europesays.com\/fr\/wp-json\/wp\/v2\/users\/2"}],"replies":[{"embeddable":true,"href":"https:\/\/www.europesays.com\/fr\/wp-json\/wp\/v2\/comments?post=358225"}],"version-history":[{"count":0,"href":"https:\/\/www.europesays.com\/fr\/wp-json\/wp\/v2\/posts\/358225\/revisions"}],"wp:featuredmedia":[{"embeddable":true,"href":"https:\/\/www.europesays.com\/fr\/wp-json\/wp\/v2\/media\/358226"}],"wp:attachment":[{"href":"https:\/\/www.europesays.com\/fr\/wp-json\/wp\/v2\/media?parent=358225"}],"wp:term":[{"taxonomy":"category","embeddable":true,"href":"https:\/\/www.europesays.com\/fr\/wp-json\/wp\/v2\/categories?post=358225"},{"taxonomy":"post_tag","embeddable":true,"href":"https:\/\/www.europesays.com\/fr\/wp-json\/wp\/v2\/tags?post=358225"}],"curies":[{"name":"wp","href":"https:\/\/api.w.org\/{rel}","templated":true}]}}