{"id":358227,"date":"2025-09-01T12:14:10","date_gmt":"2025-09-01T12:14:10","guid":{"rendered":"https:\/\/www.europesays.com\/fr\/358227\/"},"modified":"2025-09-01T12:14:10","modified_gmt":"2025-09-01T12:14:10","slug":"leczema-infantile-serait-favorise-par-le-stress-maternel-pendant-la-grossesse","status":"publish","type":"post","link":"https:\/\/www.europesays.com\/fr\/358227\/","title":{"rendered":"L\u2019ecz\u00e9ma infantile serait favoris\u00e9 par le stress maternel pendant la grossesse"},"content":{"rendered":"<p>                         <img loading=\"lazy\" decoding=\"async\" src=\"https:\/\/www.europesays.com\/fr\/wp-content\/uploads\/2025\/09\/6a9355c_upload-1-05pwp6obqvkl-bsip-010347-026.jpg\" alt=\"Consultation en p\u00e9diatrie pour un ecz\u00e9ma sur un enfant de 7 mois, au service de dermatologie du CHU de Dijon, en 2009.\"   width=\"664\" height=\"443\"\/>    Consultation en p\u00e9diatrie pour un ecz\u00e9ma sur un enfant de 7 mois, au service de dermatologie du CHU de Dijon, en 2009.  BELMONTE\/BSIP                 <\/p>\n<p class=\"article__paragraph  \">Des d\u00e9mangeaisons souvent intenses qui apparaissent par pouss\u00e9es sur le visage, les plis du cou, les membres\u2026 accompagn\u00e9es de plaques rouges, de suintements et d\u2019une s\u00e9cheresse de la peau. C\u2019est l\u2019ecz\u00e9ma, ou dermatite atopique. Une \u00e9tude fran\u00e7aise, <a href=\"https:\/\/www.nature.com\/articles\/s41586-025-09419-8\" target=\"_blank\" rel=\"noopener nofollow\" title=\"Nouvelle fen\u00eatre\">publi\u00e9e le 27\u00a0ao\u00fbt dans la revue Nature<\/a>, d\u00e9voile comment, chez le nourrisson, cette maladie inflammatoire chronique de la peau, non contagieuse, pourrait r\u00e9sulter d\u2019un stress maternel important durant la grossesse.<\/p>\n<p class=\"article__paragraph  \">L\u2019ecz\u00e9ma, souvent associ\u00e9 \u00e0 d\u2019autres allergies (alimentaires, crises d\u2019asthme\u2026), se d\u00e9veloppe \u00e0 partir de l\u2019\u00e2ge de 3 mois. Sa pr\u00e9valence est estim\u00e9e \u00e0 8\u00a0% ou 9\u00a0% chez les enfants de 6-7\u00a0ans et \u00e0 10\u00a0% chez ceux de 13-14\u00a0ans. La maladie dispara\u00eet g\u00e9n\u00e9ralement au cours de l\u2019enfance, \u00ab\u00a0mais 10\u00a0% \u00e0 15\u00a0% des cas persistent jusqu\u2019\u00e0 l\u2019\u00e2ge adulte\u00a0\u00bb, <a href=\"https:\/\/www.inserm.fr\/dossier\/dermatite-atopique-eczema-atopique\/\" target=\"_blank\" rel=\"noopener nofollow\" title=\"Nouvelle fen\u00eatre\">observe l\u2019Inserm<\/a>.<\/p>\n<p class=\"article__paragraph  \">Les m\u00e9canismes biologiques sous-jacents restent mal connus. Des \u00e9tudes familiales ont montr\u00e9 que l\u2019ecz\u00e9ma, comme l\u2019asthme et d\u2019autres maladies allergiques, est associ\u00e9 \u00e0 des facteurs de pr\u00e9disposition g\u00e9n\u00e9tique. Ceux-ci entra\u00eeneraient une alt\u00e9ration de la barri\u00e8re cutan\u00e9e, avec deux effets d\u00e9l\u00e9t\u00e8res. Les allerg\u00e8nes de l\u2019environnement (pollens, poussi\u00e8res, savons\u2026) se faufileraient alors dans l\u2019\u00e9piderme, o\u00f9 ils surstimuleraient le syst\u00e8me immunitaire. Et la peau deviendrait plus sensible \u00e0 des facteurs physiques\u00a0: chaleur, air trop sec, sueur, tissus r\u00eaches\u2026<\/p>\n<p class=\"reading-mode-only \"><strong>Il vous reste 72.22% de cet article \u00e0 lire. La suite est r\u00e9serv\u00e9e aux abonn\u00e9s.<\/strong><\/p>\n","protected":false},"excerpt":{"rendered":"Consultation en p\u00e9diatrie pour un ecz\u00e9ma sur un enfant de 7 mois, au service de dermatologie du CHU&hellip;\n","protected":false},"author":2,"featured_media":358228,"comment_status":"","ping_status":"","sticky":false,"template":"","format":"standard","meta":{"footnotes":""},"categories":[10],"tags":[1011,27,72,71],"class_list":{"0":"post-358227","1":"post","2":"type-post","3":"status-publish","4":"format-standard","5":"has-post-thumbnail","7":"category-sante","8":"tag-fr","9":"tag-france","10":"tag-health","11":"tag-sante"},"share_on_mastodon":{"url":"https:\/\/pubeurope.com\/@fr\/115128989454240015","error":""},"_links":{"self":[{"href":"https:\/\/www.europesays.com\/fr\/wp-json\/wp\/v2\/posts\/358227","targetHints":{"allow":["GET"]}}],"collection":[{"href":"https:\/\/www.europesays.com\/fr\/wp-json\/wp\/v2\/posts"}],"about":[{"href":"https:\/\/www.europesays.com\/fr\/wp-json\/wp\/v2\/types\/post"}],"author":[{"embeddable":true,"href":"https:\/\/www.europesays.com\/fr\/wp-json\/wp\/v2\/users\/2"}],"replies":[{"embeddable":true,"href":"https:\/\/www.europesays.com\/fr\/wp-json\/wp\/v2\/comments?post=358227"}],"version-history":[{"count":0,"href":"https:\/\/www.europesays.com\/fr\/wp-json\/wp\/v2\/posts\/358227\/revisions"}],"wp:featuredmedia":[{"embeddable":true,"href":"https:\/\/www.europesays.com\/fr\/wp-json\/wp\/v2\/media\/358228"}],"wp:attachment":[{"href":"https:\/\/www.europesays.com\/fr\/wp-json\/wp\/v2\/media?parent=358227"}],"wp:term":[{"taxonomy":"category","embeddable":true,"href":"https:\/\/www.europesays.com\/fr\/wp-json\/wp\/v2\/categories?post=358227"},{"taxonomy":"post_tag","embeddable":true,"href":"https:\/\/www.europesays.com\/fr\/wp-json\/wp\/v2\/tags?post=358227"}],"curies":[{"name":"wp","href":"https:\/\/api.w.org\/{rel}","templated":true}]}}