{"id":358230,"date":"2025-09-01T12:16:10","date_gmt":"2025-09-01T12:16:10","guid":{"rendered":"https:\/\/www.europesays.com\/fr\/358230\/"},"modified":"2025-09-01T12:16:10","modified_gmt":"2025-09-01T12:16:10","slug":"elle-ne-cherchera-pas-a-faire-le-buzz-assure-le-numero-2-de-france-televisions","status":"publish","type":"post","link":"https:\/\/www.europesays.com\/fr\/358230\/","title":{"rendered":"\u00ab\u00a0Elle ne cherchera pas \u00e0 faire le buzz\u00a0\u00bb, assure le num\u00e9ro\u00a02 de France T\u00e9l\u00e9visions"},"content":{"rendered":"<p>C\u2019est le grand soir\u00a0: lundi 1er\u00a0septembre 2025, <a href=\"https:\/\/www.20minutes.fr\/dossier\/lea_salame\" class=\"c-link c-link--is-underlined\" target=\"_blank\" rel=\"noopener\">L\u00e9a Salam\u00e9<\/a> fera ses <a href=\"https:\/\/www.20minutes.fr\/arts-stars\/television\/4159328-20250619-lea-salame-reprend-20-heures-france-2-annonce-depart-france-inter\" class=\"c-link c-link--is-underlined\" target=\"_blank\" rel=\"noopener\">d\u00e9buts \u00e0 la pr\u00e9sentation du 20 heures<\/a> de <a href=\"https:\/\/www.20minutes.fr\/television\/france_2\/\" class=\"c-link c-link--is-underlined\" target=\"_blank\" rel=\"noopener\">France 2<\/a>, auquel elle compte bien \u00ab\u00a0imprimer un style et une nouvelle marque\u00a0\u00bb assure, dans une interview <a href=\"https:\/\/www.telerama.fr\/television\/lea-salame-ne-cherchera-pas-a-faire-le-buzz-elle-sera-lea-salame-le-numero-2-de-france-televisions-analyse-la-rentree-7027138.php\" rel=\"nofollow noopener\" target=\"_blank\" class=\"c-link c-link--is-underlined\">accord\u00e9e \u00e0 T\u00e9l\u00e9rama<\/a>, St\u00e9phane Sitbon, directeur des antennes et des programmes de <a href=\"https:\/\/www.20minutes.fr\/television\/france_televisions\/\" class=\"c-link c-link--is-underlined\" target=\"_blank\" rel=\"noopener\">France T\u00e9l\u00e9visions<\/a>.<\/p>\n<\/p>\n<p>Pour faire face \u00e0 <a href=\"https:\/\/www.20minutes.fr\/dossier\/gilles_bouleau\" class=\"c-link c-link--is-underlined\" target=\"_blank\" rel=\"noopener\">Gilles Bouleau<\/a> et <a href=\"https:\/\/www.20minutes.fr\/arts-stars\/television\/4168596-20250825-m6-fake-news-pullulent-metier-journaliste-devient-capital-souligne-xavier-moulins\" class=\"c-link c-link--is-underlined\" target=\"_blank\" rel=\"noopener\">Xavier de Moulins<\/a>, de retour aux manettes des JT de <a href=\"https:\/\/www.20minutes.fr\/dossier\/tf1\" class=\"c-link c-link--is-underlined\" target=\"_blank\" rel=\"noopener\">TF1 <\/a>et <a href=\"https:\/\/www.20minutes.fr\/dossier\/m6\" class=\"c-link c-link--is-underlined\" target=\"_blank\" rel=\"noopener\">M6 <\/a>depuis une semaine, la journaliste franco-libanaise de 45 ans \u00ab\u00a0ne cherchera pas \u00e0 faire le buzz, elle sera L\u00e9a Salam\u00e9\u00a0\u00bb, ajoute le bras droit de la pr\u00e9sidente de France TV <a href=\"https:\/\/www.20minutes.fr\/dossier\/delphine-ernotte-cunci\" class=\"c-link c-link--is-underlined\" target=\"_blank\" rel=\"noopener\">Delphine Ernotte Cunci<\/a>.<\/p>\n<p>Renouveler sans bousculer<\/p>\n<p>En modernisant le plateau, l\u2019habillage, le g\u00e9n\u00e9rique de son <a href=\"https:\/\/www.20minutes.fr\/dossier\/20_heures\" class=\"c-link c-link--is-underlined\" target=\"_blank\" rel=\"noopener\">20 heures<\/a> \u2013 qui durera \u00ab\u00a0environ cinquante minutes\u00a0\u00bb \u2013, France 2 aspire \u00e0 \u00ab\u00a0se renouveler et reconqu\u00e9rir des t\u00e9l\u00e9spectateurs\u2026 sans tout bousculer\u00a0\u00bb, affirme-t-il, convaincu que la personnalit\u00e9 de L\u00e9a Salam\u00e9 assurera \u00ab\u00a0une info libre, de l\u2019authenticit\u00e9 et un <a href=\"https:\/\/www.20minutes.fr\/dossier\/jt\" class=\"c-link c-link--is-underlined\" target=\"_blank\" rel=\"noopener\">JT<\/a> d\u00e9coinc\u00e9\u00a0\u00bb.<\/p>\n<p><a href=\"https:\/\/www.20minutes.fr\/dossier\/lea_salame\" class=\"c-link c-btn c-btn--primary\" target=\"_blank\" rel=\"noopener\">Notre dossier \u00ab L\u00e9a Salam\u00e9 \u00bb<\/a><\/p>\n<p>Et \u00e0 ceux qui s\u2019inqui\u00e8tent du fait que <a href=\"https:\/\/www.20minutes.fr\/arts-stars\/culture\/2378199-20181122-lea-salame-parle-compagnon-raphael-glucksmann\" class=\"c-link c-link--is-underlined\" target=\"_blank\" rel=\"noopener\">la compagne de Rapha\u00ebl Glucksmann<\/a>, d\u00e9put\u00e9 europ\u00e9en de gauche, s\u2019installe au moment o\u00f9 s\u2019ouvre \u00ab\u00a0une p\u00e9riode politique intense\u00a0\u00bb, St\u00e9phane Sitbon assure qu\u2019elle \u00ab\u00a0<a href=\"https:\/\/www.20minutes.fr\/politique\/4159992-20250623-raphael-glucksmann-assure-conflit-interet-tranche-lea-salame-candidat-2027\" class=\"c-link c-link--is-underlined\" target=\"_blank\" rel=\"noopener\">elle se mettra en retrait<\/a> de l\u2019antenne le temps des campagnes \u00e9lectorales officielles, <a href=\"https:\/\/www.20minutes.fr\/arts-stars\/medias\/2473467-20190315-europeennes-compagnon-raphael-glucksmann-candidat-lea-salame-met-retrait-france-inter-france-2\" class=\"c-link c-link--is-underlined\" target=\"_blank\" rel=\"noopener\">comme elle l\u2019a d\u00e9j\u00e0 fait<\/a>\u00a0\u00bb.<\/p>\n","protected":false},"excerpt":{"rendered":"C\u2019est le grand soir\u00a0: lundi 1er\u00a0septembre 2025, L\u00e9a Salam\u00e9 fera ses d\u00e9buts \u00e0 la pr\u00e9sentation du 20 heures&hellip;\n","protected":false},"author":2,"featured_media":358231,"comment_status":"","ping_status":"","sticky":false,"template":"","format":"standard","meta":{"footnotes":""},"categories":[8],"tags":[32367,21313,58,59,1011,27,2400,594,2383,19839,34700,3806,494,15923,252,199,133],"class_list":{"0":"post-358230","1":"post","2":"type-post","3":"status-publish","4":"format-standard","5":"has-post-thumbnail","7":"category-divertissement","8":"tag-20-heures","9":"tag-anne-sophie-lapix","10":"tag-divertissement","11":"tag-entertainment","12":"tag-fr","13":"tag-france","14":"tag-france-televisions","15":"tag-france-2","16":"tag-gauche","17":"tag-gilles-bouleau","18":"tag-jt","19":"tag-lea-salame","20":"tag-m6","21":"tag-raphael-glucksmann","22":"tag-television","23":"tag-tf1","24":"tag-video"},"share_on_mastodon":{"url":"https:\/\/pubeurope.com\/@fr\/115128997235613267","error":""},"_links":{"self":[{"href":"https:\/\/www.europesays.com\/fr\/wp-json\/wp\/v2\/posts\/358230","targetHints":{"allow":["GET"]}}],"collection":[{"href":"https:\/\/www.europesays.com\/fr\/wp-json\/wp\/v2\/posts"}],"about":[{"href":"https:\/\/www.europesays.com\/fr\/wp-json\/wp\/v2\/types\/post"}],"author":[{"embeddable":true,"href":"https:\/\/www.europesays.com\/fr\/wp-json\/wp\/v2\/users\/2"}],"replies":[{"embeddable":true,"href":"https:\/\/www.europesays.com\/fr\/wp-json\/wp\/v2\/comments?post=358230"}],"version-history":[{"count":0,"href":"https:\/\/www.europesays.com\/fr\/wp-json\/wp\/v2\/posts\/358230\/revisions"}],"wp:featuredmedia":[{"embeddable":true,"href":"https:\/\/www.europesays.com\/fr\/wp-json\/wp\/v2\/media\/358231"}],"wp:attachment":[{"href":"https:\/\/www.europesays.com\/fr\/wp-json\/wp\/v2\/media?parent=358230"}],"wp:term":[{"taxonomy":"category","embeddable":true,"href":"https:\/\/www.europesays.com\/fr\/wp-json\/wp\/v2\/categories?post=358230"},{"taxonomy":"post_tag","embeddable":true,"href":"https:\/\/www.europesays.com\/fr\/wp-json\/wp\/v2\/tags?post=358230"}],"curies":[{"name":"wp","href":"https:\/\/api.w.org\/{rel}","templated":true}]}}