{"id":358234,"date":"2025-09-01T12:18:11","date_gmt":"2025-09-01T12:18:11","guid":{"rendered":"https:\/\/www.europesays.com\/fr\/358234\/"},"modified":"2025-09-01T12:18:11","modified_gmt":"2025-09-01T12:18:11","slug":"pourquoi-votre-facture-denergie-est-sous-haute-tension","status":"publish","type":"post","link":"https:\/\/www.europesays.com\/fr\/358234\/","title":{"rendered":"pourquoi votre facture d&rsquo;\u00e9nergie est sous haute tension"},"content":{"rendered":"<p>              <img decoding=\"async\" class=\"article-author__picture webp\" src=\"https:\/\/www.europesays.com\/fr\/wp-content\/uploads\/2025\/04\/matias-perea-85px.jpg.webp\" alt=\"Matias Perea\"\/><\/p>\n<p class=\"article-author__info--name\"> Par<br \/>\n                      <a href=\"https:\/\/selectra.info\/equipe\/matias\" target=\"_blank\" rel=\"noopener author nofollow\"> Matias Perea <\/a><\/p>\n<p class=\"article-author__info--description\"> Analyste \u00c9nergie <\/p>\n<p>        Publi\u00e9 le<\/p>\n<p>                                01\/09\/2025<\/p>\n<p>            min de lecture\n        <\/p>\n<p class=\"title\">L&rsquo;INFO QUI FAIT BAISSER VOTRE FACTURE<\/p>\n<ul class=\"list--check\">\n<li><strong>Alertes Baisse des Prix<\/strong> en temps r\u00e9el<\/li>\n<li><strong>Nouvelles Aides de l&rsquo;\u00c9tat<\/strong> d\u00e9crypt\u00e9es pour vous<\/li>\n<li><strong>Bons Plans Exclusifs<\/strong> de nos experts<\/li>\n<\/ul>\n<p style=\"margin-top:15px;\">Rejoignez des milliers de Fran\u00e7ais et recevez gratuitement l&rsquo;essentiel de l&rsquo;actu \u00e9nergie sur votre canal pr\u00e9f\u00e9r\u00e9.<\/p>\n<p class=\"intro\">Alors que l&rsquo;incertitude politique plane avant le vote de confiance, ce 1er septembre 2025 marque une acc\u00e9l\u00e9ration des r\u00e9formes dans le secteur de l&rsquo;\u00e9nergie. Le gouvernement durcit les r\u00e8gles pour MaPrimeR\u00e9nov&rsquo; et pousse en urgence de nouveaux dispositifs CEE, tandis que le contexte social se tend avec un appel \u00e0 la gr\u00e8ve. Sur le terrain, les effets du climat se font sentir sur le parc nucl\u00e9aire. Selectra d\u00e9crypte une actualit\u00e9 charg\u00e9e, o\u00f9 la politique int\u00e9rieure et les enjeux \u00e9nerg\u00e9tiques sont plus que jamais li\u00e9s.<\/p>\n<p class=\"in-short--title col-xs-12 text--center\">R\u00e9sumer cet article avec\u00a0:<\/p>\n<p>Politiques publiques et fiscalit\u00e9 en France<\/p>\n<ul class=\"list--check\">\n<li><strong>MaPrimeR\u00e9nov&rsquo; : le gouvernement lance une grande offensive contre la fraude<\/strong> : Face \u00e0 la multiplication des fraudes, de nouvelles mesures de contr\u00f4le sont mises en place. Au programme : des sanctions financi\u00e8res renforc\u00e9es, la cr\u00e9ation d&rsquo;une commission d\u00e9di\u00e9e au sein de l&rsquo;ANAH et la publication des sanctions. Par ailleurs, d\u00e8s 2026, l&rsquo;agr\u00e9ment des Accompagnateurs R\u00e9nov&rsquo; sera encadr\u00e9 territorialement pour plus d&rsquo;efficacit\u00e9. <a href=\"https:\/\/www.journaldelagence.com\/1407092-professionnels-de-limmobilier-preparez-vous-maprimerenov-passe-a-lere-du-controle-renforce\" target=\"_blank\" rel=\"noopener noreferrer nofollow\">Plus d&rsquo;infos<\/a><\/li>\n<li><strong>Pompes \u00e0 chaleur : un nouveau coup de pouce via les CEE<\/strong> : \u00c0 partir du 1er octobre 2025, un bonus temporaire sera introduit dans le dispositif des certificats d&rsquo;\u00e9conomie d&rsquo;\u00e9nergie (CEE) pour encourager l&rsquo;installation de pompes \u00e0 chaleur, dans un contexte de transition vers des modes de chauffage plus d\u00e9carbon\u00e9s. <a href=\"https:\/\/www.batiactu.com\/edito\/fiches-cee-pompes-a-chaleur-modifications-programmees-72159.php\" target=\"_blank\" rel=\"noopener noreferrer nofollow\">Plus d&rsquo;infos<\/a><\/li>\n<li><strong>Contexte politique tendu : le gouvernement acc\u00e9l\u00e8re sur trois arr\u00eat\u00e9s CEE<\/strong> : Pour anticiper le vote de confiance du 8 septembre, la s\u00e9ance du Conseil sup\u00e9rieur de l\u2019\u00e9nergie a \u00e9t\u00e9 avanc\u00e9e au 4 septembre. Trois projets d&rsquo;arr\u00eat\u00e9s CEE y seront examin\u00e9s en urgence, concernant la d\u00e9carbonation de l&rsquo;industrie, les aides \u00e0 l&rsquo;achat de v\u00e9hicules \u00e9lectriques et un bonus renforc\u00e9 pour ceux produits en Europe. <a href=\"https:\/\/www.contexte.com\/fr\/actualite\/energie\/documents-des-arretes-cee-passes-en-urgence-au-cse-avant-la-possible-chute-du-gouvernement_237384\" target=\"_blank\" rel=\"noopener noreferrer nofollow\">Plus d&rsquo;infos<\/a><\/li>\n<\/ul>\n<p>Production et march\u00e9s de l&rsquo;\u00e9nergie<\/p>\n<ul class=\"list--check\">\n<li><strong>S\u00e9cheresse : un r\u00e9acteur nucl\u00e9aire de 1,5 GW \u00e0 l&rsquo;arr\u00eat forc\u00e9<\/strong> : Le r\u00e9acteur Chooz 2 a \u00e9t\u00e9 mis \u00e0 l&rsquo;arr\u00eat en raison du faible d\u00e9bit de la Meuse, caus\u00e9 par le manque de pr\u00e9cipitations. Cette interruption, qui pourrait durer plusieurs jours, devrait entra\u00eener une perte de production estim\u00e9e entre 67 et 72 GWh. <a href=\"https:\/\/montelnews.com\/news\/34da96e3-68f5-45fe-b74d-ca93a13c5062\/chooz-reactor-shutdown-sparks-output-fears-at-3-gw-french-plant\" target=\"_blank\" rel=\"noopener noreferrer nofollow\">Plus d&rsquo;infos<\/a><\/li>\n<li><strong>\u00c9lectricit\u00e9 et gaz : la CGT appelle \u00e0 la gr\u00e8ve d\u00e8s le 2 septembre<\/strong> : Le syndicat lance un appel \u00e0 la gr\u00e8ve dans le secteur de l&rsquo;\u00e9nergie pour r\u00e9clamer notamment une revalorisation salariale allant jusqu&rsquo;\u00e0 9 % et l&rsquo;abaissement de la TVA sur l&rsquo;\u00e9nergie \u00e0 5,5 %. Environ 200 piquets de gr\u00e8ve sont pr\u00e9vus \u00e0 travers le pays. <a href=\"https:\/\/www.lemonde.fr\/economie\/article\/2025\/09\/01\/la-cgt-appelle-a-la-greve-des-le-2-septembre-dans-le-secteur-de-l-electricite-et-du-gaz_6637935_3234.html\" target=\"_blank\" rel=\"noopener noreferrer nofollow\">Plus d&rsquo;infos<\/a><\/li>\n<\/ul>\n<p>La France et l&rsquo;Europe face \u00e0 la transition \u00e9nerg\u00e9tique<\/p>\n<ul class=\"list--check\">\n<li><strong>Interdiction du gaz russe : un nouveau compromis pour durcir le ton ?<\/strong> : Un projet de la pr\u00e9sidence danoise de l&rsquo;UE, qui sera discut\u00e9 demain, propose de renforcer le contr\u00f4le sur les importations de gaz russe. Il obligerait les importateurs \u00e0 d\u00e9clarer l&rsquo;origine du gaz un mois \u00e0 l&rsquo;avance et \u00e0 prouver la part non-russe des cargaisons de GNL. La date d&rsquo;interdiction, initialement fix\u00e9e au 1er janvier 2026, est d\u00e9sormais n\u00e9gociable. <a href=\"https:\/\/www.contexte.com\/fr\/actualite\/energie\/document-interdiction-du-gaz-russe-le-nouveau-compromis-de-la-presidence-du-conseil-renforce-les-controles-sur-lorigine_237429\" target=\"_blank\" rel=\"noopener noreferrer nofollow\">Plus d&rsquo;infos<\/a><\/li>\n<\/ul>\n<p class=\"title\">L&rsquo;INFO QUI FAIT BAISSER VOTRE FACTURE<\/p>\n<ul class=\"list--check\">\n<li><strong>Alertes Baisse des Prix<\/strong> en temps r\u00e9el<\/li>\n<li><strong>Nouvelles Aides de l&rsquo;\u00c9tat<\/strong> d\u00e9crypt\u00e9es pour vous<\/li>\n<li><strong>Bons Plans Exclusifs<\/strong> de nos experts<\/li>\n<\/ul>\n<p style=\"margin-top:15px;\">Rejoignez des milliers de Fran\u00e7ais et recevez gratuitement l&rsquo;essentiel de l&rsquo;actu \u00e9nergie sur votre canal pr\u00e9f\u00e9r\u00e9.<\/p>\n<p>      Avez-vous trouv\u00e9 cet article utile ?<\/p>\n<p>100% des 1 votes trouvent l&rsquo;information utile.<\/p>\n","protected":false},"excerpt":{"rendered":"Par Matias Perea Analyste \u00c9nergie Publi\u00e9 le 01\/09\/2025 min de lecture L&rsquo;INFO QUI FAIT BAISSER VOTRE FACTURE Alertes&hellip;\n","protected":false},"author":2,"featured_media":253666,"comment_status":"","ping_status":"","sticky":false,"template":"","format":"standard","meta":{"footnotes":""},"categories":[6],"tags":[35,33,34,1011,27],"class_list":{"0":"post-358234","1":"post","2":"type-post","3":"status-publish","4":"format-standard","5":"has-post-thumbnail","7":"category-economie","8":"tag-business","9":"tag-economie","10":"tag-economy","11":"tag-fr","12":"tag-france"},"share_on_mastodon":{"url":"https:\/\/pubeurope.com\/@fr\/115129005212999733","error":""},"_links":{"self":[{"href":"https:\/\/www.europesays.com\/fr\/wp-json\/wp\/v2\/posts\/358234","targetHints":{"allow":["GET"]}}],"collection":[{"href":"https:\/\/www.europesays.com\/fr\/wp-json\/wp\/v2\/posts"}],"about":[{"href":"https:\/\/www.europesays.com\/fr\/wp-json\/wp\/v2\/types\/post"}],"author":[{"embeddable":true,"href":"https:\/\/www.europesays.com\/fr\/wp-json\/wp\/v2\/users\/2"}],"replies":[{"embeddable":true,"href":"https:\/\/www.europesays.com\/fr\/wp-json\/wp\/v2\/comments?post=358234"}],"version-history":[{"count":0,"href":"https:\/\/www.europesays.com\/fr\/wp-json\/wp\/v2\/posts\/358234\/revisions"}],"wp:featuredmedia":[{"embeddable":true,"href":"https:\/\/www.europesays.com\/fr\/wp-json\/wp\/v2\/media\/253666"}],"wp:attachment":[{"href":"https:\/\/www.europesays.com\/fr\/wp-json\/wp\/v2\/media?parent=358234"}],"wp:term":[{"taxonomy":"category","embeddable":true,"href":"https:\/\/www.europesays.com\/fr\/wp-json\/wp\/v2\/categories?post=358234"},{"taxonomy":"post_tag","embeddable":true,"href":"https:\/\/www.europesays.com\/fr\/wp-json\/wp\/v2\/tags?post=358234"}],"curies":[{"name":"wp","href":"https:\/\/api.w.org\/{rel}","templated":true}]}}