{"id":358235,"date":"2025-09-01T12:19:17","date_gmt":"2025-09-01T12:19:17","guid":{"rendered":"https:\/\/www.europesays.com\/fr\/358235\/"},"modified":"2025-09-01T12:19:17","modified_gmt":"2025-09-01T12:19:17","slug":"rudy-giuliani-ex-maire-de-new-york-et-ancien-avocat-de-donald-trump-victime-dun-accident-de-la-route","status":"publish","type":"post","link":"https:\/\/www.europesays.com\/fr\/358235\/","title":{"rendered":"Rudy Giuliani, ex-maire de New York et ancien avocat de Donald Trump, victime d\u2019un accident de la route"},"content":{"rendered":"<p class=\"paragraph text_align_left lp-f-body-02\">\u00ab\u00a0Il a \u00e9t\u00e9 bless\u00e9, mais son moral est bon et il se r\u00e9tablit tr\u00e8s bien\u00a0\u00bb. <a href=\"https:\/\/www.leparisien.fr\/faits-divers\/lancien-avocat-de-donald-trump-rudy-giuliani-oblige-de-se-separer-de-son-patrimoine-apres-avoir-ete-condamne-en-diffamation-23-10-2024-YHYYQNSO6NDQ7FTP7L77GWMF3I.php\" target=\"_blank\" rel=\"noreferrer nofollow noopener\">Rudy Giuliani, ex-maire de New York et ancien avocat du pr\u00e9sident am\u00e9ricain Donald Trump<\/a>, a \u00e9t\u00e9 bless\u00e9 dans un accident de voiture, ce samedi soir, dans le New Hampshire (\u00c9tats-Unis), apr\u00e8s avoir port\u00e9 assistance \u00e0 une victime de violences conjugales, a fait savoir le chef de sa s\u00e9curit\u00e9, Michael Ragusa sur X.<\/p>\n<blockquote class=\"twitter-tweet\">\n<p lang=\"en\" dir=\"ltr\"><a href=\"https:\/\/twitter.com\/RudyGiuliani?ref_src=twsrc%5Etfw\" rel=\"nofollow noopener\" target=\"_blank\">@RudyGiuliani<\/a> was in a car accident in NH on Aug 30 after assisting a domestic violence victim. He sustained injuries but is in good spirits and recovering tremendously. Thank you for the prayers &amp; support. \ud83d\ude4f official statement below. <a href=\"https:\/\/t.co\/ohYJCcXpjR\" rel=\"nofollow\">pic.twitter.com\/ohYJCcXpjR<\/a><\/p>\n<p>\u2014 Michael Ragusa (@themikeragu) <a href=\"https:\/\/twitter.com\/themikeragu\/status\/1962211227372863536?ref_src=twsrc%5Etfw\" rel=\"nofollow noopener\" target=\"_blank\">August 31, 2025<\/a><\/p><\/blockquote>\n<p class=\"paragraph text_align_left lp-f-body-02\">Quelques minutes avant l\u2019accident, les secours district sud de New York avaient \u00e9t\u00e9 inform\u00e9s d\u2019un incident impliquant une femme bless\u00e9e lors d\u2019un \u00e9pisode de violence conjugale, a pr\u00e9cis\u00e9 Michael Ragusa.<\/p>\n<p class=\"paragraph text_align_left lp-f-body-02\">\u00ab\u00a0Le maire Giuliani lui a imm\u00e9diatement port\u00e9 secours et a appel\u00e9 le 911\u00a0\u00bb, a-t-il expliqu\u00e9, ajoutant que l\u2019ancien avocat de Donald Trump, \u00e2g\u00e9 de 81\u00a0ans, \u00ab\u00a0est rest\u00e9 sur place jusqu\u2019\u00e0 l\u2019arriv\u00e9e des secours pour assurer sa s\u00e9curit\u00e9.\u00a0\u00bb<\/p>\n<p>\u00ab\u00a0Personne ne savait que c\u2019\u00e9tait lui\u00a0\u00bb<\/p>\n<p class=\"paragraph text_align_left lp-f-body-02\">C\u2019est apr\u00e8s cette intervention, en repartant en voiture sur l\u2019autoroute, que \u00ab\u00a0l\u2019accident est survenu\u00a0\u00bb, a expliqu\u00e9 le chef de sa s\u00e9curit\u00e9. La voiture de <a href=\"https:\/\/www.leparisien.fr\/international\/etats-unis\/lancien-avocat-de-trump-et-ex-maire-de-new-york-rudy-giuliani-se-declare-en-faillite-22-12-2023-ROCMS2M6CRBFZDNUGSRWF7WQTQ.php\" target=\"_blank\" rel=\"noreferrer nofollow noopener\">Rudy Giuliani<\/a> \u00ab\u00a0a \u00e9t\u00e9 percut\u00e9e \u00e0 grande vitesse par l\u2019arri\u00e8re\u00a0\u00bb, a-t-il d\u00e9taill\u00e9, pr\u00e9cisant que l\u2019ancien maire de New York, qui a \u00e9t\u00e9 hospitalis\u00e9, souffre d\u2019une vert\u00e8bre fractur\u00e9e, de plusieurs coupures et contusions et de blessures au bras et \u00e0 la jambe gauches.<\/p>\n<p class=\"lp-card-podcast-highlighting__title  lp-f-subtitle-05\">[4\/4] C\u00e9cile Vallin, les secrets d\u2019une disparition<\/p>\n<p class=\"lp-card-podcast-highlighting__description lp-f-ui-05\">Crime story raconte chaque semaine les grandes affaires criminelles.<\/p>\n<p><a class=\"lp-card-podcast-highlighting__call-to-action\" data-page-type=\"HP\" data-block-name=\"podcast-highlight\">\u00c9couter<\/a><\/p>\n<p class=\"paragraph text_align_left lp-f-body-02\">\u00ab\u00a0Il a \u00e9t\u00e9 bless\u00e9, mais son moral est bon et il se r\u00e9tablit tr\u00e8s bien\u00a0\u00bb, a rassur\u00e9 Michael Ragusa, ajoutant qu\u2019il \u00ab\u00a0ne s\u2019agissait pas d\u2019une attaque cibl\u00e9e\u00a0\u00bb. Rudy Giuliani se trouvait dans une voiture de location et \u00ab\u00a0personne ne savait que c\u2019\u00e9tait lui\u00a0\u00bb, a-t-il ajout\u00e9.<\/p>\n<p class=\"paragraph text_align_left lp-f-body-02\">\u00ab\u00a0Merci \u00e0 toutes les personnes qui m\u2019ont contact\u00e9 en apprenant la nouvelle \u00e0 propos de mon p\u00e8re\u00a0\u00bb, a \u00e9crit Andrew Giuliani, le fils de Rudy, dans un message publi\u00e9 sur X.<\/p>\n<blockquote class=\"twitter-tweet\">\n<p lang=\"en\" dir=\"ltr\">Thank you to all the people that have reached out since learning the news about my Father. Your prayers mean the world. <\/p>\n<p>As a son, I can tell you I\u2019m honored to have a Dad that I can call the toughest SOB I\u2019ve ever seen! \ud83c\uddfa\ud83c\uddf8\ud83d\ude4f<\/p>\n<p>\u2014 Andrew H. Giuliani (@AndrewHGiuliani) <a href=\"https:\/\/twitter.com\/AndrewHGiuliani\/status\/1962234222929666373?ref_src=twsrc%5Etfw\" rel=\"nofollow noopener\" target=\"_blank\">August 31, 2025<\/a><\/p><\/blockquote>\n<p class=\"paragraph text_align_left lp-f-body-02\">\u00ab\u00a0Vos pri\u00e8res sont pr\u00e9cieuses\u00a0\u00bb, a-t-il ajout\u00e9.<\/p>\n<p><script async src=\"https:\/\/platform.twitter.com\/widgets.js\" charset=\"utf-8\"><\/script><\/p>\n","protected":false},"excerpt":{"rendered":"\u00ab\u00a0Il a \u00e9t\u00e9 bless\u00e9, mais son moral est bon et il se r\u00e9tablit tr\u00e8s bien\u00a0\u00bb. Rudy Giuliani, ex-maire&hellip;\n","protected":false},"author":2,"featured_media":358236,"comment_status":"","ping_status":"","sticky":false,"template":"","format":"standard","meta":{"footnotes":""},"categories":[5],"tags":[11,118,1011,27,14,12,28],"class_list":{"0":"post-358235","1":"post","2":"type-post","3":"status-publish","4":"format-standard","5":"has-post-thumbnail","7":"category-international","8":"tag-actualites","9":"tag-faits-divers","10":"tag-fr","11":"tag-france","12":"tag-international","13":"tag-news","14":"tag-world"},"share_on_mastodon":{"url":"https:\/\/pubeurope.com\/@fr\/115129009083454253","error":""},"_links":{"self":[{"href":"https:\/\/www.europesays.com\/fr\/wp-json\/wp\/v2\/posts\/358235","targetHints":{"allow":["GET"]}}],"collection":[{"href":"https:\/\/www.europesays.com\/fr\/wp-json\/wp\/v2\/posts"}],"about":[{"href":"https:\/\/www.europesays.com\/fr\/wp-json\/wp\/v2\/types\/post"}],"author":[{"embeddable":true,"href":"https:\/\/www.europesays.com\/fr\/wp-json\/wp\/v2\/users\/2"}],"replies":[{"embeddable":true,"href":"https:\/\/www.europesays.com\/fr\/wp-json\/wp\/v2\/comments?post=358235"}],"version-history":[{"count":0,"href":"https:\/\/www.europesays.com\/fr\/wp-json\/wp\/v2\/posts\/358235\/revisions"}],"wp:featuredmedia":[{"embeddable":true,"href":"https:\/\/www.europesays.com\/fr\/wp-json\/wp\/v2\/media\/358236"}],"wp:attachment":[{"href":"https:\/\/www.europesays.com\/fr\/wp-json\/wp\/v2\/media?parent=358235"}],"wp:term":[{"taxonomy":"category","embeddable":true,"href":"https:\/\/www.europesays.com\/fr\/wp-json\/wp\/v2\/categories?post=358235"},{"taxonomy":"post_tag","embeddable":true,"href":"https:\/\/www.europesays.com\/fr\/wp-json\/wp\/v2\/tags?post=358235"}],"curies":[{"name":"wp","href":"https:\/\/api.w.org\/{rel}","templated":true}]}}