{"id":358237,"date":"2025-09-01T12:20:15","date_gmt":"2025-09-01T12:20:15","guid":{"rendered":"https:\/\/www.europesays.com\/fr\/358237\/"},"modified":"2025-09-01T12:20:15","modified_gmt":"2025-09-01T12:20:15","slug":"mathilde-panot-menace-deja-de-ne-pas-soutenir-les-socialistes-qui-simaginent-a-matignon","status":"publish","type":"post","link":"https:\/\/www.europesays.com\/fr\/358237\/","title":{"rendered":"Mathilde Panot menace d\u00e9j\u00e0 de ne pas soutenir les socialistes qui s\u2019imaginent \u00e0 Matignon"},"content":{"rendered":"<p>        <img decoding=\"async\" loading=\"lazy\" src=\"https:\/\/www.europesays.com\/fr\/wp-content\/uploads\/2025\/09\/e4338cd_upload-1-5tiibq3vf3rz-capture-da-ei-cran-2025-09-01-ai-10-56-26.png\"  width=\"728\" height=\"409\" alt=\"Mathilde Panot, sur le plateau de T\u00e9l\u00e9matin lundi 1er septembre 2025. (Capture d\u2019\u00e9cran France 2)\"\/>   <\/p>\n<p>Mathilde Panot, sur le plateau de T\u00e9l\u00e9matin lundi 1er septembre 2025. (Capture d\u2019\u00e9cran France 2)<\/p>\n<p class=\"asset asset-text\">POLITIQUE &#8211; Elle para\u00eet loin l\u2019alliance des l\u00e9gislatives. Alors que les relations entre insoumis et socialistes sont de <a href=\"https:\/\/www.huffingtonpost.fr\/politique\/article\/le-retour-du-nfp-avec-la-chute-de-bayrou-ps-et-lfi-posent-leurs-limites_254046.html\" target=\"_blank\" rel=\"noopener\">plus en plus tendues<\/a>, la probable chute du <a href=\"https:\/\/www.huffingtonpost.fr\/politique\/article\/francois-bayrou-veut-se-sauver-sans-rien-conceder-a-une-semaine-du-vote-de-confiance_254219.html\" target=\"_blank\" rel=\"noopener\">gouvernement Bayrou<\/a> \u00e0 venir ne garantit pas de rabibocher les deux partis. Bien au contraire. Tandis que le Premier secr\u00e9taire du PS Olivier Faure avance ses pions vers Matignon, et la pr\u00e9sidente du groupe Insoumis \u00e0 l\u2019Assembl\u00e9e, Mathilde Panot, lui promet des b\u00e2tons dans les roues.<\/p>\n<p class=\"asset asset-text\">Dans une interview \u00e0 BFM Politique dimanche 31\u00a0ao\u00fbt, Olivier Faure a confirm\u00e9 que les d\u00e9put\u00e9s socialistes ne <a href=\"https:\/\/www.huffingtonpost.fr\/politique\/article\/pour-olivier-faure-la-decision-du-parti-socialiste-sur-le-vote-de-confiance-est-irrevocable_254209.html\" target=\"_blank\" rel=\"noopener\">voteront pas la confiance<\/a> \u00e0 Fran\u00e7ois Bayrou le 8\u00a0septembre. Le dirigeant de gauche a aussi r\u00e9it\u00e9r\u00e9 sa volont\u00e9 de voir les socialistes prendre la suite du gouvernement Bayrou, tout en pr\u00e9cisant les p\u00e9rim\u00e8tres de celui-ci\u00a0: des socialistes bien s\u00fbr, des \u00e9cologistes et des communistes, mais pas de ministre LFI.<\/p>\n<p class=\"asset asset-text\">Une promesse qui n\u2019\u00e9meut visiblement pas le parti concern\u00e9, pas int\u00e9ress\u00e9 par un gouvernement autre que le sien, comme l\u2019avait d\u00e9j\u00e0 expliqu\u00e9 <a href=\"https:\/\/www.huffingtonpost.fr\/politique\/article\/jean-luc-melenchon-salue-la-dignite-de-francois-bayrou-et-annonce-vouloir-destituer-emmanuel-macron_253996.html\" target=\"_blank\" rel=\"noopener\">Jean-Luc M\u00e9lenchon<\/a> lors de son discours aux universit\u00e9s d\u2019\u00e9t\u00e9 insoumises le 26\u00a0ao\u00fbt. \u00ab\u00a0Nous ne soutiendrons aucun parti que le n\u00f4tre, est-ce que c\u2019est clair\u00a0?\u00a0\u00bb, avait-il lanc\u00e9 notamment \u00e0 l\u2019adresse des socialistes. Ce lundi 1er\u00a0septembre, la cheffe des d\u00e9put\u00e9s insoumis \u00e0 l\u2019Assembl\u00e9e nationale Mathilde Panot va plus loin dans la menace, et place le PS en adversaire.<\/p>\n<p>    LFI pour un \u00ab\u00a0programme de rupture\u00a0\u00bb    <\/p>\n<p class=\"asset asset-text\">\u00c0 la question de censurer un gouvernement dirig\u00e9 par Olivier Faure, la patronne insoumise assure sur France 2\u00a0que ses troupes \u00ab\u00a0n\u2019accorderaient pas de confiance \u00e0 un gouvernement qui ne porte pas le programme de rupture sur lesquels les socialistes ont \u00e9t\u00e9 \u00e9lus\u00a0\u00bb. \u00ab\u00a0Nous ne voulons pas participer \u00e0 un bricolage qui permet d\u2019une mani\u00e8re ou d\u2019une autre, de continuer une politique macroniste\u00a0\u00bb, a-t-elle encore pr\u00e9venu comme une forme de mise en garde \u00e0 l\u2019encontre des socialistes.<\/p>\n<p class=\"asset asset-text\">Si Olivier Faure estime que Jean-Luc M\u00e9lenchon \u00ab\u00a0aurait du mal\u00a0\u00bb \u00e0 expliquer aux Fran\u00e7ais qu\u2019un gouvernement de gauche serait censur\u00e9 par La France insoumise, LFI n\u2019y voit visiblement aucune difficult\u00e9.<\/p>\n","protected":false},"excerpt":{"rendered":"Mathilde Panot, sur le plateau de T\u00e9l\u00e9matin lundi 1er septembre 2025. (Capture d\u2019\u00e9cran France 2) POLITIQUE &#8211; Elle&hellip;\n","protected":false},"author":2,"featured_media":358238,"comment_status":"","ping_status":"","sticky":false,"template":"","format":"standard","meta":{"footnotes":""},"categories":[4],"tags":[11,1011,27,14552,12,4484,316,25,49393],"class_list":{"0":"post-358237","1":"post","2":"type-post","3":"status-publish","4":"format-standard","5":"has-post-thumbnail","7":"category-france","8":"tag-actualites","9":"tag-fr","10":"tag-france","11":"tag-mathilde-panot","12":"tag-news","13":"tag-parti-socialiste-ps","14":"tag-politique","15":"tag-republique-francaise","16":"tag-vote-de-confiance"},"share_on_mastodon":{"url":"https:\/\/pubeurope.com\/@fr\/115129013042033907","error":""},"_links":{"self":[{"href":"https:\/\/www.europesays.com\/fr\/wp-json\/wp\/v2\/posts\/358237","targetHints":{"allow":["GET"]}}],"collection":[{"href":"https:\/\/www.europesays.com\/fr\/wp-json\/wp\/v2\/posts"}],"about":[{"href":"https:\/\/www.europesays.com\/fr\/wp-json\/wp\/v2\/types\/post"}],"author":[{"embeddable":true,"href":"https:\/\/www.europesays.com\/fr\/wp-json\/wp\/v2\/users\/2"}],"replies":[{"embeddable":true,"href":"https:\/\/www.europesays.com\/fr\/wp-json\/wp\/v2\/comments?post=358237"}],"version-history":[{"count":0,"href":"https:\/\/www.europesays.com\/fr\/wp-json\/wp\/v2\/posts\/358237\/revisions"}],"wp:featuredmedia":[{"embeddable":true,"href":"https:\/\/www.europesays.com\/fr\/wp-json\/wp\/v2\/media\/358238"}],"wp:attachment":[{"href":"https:\/\/www.europesays.com\/fr\/wp-json\/wp\/v2\/media?parent=358237"}],"wp:term":[{"taxonomy":"category","embeddable":true,"href":"https:\/\/www.europesays.com\/fr\/wp-json\/wp\/v2\/categories?post=358237"},{"taxonomy":"post_tag","embeddable":true,"href":"https:\/\/www.europesays.com\/fr\/wp-json\/wp\/v2\/tags?post=358237"}],"curies":[{"name":"wp","href":"https:\/\/api.w.org\/{rel}","templated":true}]}}