{"id":358241,"date":"2025-09-01T12:22:09","date_gmt":"2025-09-01T12:22:09","guid":{"rendered":"https:\/\/www.europesays.com\/fr\/358241\/"},"modified":"2025-09-01T12:22:09","modified_gmt":"2025-09-01T12:22:09","slug":"emploi-formation-creation-la-ville-de-saint-etienne-lance-une-plateforme-dediee","status":"publish","type":"post","link":"https:\/\/www.europesays.com\/fr\/358241\/","title":{"rendered":"Emploi, formation, cr\u00e9ation\u2026 la Ville de Saint-Etienne lance une plateforme d\u00e9di\u00e9e"},"content":{"rendered":"<p class=\"is-style-chapo\">La Ville de Saint-Etienne vient de mettre en ligne une plateforme d\u00e9di\u00e9e \u00e0 l\u2019emploi, \u00e0 destination du grand public. Con\u00e7ue en partenariat avec les acteurs du secteur, et dans le cadre du Plan local jeunes, elle vise \u00e0 informer et \u00e0 rendre davantage visibles les m\u00e9tiers en tension.<\/p>\n<p><img loading=\"lazy\" decoding=\"async\" width=\"1024\" height=\"576\" src=\"https:\/\/www.europesays.com\/fr\/wp-content\/uploads\/2025\/09\/Capture-decran-2025-09-01-a-09.28.24-1024x576.jpg\" alt=\"\" class=\"wp-image-80336\"  \/><\/p>\n<p>Sur un an, dans la Loire, la Dares rapporte que le nombre de <a href=\"https:\/\/www.if-saint-etienne.fr\/societe\/chomage-dans-la-loire-les-nouveaux-chiffres-de-france-travail-apres-integration-de-la-lpe\" target=\"_blank\" rel=\"noreferrer noopener\">demandeurs d\u2019emploi<\/a> en cat\u00e9gories A, B, C, donc tenus de chercher un emploi, a augment\u00e9 de 3,2 %. Celui des seuls A de 4,6 %\u2026 Cette hausse a plus s\u00e9v\u00e8rement impact\u00e9 les moins de 25 ans (5 710 au 2\u00e8me trimestre 2025 ; + 15,8 %) que les 25-49 ans (18 300, +3,3 %) et + de 50 ans (8 850, +1,5 %).<\/p>\n<p>L\u2019an dernier, la Mission locale de Saint-Etienne mettait en place, en partenariat avec la Municipalit\u00e9, un Plan local jeunes, pour notamment faciliter l\u2019insertion professionnelle. Dans ce cadre, la Ville de Saint-Etienne vient de mettre en ligne une plateforme emploi-entreprises, \u00e0 destination de tous les habitants en recherche d\u2019emploi ou en reconversion. Un portail est \u00e9galement propos\u00e9 aux entreprises\u2026<\/p>\n<p>5 000 offres<\/p>\n<p>Les St\u00e9phanois peuvent d\u2019ores et d\u00e9j\u00e0 se rendre sur <a href=\"https:\/\/emploi.saint-etienne.fr\/\" target=\"_blank\" rel=\"noreferrer noopener\">https:\/\/emploi.saint-etienne.fr\/<\/a>,\u00a0ou via l\u2019application MobiliSE. Ils y trouveront les rubriques Actualit\u00e9s, Formation, Outils et Offres France Travail. \u00ab\u00a0Le site permet d\u2019avoir acc\u00e8s \u00e0 l\u2019ensemble des offres d\u2019emploi du territoire, d\u00e9taille Nadia Semache, adjointe au maire charg\u00e9e de l\u2019emploi et de l\u2019insertion, \u00e9galement pr\u00e9sidente de la Mission locale. L\u2019objectif n\u2019est pas de faire ce que fait France Travail, mais de faciliter la communication, de rendre plus visibles les actions men\u00e9es sur le territoire, et d\u2019informer les jeunes\u00a0\u00bb. <\/p>\n<p>Le visiteur a donc acc\u00e8s \u00e0 pr\u00e8s de 5 000 offres d\u2019emploi, qu\u2019il peut trier par type de contrat, secteur d\u2019activit\u00e9, etc. Une fois l\u2019offre s\u00e9lectionn\u00e9e, un lien renvoie vers sa version plus d\u00e9taill\u00e9e, directement sur le site de France Travail, pour pouvoir postuler.<\/p>\n<p>Un acc\u00e8s pour les professionnels<\/p>\n<p>Une interface d\u00e9di\u00e9e aux entreprises est \u00e9galement disponible, afin de permettre aux structures qui recrutent de d\u00e9poser leurs offres, ou d\u2019avoir acc\u00e8s \u00e0 des informations <a href=\"https:\/\/www.if-saint-etienne.fr\/tag\/vie-juridique-loire\" target=\"_blank\" rel=\"noreferrer noopener\">juridiques<\/a>.<\/p>\n<p>Cette version existait auparavant et a \u00e9volu\u00e9 avec le lancement de la plateforme. Ainsi, elle compte actuellement 400 professionnels et les entreprises int\u00e9ress\u00e9es peuvent directement contacter la mairie pour obtenir les codes d\u2019acc\u00e8s n\u00e9cessaires. A terme, les services n\u2019excluent pas de faire \u00e9voluer le portail emploi, en fonction des retours des utilisateurs.<\/p>\n","protected":false},"excerpt":{"rendered":"La Ville de Saint-Etienne vient de mettre en ligne une plateforme d\u00e9di\u00e9e \u00e0 l\u2019emploi, \u00e0 destination du grand&hellip;\n","protected":false},"author":2,"featured_media":358242,"comment_status":"","ping_status":"","sticky":false,"template":"","format":"standard","meta":{"footnotes":""},"categories":[9653],"tags":[1111,11,2430,14300,49394,1777,674,1011,27,37817,12,49395,25,4001],"class_list":{"0":"post-358241","1":"post","2":"type-post","3":"status-publish","4":"format-standard","5":"has-post-thumbnail","7":"category-saint-etienne","8":"tag-actu","9":"tag-actualites","10":"tag-auvergne-rhone-alpes","11":"tag-demandeurs-demploi","12":"tag-emploi-saint-etienne","13":"tag-eu","14":"tag-europe","15":"tag-fr","16":"tag-france","17":"tag-informatif","18":"tag-news","19":"tag-plan-local-jeunes-saint-etienne","20":"tag-republique-francaise","21":"tag-saint-etienne"},"share_on_mastodon":{"url":"https:\/\/pubeurope.com\/@fr\/115129020903785833","error":""},"_links":{"self":[{"href":"https:\/\/www.europesays.com\/fr\/wp-json\/wp\/v2\/posts\/358241","targetHints":{"allow":["GET"]}}],"collection":[{"href":"https:\/\/www.europesays.com\/fr\/wp-json\/wp\/v2\/posts"}],"about":[{"href":"https:\/\/www.europesays.com\/fr\/wp-json\/wp\/v2\/types\/post"}],"author":[{"embeddable":true,"href":"https:\/\/www.europesays.com\/fr\/wp-json\/wp\/v2\/users\/2"}],"replies":[{"embeddable":true,"href":"https:\/\/www.europesays.com\/fr\/wp-json\/wp\/v2\/comments?post=358241"}],"version-history":[{"count":0,"href":"https:\/\/www.europesays.com\/fr\/wp-json\/wp\/v2\/posts\/358241\/revisions"}],"wp:featuredmedia":[{"embeddable":true,"href":"https:\/\/www.europesays.com\/fr\/wp-json\/wp\/v2\/media\/358242"}],"wp:attachment":[{"href":"https:\/\/www.europesays.com\/fr\/wp-json\/wp\/v2\/media?parent=358241"}],"wp:term":[{"taxonomy":"category","embeddable":true,"href":"https:\/\/www.europesays.com\/fr\/wp-json\/wp\/v2\/categories?post=358241"},{"taxonomy":"post_tag","embeddable":true,"href":"https:\/\/www.europesays.com\/fr\/wp-json\/wp\/v2\/tags?post=358241"}],"curies":[{"name":"wp","href":"https:\/\/api.w.org\/{rel}","templated":true}]}}