{"id":358245,"date":"2025-09-01T12:24:11","date_gmt":"2025-09-01T12:24:11","guid":{"rendered":"https:\/\/www.europesays.com\/fr\/358245\/"},"modified":"2025-09-01T12:24:11","modified_gmt":"2025-09-01T12:24:11","slug":"conference-pierre-le-bourgeois-de-lurbanisme-a-larchitecture","status":"publish","type":"post","link":"https:\/\/www.europesays.com\/fr\/358245\/","title":{"rendered":"Conf\u00e9rence Pierre le Bourgeois, de l\u2019urbanisme \u00e0 l\u2019architecture"},"content":{"rendered":"<p>Le Cercle Garen a invit\u00e9 Jean-Marie Simon, ancien pr\u00e9sident de l\u2019Acad\u00e9mie de Stanislas et ancien directeur du CAUE 54, pour animer une conf\u00e9rence. Il interviendra sur le parcours de Pierre le Bourgeois, auteur de deux \u0153uvres majeures de l\u2019\u00e9poque des \u00ab\u00a0Arts d\u00e9coratifs\u00a0\u00bb \u00e0 Nancy, le Palais de la bi\u00e8re et les Magasins r\u00e9unis. Son itin\u00e9raire professionnel permet de mieux cerner le caract\u00e8re \u00e9ph\u00e9m\u00e8re du mouvement des Arts d\u00e9coratifs, riche et fructueux sur le plan artistique, mais dont l\u2019avenir architectural est d\u00e9j\u00e0 menac\u00e9 bien avant la Seconde Guerre mondiale.<\/p>\n<p class=\"note\">Mercredi 3\u00a0septembre, \u00e0 17\u00a0h, \u00e0 l\u2019amphith\u00e9\u00e2tre Cu\u00e9not, au Mus\u00e9um-Aquarium, 13, rue Godron, \u00e0 Nancy. Entr\u00e9e libre.<\/p>\n","protected":false},"excerpt":{"rendered":"Le Cercle Garen a invit\u00e9 Jean-Marie Simon, ancien pr\u00e9sident de l\u2019Acad\u00e9mie de Stanislas et ancien directeur du CAUE&hellip;\n","protected":false},"author":2,"featured_media":358246,"comment_status":"","ping_status":"","sticky":false,"template":"","format":"standard","meta":{"footnotes":""},"categories":[9635],"tags":[1111,11,6211,1687,1704,1777,674,1011,27,775,1702,1703,12,5486,25],"class_list":{"0":"post-358245","1":"post","2":"type-post","3":"status-publish","4":"format-standard","5":"has-post-thumbnail","7":"category-nancy","8":"tag-actu","9":"tag-actualites","10":"tag-conference","11":"tag-culture-loisirs","12":"tag-edition-nancy-et-agglomeration","13":"tag-eu","14":"tag-europe","15":"tag-fr","16":"tag-france","17":"tag-grand-est","18":"tag-nancy","19":"tag-nancy-ville-54b","20":"tag-news","21":"tag-rencontre","22":"tag-republique-francaise"},"share_on_mastodon":{"url":"https:\/\/pubeurope.com\/@fr\/115129028727529378","error":""},"_links":{"self":[{"href":"https:\/\/www.europesays.com\/fr\/wp-json\/wp\/v2\/posts\/358245","targetHints":{"allow":["GET"]}}],"collection":[{"href":"https:\/\/www.europesays.com\/fr\/wp-json\/wp\/v2\/posts"}],"about":[{"href":"https:\/\/www.europesays.com\/fr\/wp-json\/wp\/v2\/types\/post"}],"author":[{"embeddable":true,"href":"https:\/\/www.europesays.com\/fr\/wp-json\/wp\/v2\/users\/2"}],"replies":[{"embeddable":true,"href":"https:\/\/www.europesays.com\/fr\/wp-json\/wp\/v2\/comments?post=358245"}],"version-history":[{"count":0,"href":"https:\/\/www.europesays.com\/fr\/wp-json\/wp\/v2\/posts\/358245\/revisions"}],"wp:featuredmedia":[{"embeddable":true,"href":"https:\/\/www.europesays.com\/fr\/wp-json\/wp\/v2\/media\/358246"}],"wp:attachment":[{"href":"https:\/\/www.europesays.com\/fr\/wp-json\/wp\/v2\/media?parent=358245"}],"wp:term":[{"taxonomy":"category","embeddable":true,"href":"https:\/\/www.europesays.com\/fr\/wp-json\/wp\/v2\/categories?post=358245"},{"taxonomy":"post_tag","embeddable":true,"href":"https:\/\/www.europesays.com\/fr\/wp-json\/wp\/v2\/tags?post=358245"}],"curies":[{"name":"wp","href":"https:\/\/api.w.org\/{rel}","templated":true}]}}