{"id":358249,"date":"2025-09-01T12:26:11","date_gmt":"2025-09-01T12:26:11","guid":{"rendered":"https:\/\/www.europesays.com\/fr\/358249\/"},"modified":"2025-09-01T12:26:11","modified_gmt":"2025-09-01T12:26:11","slug":"ca-donne-envie-de-retourner-a-lecole-ce-week-end-le-nouveau-groupe-scolaire-marcel-pagnol-a-fait-sensation-au-pradet","status":"publish","type":"post","link":"https:\/\/www.europesays.com\/fr\/358249\/","title":{"rendered":"\u00ab\u00a0\u00c7a donne envie de retourner \u00e0 l\u2019\u00e9cole\u00a0\u00bb: ce week-end, le nouveau groupe scolaire Marcel-Pagnol a fait sensation au Pradet"},"content":{"rendered":"<p data-start=\"135\" data-end=\"590\">Tous en rangs et tous regroup\u00e9s. Samedi matin, les parents d\u2019\u00e9l\u00e8ves du tout<strong> nouveau groupe scolaire Marcel-Pagnol<\/strong> ont visit\u00e9 les deux \u00e9coles de leurs enfants.\u00a0<\/p>\n<p data-start=\"135\" data-end=\"590\">Le b\u00e2timent Pagnol abrite \u00e0 la fois une \u00e9cole maternelle de <strong>5 classes<\/strong> (122 enfants) et une \u00e9cole \u00e9l\u00e9mentaire de <strong>8 classes<\/strong> (192 enfants). \u00ab\u00a0Mais ce sont deux \u00e9coles distinctes dans un m\u00eame groupe\u00a0\u00bb, pr\u00e9cise Val\u00e9rie Martinez, directrice du p\u00f4le enseignement, petite enfance et jeunesse en mairie.<\/p>\n<p data-start=\"592\" data-end=\"1061\">\u00ab\u00a0Chaque classe b\u00e9n\u00e9ficiera d\u2019une Atsem (agents territoriaux sp\u00e9cialis\u00e9s) et le projet comporte 410 m\u00e8tres carr\u00e9s d\u2019espaces verts dans la cour des maternelles ainsi que 680 m\u00e8tres carr\u00e9s pour la cour des \u00e9l\u00e9mentaires. Des potagers ont \u00e9galement \u00e9t\u00e9 install\u00e9s. Le b\u00e2ti, lui, a \u00e9t\u00e9 r\u00e9alis\u00e9 en pierre de Provence, venue d\u2019Opp\u00e8de, de grande qualit\u00e9.\u00a0\u00bb<\/p>\n<p data-start=\"592\" data-end=\"1061\">Deux salles polyvalentes, des aires de jeux et un terrain multisports compl\u00e8tent l\u2019offre de ce groupe scolaire tout neuf.<\/p>\n<p>              <img ci-src=\"https:\/\/www.varmatin.com\/education\/Marcel-Pagnol32-sacekcOK.jpg?vh=acd8a2&amp;ci_seal=7751458a08\" alt=\"\"\/><br \/>\n        D\u00e9couverte des lieux pour les petits et les grands, samedi matin.&#13;<br \/>\n <strong>Photo F.D..<\/strong> <\/p>\n<p>                                \u00ab\u00a0\u00c7a donne envie de retourner \u00e0 l\u2019\u00e9cole!\u00a0\u00bb<\/p>\n<p data-start=\"1112\" data-end=\"1631\">C\u2019est donc la premi\u00e8re rentr\u00e9e pour les enfants, \u00e0 l\u2019image de Nathana\u00ebl, 3 ans, qui est venu visiter les lieux avec sa s\u0153ur, Apolline, 5 ans.<\/p>\n<p data-start=\"1112\" data-end=\"1631\">Les parents sont ravis: \u00ab\u00a0L\u2019un sera en maternelle, l\u2019autre en primaire mais tous les deux auront des souvenirs communs. L\u2019\u00e9cole est si belle qu\u2019elle donne envie de retourner \u00e0 l\u2019\u00e9cole, m\u00eame pour nous!\u00a0\u00bb, expliquent Camille et \u00c9douard, les parents.<\/p>\n<p data-start=\"1112\" data-end=\"1631\">Hasard du calendrier: tous deux se sont mari\u00e9s, la veille&#8230; en mairie du Pradet devant le premier magistrat, Herv\u00e9 Stassinos.<\/p>\n<p data-start=\"1633\" data-end=\"1857\">Ce dernier \u00e9tait l\u00e0 pour les visites organis\u00e9es samedi: \u00ab\u00a0Le projet Pagnol a germ\u00e9 en 2019 mais il a fallu plus de deux ans de concertation pour le lancer. Ensuite, 24 mois de travaux ont \u00e9t\u00e9 n\u00e9cessaires pour le r\u00e9aliser.\u00a0\u00bb<\/p>\n<p>                                Plus de 300 enfants accueillis<\/p>\n<p data-start=\"1895\" data-end=\"2343\">Pour la visite parentale, un livret a \u00e9t\u00e9 offert \u00e0 toutes les familles, contenant un r\u00e9cit de la vie de Marcel Pagnol, l\u2019\u00e9crivain.<\/p>\n<p data-start=\"1895\" data-end=\"2343\">Pour cette \u00ab\u00a0double \u00e9cole\u00a0\u00bb, la ville du Pradet a \u00e9t\u00e9 aid\u00e9e par la R\u00e9gion (3,3 millions), la CAF (300.000 euros) et le D\u00e9partement du Var (100 000).<\/p>\n<p data-start=\"1895\" data-end=\"2343\">Aux salles de classe s\u2019ajoutent un restaurant en self-service pour les plus grands, un city-stade r\u00e9serv\u00e9 aux \u00e9coliers et un parc de jeux, livr\u00e9s d\u2019ici la fin de l\u2019ann\u00e9e.<\/p>\n<p data-start=\"2345\" data-end=\"2601\">\u00ab\u00a0C\u2019est un projet structurant pour la commune et les Prad\u00e9tans ont fait preuve de beaucoup de patience pendant les travaux\u00a0\u00bb, a ajout\u00e9 le maire.<\/p>\n<p data-start=\"2345\" data-end=\"2601\">\u00ab\u00a0Ce sont donc plus de 300 enfants qui sont accueillis d\u00e8s la premi\u00e8re rentr\u00e9e. Une grande fiert\u00e9 pour nous!\u00a0\u00bb<\/p>\n","protected":false},"excerpt":{"rendered":"Tous en rangs et tous regroup\u00e9s. Samedi matin, les parents d\u2019\u00e9l\u00e8ves du tout nouveau groupe scolaire Marcel-Pagnol ont&hellip;\n","protected":false},"author":2,"featured_media":358250,"comment_status":"","ping_status":"","sticky":false,"template":"","format":"standard","meta":{"footnotes":""},"categories":[9619],"tags":[1111,11,1057,1777,674,332,1011,27,12,882,25,2310],"class_list":{"0":"post-358249","1":"post","2":"type-post","3":"status-publish","4":"format-standard","5":"has-post-thumbnail","7":"category-toulon","8":"tag-actu","9":"tag-actualites","10":"tag-education","11":"tag-eu","12":"tag-europe","13":"tag-faits-de-societe","14":"tag-fr","15":"tag-france","16":"tag-news","17":"tag-provence-alpes-cote-dazur","18":"tag-republique-francaise","19":"tag-toulon"},"share_on_mastodon":{"url":"https:\/\/pubeurope.com\/@fr\/115129036563302197","error":""},"_links":{"self":[{"href":"https:\/\/www.europesays.com\/fr\/wp-json\/wp\/v2\/posts\/358249","targetHints":{"allow":["GET"]}}],"collection":[{"href":"https:\/\/www.europesays.com\/fr\/wp-json\/wp\/v2\/posts"}],"about":[{"href":"https:\/\/www.europesays.com\/fr\/wp-json\/wp\/v2\/types\/post"}],"author":[{"embeddable":true,"href":"https:\/\/www.europesays.com\/fr\/wp-json\/wp\/v2\/users\/2"}],"replies":[{"embeddable":true,"href":"https:\/\/www.europesays.com\/fr\/wp-json\/wp\/v2\/comments?post=358249"}],"version-history":[{"count":0,"href":"https:\/\/www.europesays.com\/fr\/wp-json\/wp\/v2\/posts\/358249\/revisions"}],"wp:featuredmedia":[{"embeddable":true,"href":"https:\/\/www.europesays.com\/fr\/wp-json\/wp\/v2\/media\/358250"}],"wp:attachment":[{"href":"https:\/\/www.europesays.com\/fr\/wp-json\/wp\/v2\/media?parent=358249"}],"wp:term":[{"taxonomy":"category","embeddable":true,"href":"https:\/\/www.europesays.com\/fr\/wp-json\/wp\/v2\/categories?post=358249"},{"taxonomy":"post_tag","embeddable":true,"href":"https:\/\/www.europesays.com\/fr\/wp-json\/wp\/v2\/tags?post=358249"}],"curies":[{"name":"wp","href":"https:\/\/api.w.org\/{rel}","templated":true}]}}