{"id":358257,"date":"2025-09-01T12:32:16","date_gmt":"2025-09-01T12:32:16","guid":{"rendered":"https:\/\/www.europesays.com\/fr\/358257\/"},"modified":"2025-09-01T12:32:16","modified_gmt":"2025-09-01T12:32:16","slug":"deces-soudain-de-sylvain-amic-lancien-directeur-des-musees-de-rouen-qui-dirigeait-le-musee-dorsay","status":"publish","type":"post","link":"https:\/\/www.europesays.com\/fr\/358257\/","title":{"rendered":"D\u00e9c\u00e8s soudain de Sylvain Amic, l&rsquo;ancien directeur des mus\u00e9es de Rouen, qui dirigeait le mus\u00e9e d&rsquo;Orsay"},"content":{"rendered":"<p class=\"article__intro\">Le pr\u00e9sident des mus\u00e9es d&rsquo;Orsay et de l&rsquo;Orangerie est d\u00e9c\u00e9d\u00e9 \u00e0 58 ans dans le Gard. Ancien responsable des mus\u00e9es de Rouen, il dirigeait l&rsquo;\u00e9tablissement parisien depuis moins de 18 mois. Le monde de la culture lui rend hommage.<\/p>\n<p>\n      L\u2019actu des r\u00e9gions\n    <\/p>\n<p>\n      Chaque jour, un tour d\u2019horizon des principales infos de toutes les r\u00e9gions.\n    <\/p>\n<p>    France T\u00e9l\u00e9visions utilise votre adresse e-mail afin de vous envoyer la newsletter \u00ab\u00a0L\u2019actu des r\u00e9gions\u00a0\u00bb. Vous pouvez vous d\u00e9sinscrire \u00e0 tout moment via le lien en bas de cette newsletter. <a target=\"_blank\" href=\"https:\/\/www.francetelevisions.fr\/groupe\/confidentialite\/politique-de-confidentialite\/politique-de-confidentialite-de-france-televisions-6503\" rel=\"nofollow noopener\">Notre politique de confidentialit\u00e9<\/a><\/p>\n<p>Sylvain Amic, qui dirigeait les mus\u00e9es d&rsquo;Orsay et de l&rsquo;Orangerie, s&rsquo;est \u00e9teint brutalement dimanche \u00e0 58 ans. L&rsquo;ancien patron des mus\u00e9es rouennais occupait ses fonctions depuis moins de 18 mois. Ce poste constituait \u00ab\u00a0le r\u00eave de sa vie\u00a0\u00bb, selon ses proches.<\/p>\n<p>C&rsquo;est dans un petit village pr\u00e8s de Bagnols-sur-C\u00e8ze, dans le Gard, o\u00f9 se trouvait le conservateur qu&rsquo;il est d\u00e9c\u00e9d\u00e9. Il a fait appel au Samu mais n&rsquo;a pu \u00eatre sauv\u00e9.<\/p>\n<p>Ce lundi 1er septembre, une minute de silence sera observ\u00e9e en son hommage, \u00e0 14h30 dans le Jardin des sculptures du mus\u00e9e des Beaux-Arts de Rouen.<\/p>\n<p>Emmanuel Macron a exprim\u00e9 son \u00e9motion dimanche sur X : \u00ab\u00a0Sa disparition est un choc\u00a0\u00bb. Le pr\u00e9sident a salu\u00e9 celui qui \u00ab\u00a0\u0153uvrait pour que chacun puisse acc\u00e9der aux merveilles de l&rsquo;art, de Soulages \u00e0 Manet\u00a0\u00bb \u00e0 \u00ab\u00a0Montpellier, Rouen ou Paris\u00a0\u00bb.<\/p>\n<blockquote class=\"twitter-tweet\">\n<p dir=\"ltr\" lang=\"fr\">\u00c0 Montpellier, Rouen ou Paris, Sylvain Amic \u0153uvrait pour que chacun puisse acc\u00e9der aux merveilles de l\u2019art, de Soulages \u00e0 Manet. <br \/>Par son parcours, il savait la force d\u2019\u00e9mancipation universelle de notre culture, entre patrimoine et cr\u00e9ation. <br \/>Sa disparition est un choc.\u2026<\/p>\n<p>\u2014 Emmanuel Macron (@EmmanuelMacron) <a href=\"https:\/\/twitter.com\/EmmanuelMacron\/status\/1962191403707965733?ref_src=twsrc%5Etfw\" rel=\"nofollow noopener\" target=\"_blank\">August 31, 2025<\/a><\/p><\/blockquote>\n<p>La ministre de la Culture Rachida Dati a r\u00e9agi \u00e0 son tour sur le r\u00e9seau social : \u00ab\u00a0Avec sa disparition, la culture perd l&rsquo;un de ses meilleurs connaisseurs et la France un grand serviteur de l&rsquo;\u00c9tat\u00a0\u00bb. Elle d\u00e9crit un \u00ab\u00a0esprit ouvert et cr\u00e9atif\u00a0\u00bb, \u00ab\u00a0homme chaleureux et attentif aux autres\u00a0\u00bb.<\/p>\n<p>C&rsquo;est Rachida Dati qui avait recommand\u00e9 Sylvain Amic \u00e0 Emmanuel Macron au printemps 2024 pour prendre la t\u00eate de l&rsquo;\u00e9tablissement.<\/p>\n<p>Rima Abdul Malak, ex-ministre de la Culture, avait elle aussi travaill\u00e9 avec lui : \u00ab\u00a0J&rsquo;avais rep\u00e9r\u00e9 Sylvain Amic \u00e0 Rouen, o\u00f9 il avait men\u00e9 un travail extraordinaire \u00e0 la t\u00eate des 11 mus\u00e9es de la m\u00e9tropole\u00a0\u00bb, confie-t-elle \u00e0 l&rsquo;Agence France Presse.<\/p>\n<p>Elle poursuit : \u00ab\u00a0Il avait accept\u00e9 de tout quitter pour rejoindre mon cabinet o\u00f9 il a \u00e9t\u00e9 un formidable conseiller. Diriger le mus\u00e9e d&rsquo;Orsay \u00e9tait le r\u00eave de sa vie.\u00a0\u00bb<\/p>\n<p>Sylvain Amic dirigeait <a href=\"https:\/\/musees-rouen-normandie.fr\/fr\" target=\"_blank\" rel=\"noopener nofollow\">la R\u00e9union des mus\u00e9es m\u00e9tropolitains de Rouen Normandie<\/a> <a href=\"https:\/\/musees-rouen-normandie.fr\/fr\" target=\"_blank\" rel=\"noopener nofollow\">(RMM) jusqu&rsquo;\u00e0 l&rsquo;\u00e9t\u00e9 2022. Il avait remplac\u00e9 Christophe Leribault \u00e0 Orsay, nomm\u00e9 \u00e0 Versailles.<\/p>\n<p>Le maire de Rouen, Nicolas Mayer Rossignol a post\u00e9 un message sur X exprimant sa peine face au d\u00e9c\u00e8s de son ami, saluant \u00e9galement son engagement pour la ville.<\/p>\n<blockquote class=\"twitter-tweet\">\n<p dir=\"ltr\" lang=\"fr\">Choc et tristesse infinie d&rsquo;apprendre le d\u00e9c\u00e8s de mon ami Sylvain Amic. A la <a href=\"https:\/\/twitter.com\/MetropoleRouenN?ref_src=twsrc%5Etfw\" rel=\"nofollow noopener\" target=\"_blank\">@MetropoleRouenN<\/a> il fut un Directeur <a href=\"https:\/\/twitter.com\/RMM_Rouen?ref_src=twsrc%5Etfw\" rel=\"nofollow noopener\" target=\"_blank\">@RMM_Rouen<\/a> si inventif, toujours attentif \u00e0 ce que la Culture reste accessible. A sa famille, ses proches, j&rsquo;adresse toutes mes condol\u00e9ances.<a href=\"https:\/\/t.co\/EBpvEsZvbx\" rel=\"nofollow\">https:\/\/t.co\/EBpvEsZvbx<\/a><\/p>\n<p>\u2014 Nicolas Mayer-Rossignol (@NicolasMayerNMR) <a href=\"https:\/\/twitter.com\/NicolasMayerNMR\/status\/1962198262422585466?ref_src=twsrc%5Etfw\" rel=\"nofollow noopener\" target=\"_blank\">August 31, 2025<\/a><\/p><\/blockquote>\n<p>Sur ce m\u00eame r\u00e9seau social, plusieurs personnalit\u00e9s politiques de Seine-Maritime lui ont rendu hommage, soulignant son investissement pour le d\u00e9partement et sa volont\u00e9 de faire rayonner les mus\u00e9es de Rouen au-del\u00e0 de la m\u00e9tropole.<\/p>\n<p>Pour toutes les \u00e9quipes des mus\u00e9es de Rouen, \u00ab\u00a0sa disparition brutale, inattendue, laisse un grand vide\u00a0\u00bb nous a confi\u00e9 son directeur Robert Blaizeau. De 2016 \u00e0 2022, pendant qu&rsquo;il dirigeait les mus\u00e9es de la M\u00e9tropole Rouen Normandie, il a mis en place des expositions novatrices.<\/p>\n<blockquote class=\"ftvi_content_quote\">\n<p class=\"ftvi_citation_quote\">Il a r\u00e9alis\u00e9 de grandes expositions extr\u00eamement ambitieuses qui ont fait rayonn\u00e9 Rouen au niveau international.<\/p>\n<p> Robert Blaizeau, directeur des Mus\u00e9es de la M\u00e9tropole Rouen Normandie (RMM)<\/p>\n<\/blockquote>\n<p>\u00ab\u00a0Il a eu \u00e0 c\u0153ur de sortir aux grandes expositions temporaires et revenir sur les collections des mus\u00e9es qui sont notre raison d&rsquo;\u00eatre. Il a aussi mis en place des d\u00e9marches participatives pour que le public puisse choisir certaines des \u0153uvres qui allaient \u00eatre accroch\u00e9s dans les salles\u00a0\u00bb, confie Robert Blaizeau, directeur de la RMM.<\/p>\n<p>\u00ab\u00a0Il a r\u00e9alis\u00e9 de grandes expositions extr\u00eamement ambitieuses qui ont fait rayonner Rouen au niveau international. Il tenait vraiment \u00e0 montrer que les mus\u00e9es sont des lieux ouverts \u00e0 tous, pour tous, que ce sont des lieux en \u00e9chos \u00e0 ce qu&rsquo;il se passe dans la soci\u00e9t\u00e9\u00a0\u00bb, ajoute-t-il.<\/p>\n<p>La s\u00e9natrice (UDI-UC) de Seine-Maritime, Catherine Morin-Desailly \u00e9voque une personnalit\u00e9 \u00ab\u00a0tr\u00e8s appr\u00e9ci\u00e9e et estim\u00e9e pour sa chaleur et sa g\u00e9n\u00e9rosit\u00e9.\u00a0\u00bb<\/p>\n<p>\u00ab\u00a0Il avait une haute id\u00e9e de ce que le mus\u00e9e, l&rsquo;art et sa transmission devaient apporter au public. Pour lui, un mus\u00e9e se devait d&rsquo;\u00eatre accessible au plus grand nombre, c&rsquo;\u00e9tait son cheval de bataille\u00a0\u00bb, confie-t-elle.<\/p>\n<p>N\u00e9 \u00e0 Dakar en 1967, conservateur g\u00e9n\u00e9ral du patrimoine, Sylvain Amic \u00e9tait sp\u00e9cialiste des p\u00e9riodes moderne et contemporaine. Il avait d\u00e9but\u00e9 sa carri\u00e8re professionnelle comme instituteur avant de r\u00e9ussir le concours de l&rsquo;Institut national du patrimoine. Il devient conservateur en 1997.<\/p>\n<p>Il s&rsquo;\u00e9tait d\u00e9j\u00e0 port\u00e9 candidat \u00e0 la direction d&rsquo;Orsay en 2017 mais le poste \u00e9tait revenu \u00e0 Laurence des Cars, future directrice du Louvre en 2021.<\/p>\n<p>En 2018, Sylvain Amic avait \u00e9t\u00e9 missionn\u00e9 avec la conservatrice Olivia Voisin par Fran\u00e7oise Nyssen, alors ministre de la Culture, pour d\u00e9velopper un projet de circulation des \u0153uvres en r\u00e9gions.<\/p>\n<p>  <script async src=\"https:\/\/platform.twitter.com\/widgets.js\" charset=\"utf-8\"><\/script><\/p>\n","protected":false},"excerpt":{"rendered":"Le pr\u00e9sident des mus\u00e9es d&rsquo;Orsay et de l&rsquo;Orangerie est d\u00e9c\u00e9d\u00e9 \u00e0 58 ans dans le Gard. Ancien responsable&hellip;\n","protected":false},"author":2,"featured_media":358258,"comment_status":"","ping_status":"","sticky":false,"template":"","format":"standard","meta":{"footnotes":""},"categories":[9587],"tags":[1111,11,1777,674,1011,27,12,5161,25,9590],"class_list":{"0":"post-358257","1":"post","2":"type-post","3":"status-publish","4":"format-standard","5":"has-post-thumbnail","7":"category-rouen","8":"tag-actu","9":"tag-actualites","10":"tag-eu","11":"tag-europe","12":"tag-fr","13":"tag-france","14":"tag-news","15":"tag-normandie","16":"tag-republique-francaise","17":"tag-rouen"},"share_on_mastodon":{"url":"https:\/\/pubeurope.com\/@fr\/115129060111674972","error":""},"_links":{"self":[{"href":"https:\/\/www.europesays.com\/fr\/wp-json\/wp\/v2\/posts\/358257","targetHints":{"allow":["GET"]}}],"collection":[{"href":"https:\/\/www.europesays.com\/fr\/wp-json\/wp\/v2\/posts"}],"about":[{"href":"https:\/\/www.europesays.com\/fr\/wp-json\/wp\/v2\/types\/post"}],"author":[{"embeddable":true,"href":"https:\/\/www.europesays.com\/fr\/wp-json\/wp\/v2\/users\/2"}],"replies":[{"embeddable":true,"href":"https:\/\/www.europesays.com\/fr\/wp-json\/wp\/v2\/comments?post=358257"}],"version-history":[{"count":0,"href":"https:\/\/www.europesays.com\/fr\/wp-json\/wp\/v2\/posts\/358257\/revisions"}],"wp:featuredmedia":[{"embeddable":true,"href":"https:\/\/www.europesays.com\/fr\/wp-json\/wp\/v2\/media\/358258"}],"wp:attachment":[{"href":"https:\/\/www.europesays.com\/fr\/wp-json\/wp\/v2\/media?parent=358257"}],"wp:term":[{"taxonomy":"category","embeddable":true,"href":"https:\/\/www.europesays.com\/fr\/wp-json\/wp\/v2\/categories?post=358257"},{"taxonomy":"post_tag","embeddable":true,"href":"https:\/\/www.europesays.com\/fr\/wp-json\/wp\/v2\/tags?post=358257"}],"curies":[{"name":"wp","href":"https:\/\/api.w.org\/{rel}","templated":true}]}}