{"id":358269,"date":"2025-09-01T12:40:11","date_gmt":"2025-09-01T12:40:11","guid":{"rendered":"https:\/\/www.europesays.com\/fr\/358269\/"},"modified":"2025-09-01T12:40:11","modified_gmt":"2025-09-01T12:40:11","slug":"crush-sur-ofenbach-et-leur-single-multiplication","status":"publish","type":"post","link":"https:\/\/www.europesays.com\/fr\/358269\/","title":{"rendered":"CRUSH SUR OFENBACH ET LEUR SINGLE \u00ab\u00a0MULTIPLICATION\u00a0\u00bb"},"content":{"rendered":"<p>AD<\/p>\n<p><img fetchpriority=\"high\" decoding=\"async\" class=\"size-medium wp-image-1104 aligncenter\" src=\"https:\/\/www.europesays.com\/fr\/wp-content\/uploads\/2025\/09\/NON-STOP-MUSIC_Horizontal-min-770x485.webp.webp\" alt=\"\" width=\"770\" height=\"485\"  \/><br \/>Ofenbach revient avec Multiplication ! C\u00e9sar et Dorian, les Parisiens derri\u00e8re le duo, nous livrent leur \u00e9lectro-house \u00e9nergique. Souvenez-vous de Be Mine ? Ce tube de 2014 a propuls\u00e9 leur carri\u00e8re, des clubs parisiens aux plus grandes sc\u00e8nes du monde.<\/p>\n<p><a href=\"https:\/\/radio-monaco.com\/wp-content\/uploads\/2025\/09\/CRUSH-MUSIC-0109.wav\" target=\"_blank\" rel=\"noopener\">https:\/\/radio-monaco.com\/wp-content\/uploads\/2025\/09\/CRUSH-MUSIC-0109.wav<\/a><\/p>\n<p>Depuis, ils encha\u00eenent les hits : Katchi avec Nick Waterhouse, Hurricane\u2026 toujours cette \u00e9nergie qui fait bouger les foules. En f\u00e9vrier dernier, ils ont \u00e9lectris\u00e9 le 75\u1d49 Festival de Sanremo avec Overdrive, chant\u00e9 par Sarah Toscano.<\/p>\n<p>2026 s\u2019annonce XXL pour Ofenbach : tourn\u00e9e mondiale aux USA, Allemagne, Espagne, Italie, et un retour \u00e0 Paris pour nos voisins fran\u00e7ais. On n\u2019oublie \u00e9videmment pas leur passage au Jimmy\u2019z Monte-Carlo en 2017, le temple des nuits mon\u00e9gasques depuis plus de 50 ans.<\/p>\n<p>        L&rsquo;\u00e9quipe<\/p>\n<p>                <a href=\"https:\/\/radio-monaco.com\/author\/giulia-testaverderm4815\/\" target=\"_blank\" rel=\"noopener\"><img loading=\"lazy\" decoding=\"async\" alt=\"Avatar photo\" src=\"https:\/\/www.europesays.com\/fr\/wp-content\/uploads\/2025\/09\/GIULIA-TESTAVERDE_avatar-min-150x150.webp.webp\"  class=\"avatar avatar-150 photo\" height=\"150\" width=\"150\"\/><\/a><\/p>\n","protected":false},"excerpt":{"rendered":"AD Ofenbach revient avec Multiplication ! C\u00e9sar et Dorian, les Parisiens derri\u00e8re le duo, nous livrent leur \u00e9lectro-house&hellip;\n","protected":false},"author":2,"featured_media":358270,"comment_status":"","ping_status":"","sticky":false,"template":"","format":"standard","meta":{"footnotes":""},"categories":[2819],"tags":[1111,11,49397,1777,674,1011,27,49398,873,12,2401,882,49399,25],"class_list":{"0":"post-358269","1":"post","2":"type-post","3":"status-publish","4":"format-standard","5":"has-post-thumbnail","7":"category-nice","8":"tag-actu","9":"tag-actualites","10":"tag-crush","11":"tag-eu","12":"tag-europe","13":"tag-fr","14":"tag-france","15":"tag-le-morning","16":"tag-musique","17":"tag-news","18":"tag-nice","19":"tag-provence-alpes-cote-dazur","20":"tag-radio-monaco","21":"tag-republique-francaise"},"share_on_mastodon":{"url":"https:\/\/pubeurope.com\/@fr\/115129091916812312","error":""},"_links":{"self":[{"href":"https:\/\/www.europesays.com\/fr\/wp-json\/wp\/v2\/posts\/358269","targetHints":{"allow":["GET"]}}],"collection":[{"href":"https:\/\/www.europesays.com\/fr\/wp-json\/wp\/v2\/posts"}],"about":[{"href":"https:\/\/www.europesays.com\/fr\/wp-json\/wp\/v2\/types\/post"}],"author":[{"embeddable":true,"href":"https:\/\/www.europesays.com\/fr\/wp-json\/wp\/v2\/users\/2"}],"replies":[{"embeddable":true,"href":"https:\/\/www.europesays.com\/fr\/wp-json\/wp\/v2\/comments?post=358269"}],"version-history":[{"count":0,"href":"https:\/\/www.europesays.com\/fr\/wp-json\/wp\/v2\/posts\/358269\/revisions"}],"wp:featuredmedia":[{"embeddable":true,"href":"https:\/\/www.europesays.com\/fr\/wp-json\/wp\/v2\/media\/358270"}],"wp:attachment":[{"href":"https:\/\/www.europesays.com\/fr\/wp-json\/wp\/v2\/media?parent=358269"}],"wp:term":[{"taxonomy":"category","embeddable":true,"href":"https:\/\/www.europesays.com\/fr\/wp-json\/wp\/v2\/categories?post=358269"},{"taxonomy":"post_tag","embeddable":true,"href":"https:\/\/www.europesays.com\/fr\/wp-json\/wp\/v2\/tags?post=358269"}],"curies":[{"name":"wp","href":"https:\/\/api.w.org\/{rel}","templated":true}]}}