{"id":358275,"date":"2025-09-01T12:43:26","date_gmt":"2025-09-01T12:43:26","guid":{"rendered":"https:\/\/www.europesays.com\/fr\/358275\/"},"modified":"2025-09-01T12:43:26","modified_gmt":"2025-09-01T12:43:26","slug":"un-choc-psychologique-la-rentree-dans-une-ambiance-pesante-pour-les-eleves-de-saint-stanislas","status":"publish","type":"post","link":"https:\/\/www.europesays.com\/fr\/358275\/","title":{"rendered":"\u00ab\u00a0Un choc psychologique\u00a0\u00bb\u2026 La rentr\u00e9e dans une ambiance pesante pour les \u00e9l\u00e8ves de Saint-Stanislas"},"content":{"rendered":"<p>Au <a href=\"https:\/\/www.20minutes.fr\/nantes\/2945579-20210105-nantes-college-lycee-saint-stanislas-evacue-apres-agression-etablissement\" target=\"_blank\" class=\"c-link c-link--is-underlined\" rel=\"nofollow noopener\">coll\u00e8ge-lyc\u00e9e Saint-Stanislas<\/a> de Nantes,<a href=\"https:\/\/www.20minutes.fr\/societe\/4170406-20250831-bouches-rhone-rentree-scolaire-reportee-mardi-raison-intemperies\" target=\"_blank\" class=\"c-link c-link--is-underlined\" rel=\"nofollow noopener\"> la rentr\u00e9e<\/a> a un go\u00fbt d\u2019omerta. Sur le parvis de l\u2019\u00e9tablissement catholique situ\u00e9 quartier Talensac, trois policiers surveillent l\u2019entr\u00e9e des \u00e9l\u00e8ves. Malgr\u00e9 les quelques sourires li\u00e9s aux retrouvailles, l\u2019ambiance est pesante. Vendredi, le dioc\u00e8se de Loire-Atlantique a fait \u00e9tat de <a href=\"https:\/\/www.20minutes.fr\/faits_divers\/4170212-20250829-nantes-dix-victimes-cinq-pretres-mis-cause-viols-agressions-denonces-college-lycee-prive\" target=\"_blank\" class=\"c-link c-link--is-underlined\" rel=\"nofollow noopener\">terribles r\u00e9v\u00e9lations concernant l\u2019\u00e9tablissement<\/a>. Une dizaine d\u2019anciens \u00e9l\u00e8ves r\u00e9v\u00e8lent avoir \u00e9t\u00e9 victimes d\u2019agressions sexuelles, viols, coups et\/ou ch\u00e2timents entre\u00a01958 et\u00a01995.<\/p>\n<p>Ce lundi matin, la quasi-totalit\u00e9 des \u00e9l\u00e8ves disent avoir entendu parler de l\u2019affaire. Deux jours avant la reprise des cours, un mail aurait \u00e9t\u00e9 envoy\u00e9 aux parents compte tenu des r\u00e9centes accusations. Le dioc\u00e8se y invite \u00ab\u00a0les potentielles victimes \u00e0 t\u00e9moigner\u00a0\u00bb, indique L\u00e9on*, 16 ans, avant d\u2019entr\u00e9e dans la cour de l\u2019\u00e9tablissement.<\/p>\n<p>\u00ab\u00a0Notre \u00e9poque se doit de r\u00e9v\u00e9ler de tels agissements\u00a0\u00bb<\/p>\n<p>Salom\u00e9* aussi a re\u00e7u le fameux mail. Pour cette nouvelle \u00e9l\u00e8ve de classe pr\u00e9paratoire, ces r\u00e9v\u00e9lations \u00e9taient inattendues. \u00ab\u00a0Psychologiquement c\u2019est un choc, exprime-t-elle, mais c\u2019est important d\u2019en parler, de <a href=\"https:\/\/www.20minutes.fr\/monde\/4152418-20250508-agressions-sexuelles-chiffres-effrayants-violences-sexuelles-contre-enfants-adolescents\" target=\"_blank\" class=\"c-link c-link--is-underlined\" rel=\"nofollow noopener\">lever le tabou <\/a>sur les agressions sexuelles dans les institutions catholiques. M\u00eame si ces accusations peuvent entacher l\u2019image du lyc\u00e9e, notre \u00e9poque se doit de r\u00e9v\u00e9ler de tels agissements.\u00a0\u00bb<\/p>\n<p>Casque sur les oreilles, Marius*, en premi\u00e8re ann\u00e9e d&rsquo;\u00e9tudes sup\u00e9rieures, a \u00e9t\u00e9 moins \u00e9tonn\u00e9 en apprenant la nouvelle, \u00ab\u00a0je suis scolaris\u00e9 \u00e0 Stanislas depuis la 6e, j\u2019ai d\u00e9j\u00e0 entendu des rumeurs d\u2019agressions. Certaines sont tr\u00e8s r\u00e9centes mais je me suis toujours m\u00e9fi\u00e9 des rumeurs qui restent pour le moment infond\u00e9es\u00a0\u00bb, rel\u00e8ve l\u2019adolescent. \u00ab\u00a0En ce qui concerne les accusations plus anciennes, je les entends sans pour autant me sentir concern\u00e9\u00a0\u00bb, confie celui qui affirme ne jamais avoir eu de probl\u00e8mes au cours de sa scolarit\u00e9.<\/p>\n<p>Des questionnements, mais un sentiment de s\u00e9curit\u00e9<\/p>\n<p>\u00ab\u00a0Mes parents m\u2019ont parl\u00e9 de ces accusations tout en me rassurant, admet un autre \u00e9l\u00e8ve de 17 ans. Les faits datent d\u2019il y a plusieurs dizaines d\u2019ann\u00e9es, aujourd\u2019hui le corps professoral n\u2019est plus le m\u00eame\u00a0\u00bb. Son camarade acquiesce, \u00ab\u00a0j\u2019esp\u00e8re que la rentr\u00e9e sera l\u2019occasion pour les professeurs de nous apporter plus d\u2019informations et de r\u00e9pondre \u00e0 nos questions bien que nous ne nous sentions pas en ins\u00e9curit\u00e9 \u00e0 Stanislas aujourd\u2019hui\u00a0\u00bb.<\/p>\n<\/p>\n<p>Interpell\u00e9s, l\u2019actuel directeur du coll\u00e8ge-lyc\u00e9e Saint Stanislas et le personnel d\u2019accueil n\u2019ont pas souhait\u00e9 r\u00e9pondre \u00e0 nos questions, indiquant que toutes potentielles informations suppl\u00e9mentaires seront communiqu\u00e9es par le dioc\u00e8se. D\u2019apr\u00e8s le directeur dioc\u00e9sain, les accusations impliqueraient cinq pr\u00eatres et \u00ab\u00a0au moins un membre du personnel \u00e9ducatif\u00a0\u00bb. Les six personnes mises en cause seraient aujourd\u2019hui toutes d\u00e9c\u00e9d\u00e9es. \u00c0 ce jour, dix victimes auraient signal\u00e9 des faits. Un homme, qui avait confi\u00e9 les s\u00e9vices subis \u00e0 sa famille, s\u2019est suicid\u00e9.<\/p>\n<p>Appel \u00e0 t\u00e9moignages<\/p>\n<p>Dans le sillage de <a href=\"https:\/\/www.20minutes.fr\/justice\/affaire-betharram\/\" target=\"_blank\" class=\"c-link c-link--is-underlined\" rel=\"nofollow noopener\">l\u2019affaire B\u00e9tharram<\/a> (Pyr\u00e9n\u00e9es-Atlantiques) ou du <a href=\"https:\/\/www.20minutes.fr\/societe\/4142358-20250308-malades-apres-betharram-eleves-saint-pierre-relecq-kerhuon-revelent-coups-profs\" target=\"_blank\" class=\"c-link c-link--is-underlined\" rel=\"nofollow noopener\">Relecq-Kerhuon<\/a> (Finist\u00e8re), ces r\u00e9v\u00e9lations mettent une fois de plus en \u00e9vidence les s\u00e9vices subits par certains \u00e9l\u00e8ves dans des \u00e9tablissements catholiques avant les ann\u00e9es\u00a02000.<\/p>\n<p>Un<a href=\"https:\/\/www.saintstanislas.eu\/nos-actualites\/appel-temoins\" target=\"_blank\" class=\"c-link c-link--is-underlined\" rel=\"nofollow noopener\"> appel \u00e0 t\u00e9moignages<\/a> a \u00e9t\u00e9 lanc\u00e9 par les responsables du dioc\u00e8se de Nantes. Ils invitent les personnes ayant fr\u00e9quent\u00e9 l\u2019\u00e9tablissement, \u00ab\u00a0les \u00e9tablissements scolaires de l\u2019Enseignement catholique de Loire-Atlantique\u00a0\u00bb ou \u00ab\u00a0l\u2019un des trois petits s\u00e9minaires de l\u2019\u00e9poque\u00a0\u00bb et qui auraient \u00e9t\u00e9 t\u00e9moins ou victimes \u00e0 se signaler. \u00ab\u00a0Quels que soient l\u2019\u00e9poque concern\u00e9e, les d\u00e9lais, le temps pass\u00e9, aucune agression sexuelle ni aucune violence ne doivent \u00eatre tues, aucune victime ne doit \u00eatre r\u00e9duite au silence, aucune souffrance ne doit rester enfouie si elle peut, par la lib\u00e9ration de la parole, \u00eatre att\u00e9nu\u00e9e\u00a0\u00bb, ont indiqu\u00e9 vendredi le Directeur dioc\u00e9sain de l\u2019Enseignement catholique et l\u2019\u00e9v\u00eaque de <a href=\"https:\/\/www.20minutes.fr\/nantes\/\" class=\"c-link c-link--is-underlined\" rel=\"nofollow noopener\" target=\"_blank\">Nantes<\/a>.<\/p>\n<p>*Tous les pr\u00e9noms ont \u00e9t\u00e9 modifi\u00e9s.<\/p>\n","protected":false},"excerpt":{"rendered":"Au coll\u00e8ge-lyc\u00e9e Saint-Stanislas de Nantes, la rentr\u00e9e a un go\u00fbt d\u2019omerta. Sur le parvis de l\u2019\u00e9tablissement catholique situ\u00e9&hellip;\n","protected":false},"author":2,"featured_media":358276,"comment_status":"","ping_status":"","sticky":false,"template":"","format":"standard","meta":{"footnotes":""},"categories":[2818],"tags":[1111,47,11,1267,11863,1122,16102,12336,1777,674,1011,27,3047,766,12,2636,1306,46918,25,104,1265,799],"class_list":{"0":"post-358275","1":"post","2":"type-post","3":"status-publish","4":"format-standard","5":"has-post-thumbnail","7":"category-nantes","8":"tag-actu","9":"tag-actualite","10":"tag-actualites","11":"tag-agression-sexuelle","12":"tag-catholicisme","13":"tag-ecole","14":"tag-ecole-privee","15":"tag-eglise","16":"tag-eu","17":"tag-europe","18":"tag-fr","19":"tag-france","20":"tag-loire-atlantique","21":"tag-nantes","22":"tag-news","23":"tag-pays-de-la-loire","24":"tag-regions","25":"tag-rentree-scolaire-2025","26":"tag-republique-francaise","27":"tag-societe","28":"tag-viol","29":"tag-violences-sexuelles"},"share_on_mastodon":{"url":"https:\/\/pubeurope.com\/@fr\/115129103387151769","error":""},"_links":{"self":[{"href":"https:\/\/www.europesays.com\/fr\/wp-json\/wp\/v2\/posts\/358275","targetHints":{"allow":["GET"]}}],"collection":[{"href":"https:\/\/www.europesays.com\/fr\/wp-json\/wp\/v2\/posts"}],"about":[{"href":"https:\/\/www.europesays.com\/fr\/wp-json\/wp\/v2\/types\/post"}],"author":[{"embeddable":true,"href":"https:\/\/www.europesays.com\/fr\/wp-json\/wp\/v2\/users\/2"}],"replies":[{"embeddable":true,"href":"https:\/\/www.europesays.com\/fr\/wp-json\/wp\/v2\/comments?post=358275"}],"version-history":[{"count":0,"href":"https:\/\/www.europesays.com\/fr\/wp-json\/wp\/v2\/posts\/358275\/revisions"}],"wp:featuredmedia":[{"embeddable":true,"href":"https:\/\/www.europesays.com\/fr\/wp-json\/wp\/v2\/media\/358276"}],"wp:attachment":[{"href":"https:\/\/www.europesays.com\/fr\/wp-json\/wp\/v2\/media?parent=358275"}],"wp:term":[{"taxonomy":"category","embeddable":true,"href":"https:\/\/www.europesays.com\/fr\/wp-json\/wp\/v2\/categories?post=358275"},{"taxonomy":"post_tag","embeddable":true,"href":"https:\/\/www.europesays.com\/fr\/wp-json\/wp\/v2\/tags?post=358275"}],"curies":[{"name":"wp","href":"https:\/\/api.w.org\/{rel}","templated":true}]}}