{"id":358277,"date":"2025-09-01T12:44:12","date_gmt":"2025-09-01T12:44:12","guid":{"rendered":"https:\/\/www.europesays.com\/fr\/358277\/"},"modified":"2025-09-01T12:44:12","modified_gmt":"2025-09-01T12:44:12","slug":"a-darwin-les-hangars-associatifs-sont-perennises","status":"publish","type":"post","link":"https:\/\/www.europesays.com\/fr\/358277\/","title":{"rendered":"\u00c0 Darwin, les hangars associatifs sont p\u00e9rennis\u00e9s"},"content":{"rendered":"<p>C\u2019est la fin d\u2019un conflit long de plusieurs ann\u00e9es. La ville de Bordeaux, propri\u00e9taire depuis fin 2024 de deux hangars associatifs de l\u2019\u00e9cosyst\u00e8me Darwin, a confi\u00e9 la r\u00e9alisation des travaux et la gestion de ces b\u00e2timents \u00e0 ce dernier. Un bail emphyt\u00e9otique administratif a \u00e9t\u00e9 sign\u00e9, fin ao\u00fbt, pour une dur\u00e9e de 33 ans.<\/p>\n<p>                                                <img decoding=\"async\" loading=\"lazy\" src=\"https:\/\/www.europesays.com\/fr\/wp-content\/uploads\/2025\/09\/1756467667268-scaled-760x396-c-default.jpg\"   width=\"760\" height=\"396\" alt=\"Philippe Barre, \u00e9cosyst\u00e8me Darwin, Pierre Hurmic\" aria-describedby=\"caption-post-204351\"\/><\/p>\n<p id=\"caption-attachment-204351\" class=\"wp-caption-text\">Philippe Barre, fondateur de l&rsquo;\u00e9cosyst\u00e8me Darwin et Pierre Hurmic, maire de Bordeaux, le 27 ao\u00fbt. \u00a9 H\u00e9l\u00e8ne Lerivrain<\/p>\n<p>\u00ab\u00a0C\u2019est un \u00e9v\u00e9nement juridique majeur\u00a0\u00bb pour le maire de Bordeaux, Pierre Hurmic. \u00ab\u00a0Une \u00e9tape primordiale\u00a0\u00bb pour le fondateur de l\u2019\u00e9cosyst\u00e8me Darwin, Philippe Barre. La signature, le 27\u00a0ao\u00fbt, d\u2019un bail emphyt\u00e9otique administratif entre la ville de Bordeaux et la fonci\u00e8re solidaire Darwin pour l\u2019exploitation de deux hangars d\u2019une surface totale de 6\u00a0000\u00a0m2 met un terme \u00e0 plusieurs ann\u00e9es de conflit concernant\u00a0l\u2019occupation de ces b\u00e2timents qui abritent notamment le skate park et le bric-\u00e0-brac d\u2019Emma\u00fcs.<\/p>\n<p>Un foncier strat\u00e9gique<\/p>\n<p>Alors qu\u2019initialement, le plan d\u2019am\u00e9nagement de la ZAC Bastide Niel, pr\u00e9voyait la d\u00e9molition de ces deux b\u00e2timents, principalement destin\u00e9s \u00e0 des logements sociaux et \u00e0 un parking, la mairie a finalement fait l\u2019acquisition de ces hangars, fin 2024, aupr\u00e8s de la SAS d\u2019am\u00e9nagement Bastide Niel, pour 2,1\u00a0millions d\u2019euros. Elle en confie d\u00e9sormais les cl\u00e9s \u00e0 Darwin.<\/p>\n<p>De quoi donner de la visibilit\u00e9 aux associations de l\u2019\u00e9cosyst\u00e8me qui s\u2019y sont install\u00e9es d\u00e8s 2011 et dont l\u2019installation \u00e9tait menac\u00e9e depuis la perte des autorisations d\u2019occupation temporaire (AOT) en 2017. \u00ab\u00a0Sans ces hangars associatifs, sans cette vie associative, Darwin ne serait pas Darwin\u00a0\u00bb, a rappel\u00e9 Philippe Barre.<\/p>\n<p>De son c\u00f4t\u00e9, la collectivit\u00e9 se f\u00e9licite de l\u2019acquisition d\u2019un foncier strat\u00e9gique. \u00ab\u00a0Nous avons trouv\u00e9 le meilleur compromis pour les deux parties\u00a0\u00bb se f\u00e9licite Delphine Jamet, adjointe au maire charg\u00e9e de l\u2019administration g\u00e9n\u00e9rale.<\/p>\n<blockquote class=\"text-quote\">\n<p>Nous avons trouv\u00e9 le meilleur compromis pour les deux parties<\/p>\n<\/blockquote>\n<p><img loading=\"lazy\" decoding=\"async\" aria-describedby=\"caption-attachment-204357\" class=\"size-large wp-image-204357\" src=\"https:\/\/www.europesays.com\/fr\/wp-content\/uploads\/2025\/09\/shutterstock_2313080775-1024x683.jpg\" alt=\"Ecosyst\u00e8me Darwin, Bordeaux\" width=\"1024\" height=\"683\"  \/><\/p>\n<p id=\"caption-attachment-204357\" class=\"wp-caption-text\">Ecosyst\u00e8me Darwin, Bordeaux \u00a9 Shutterstock<\/p>\n<p>4,70\u00a0M\u20ac de travaux<\/p>\n<p>Charge d\u00e9sormais \u00e0 Darwin de g\u00e9rer et entretenir ces hangars et de veiller \u00e0 la bonne occupation des lieux. Dans le cadre de ce bail, Darwin dispose de trois ans pour r\u00e9aliser les travaux de r\u00e9novation estim\u00e9s \u00e0 4,7\u00a0millions d\u2019euros. \u00c0 l\u2019issue de cette p\u00e9riode, la redevance annuelle s\u2019\u00e9l\u00e8vera \u00e0 35\u00a0000\u00a0euros pour une dur\u00e9e de 30 ans. Un point d\u2019\u00e9tape financier sera effectu\u00e9 entre les deux parties au bout de dix ans d\u2019exploitation qui pourra conduire \u00e0 des r\u00e9ajustements.<\/p>\n<p class=\"text-emphasis\">La redevance annuelle s\u2019\u00e9l\u00e8vera \u00e0 35\u00a0000\u00a0euros pour une dur\u00e9e de 30 ans.<\/p>\n<p>Pour concilier vocation \u00e9conomique et viabilit\u00e9 \u00e9conomique, il a \u00e9t\u00e9 convenu qu\u2019au moins 65\u00a0% de la surface sera d\u00e9di\u00e9e \u00e0 des associations. \u00ab\u00a0Pour nous, il \u00e9tait essentiel de maintenir l\u2019ambition \u00e0 ce niveau-l\u00e0. L\u2019originalit\u00e9 de notre aventure darwinienne est de d\u00e9montrer que gr\u00e2ce \u00e0 une dimension \u00e9conomique mesur\u00e9e, soutenable, responsable, nous pouvons r\u00e9ussir \u00e0 soutenir des activit\u00e9s citoyennes, associatives, culturelles, sportives\u00a0\u00bb, t\u00e9moigne Philipe Barre.<\/p>\n<p>La surface restante plafonn\u00e9e \u00e0 35\u00a0% pourra accueillir des activit\u00e9s commerciales et artisanales dont les revenus garantiront la p\u00e9rennit\u00e9 financi\u00e8re du projet.<\/p>\n","protected":false},"excerpt":{"rendered":"C\u2019est la fin d\u2019un conflit long de plusieurs ann\u00e9es. La ville de Bordeaux, propri\u00e9taire depuis fin 2024 de&hellip;\n","protected":false},"author":2,"featured_media":358278,"comment_status":"","ping_status":"","sticky":false,"template":"","format":"standard","meta":{"footnotes":""},"categories":[2817],"tags":[1111,11,1997,1777,674,1011,27,12,2219,25],"class_list":{"0":"post-358277","1":"post","2":"type-post","3":"status-publish","4":"format-standard","5":"has-post-thumbnail","7":"category-bordeaux","8":"tag-actu","9":"tag-actualites","10":"tag-bordeaux","11":"tag-eu","12":"tag-europe","13":"tag-fr","14":"tag-france","15":"tag-news","16":"tag-nouvelle-aquitaine","17":"tag-republique-francaise"},"share_on_mastodon":{"url":"https:\/\/pubeurope.com\/@fr\/115129107737752756","error":""},"_links":{"self":[{"href":"https:\/\/www.europesays.com\/fr\/wp-json\/wp\/v2\/posts\/358277","targetHints":{"allow":["GET"]}}],"collection":[{"href":"https:\/\/www.europesays.com\/fr\/wp-json\/wp\/v2\/posts"}],"about":[{"href":"https:\/\/www.europesays.com\/fr\/wp-json\/wp\/v2\/types\/post"}],"author":[{"embeddable":true,"href":"https:\/\/www.europesays.com\/fr\/wp-json\/wp\/v2\/users\/2"}],"replies":[{"embeddable":true,"href":"https:\/\/www.europesays.com\/fr\/wp-json\/wp\/v2\/comments?post=358277"}],"version-history":[{"count":0,"href":"https:\/\/www.europesays.com\/fr\/wp-json\/wp\/v2\/posts\/358277\/revisions"}],"wp:featuredmedia":[{"embeddable":true,"href":"https:\/\/www.europesays.com\/fr\/wp-json\/wp\/v2\/media\/358278"}],"wp:attachment":[{"href":"https:\/\/www.europesays.com\/fr\/wp-json\/wp\/v2\/media?parent=358277"}],"wp:term":[{"taxonomy":"category","embeddable":true,"href":"https:\/\/www.europesays.com\/fr\/wp-json\/wp\/v2\/categories?post=358277"},{"taxonomy":"post_tag","embeddable":true,"href":"https:\/\/www.europesays.com\/fr\/wp-json\/wp\/v2\/tags?post=358277"}],"curies":[{"name":"wp","href":"https:\/\/api.w.org\/{rel}","templated":true}]}}