{"id":358283,"date":"2025-09-01T12:47:11","date_gmt":"2025-09-01T12:47:11","guid":{"rendered":"https:\/\/www.europesays.com\/fr\/358283\/"},"modified":"2025-09-01T12:47:11","modified_gmt":"2025-09-01T12:47:11","slug":"trois-militantes-ecologistes-jugees-en-comparution-immediate-pour-setre-opposees-a-labattage-dun-arbre-centenaire","status":"publish","type":"post","link":"https:\/\/www.europesays.com\/fr\/358283\/","title":{"rendered":"trois militantes \u00e9cologistes jug\u00e9es en comparution imm\u00e9diate pour s&rsquo;\u00eatre oppos\u00e9es \u00e0 l&rsquo;abattage d&rsquo;un arbre centenaire"},"content":{"rendered":"<p class=\"article__intro\">Quatre militantes anti LGV ont \u00e9t\u00e9 interpell\u00e9es par les gendarmes dans la nuit du 29 au 30 ao\u00fbt 2025 \u00e0 Saint-Jory (Haute-Garonne) alors qu&rsquo;elles s&rsquo;opposaient \u00e0 l&rsquo;abattage d&rsquo;un arbre. Trois d&rsquo;entre elles comparaissent ce 1er septembre pour d\u00e9gradations et violences volontaires sur un gendarme.<\/p>\n<p>\n      L\u2019actu des r\u00e9gions\n    <\/p>\n<p>\n      Chaque jour, un tour d\u2019horizon des principales infos de toutes les r\u00e9gions.\n    <\/p>\n<p>    France T\u00e9l\u00e9visions utilise votre adresse e-mail afin de vous envoyer la newsletter \u00ab\u00a0L\u2019actu des r\u00e9gions\u00a0\u00bb. Vous pouvez vous d\u00e9sinscrire \u00e0 tout moment via le lien en bas de cette newsletter. <a target=\"_blank\" href=\"https:\/\/www.francetelevisions.fr\/groupe\/confidentialite\/politique-de-confidentialite\/politique-de-confidentialite-de-france-televisions-6503\" rel=\"nofollow noopener\">Notre politique de confidentialit\u00e9<\/a><\/p>\n<p>Le 29 ao\u00fbt 2025, \u00e0 5 heures du matin, les gendarmes ont interpell\u00e9 quatre femmes dans la zone du chantier de la ligne \u00e0 grande vitesse sur la commune de Saint-Jory au nord de Toulouse. Les quatre militantes, \u00e2g\u00e9es de 25 \u00e0 37 ans, tentaient de grimper \u00e0 un arbre pour s&rsquo;opposer \u00e0 son prochain abattage.<\/p>\n<\/p>\n<p>Une dizaine de m\u00e8tres de barbel\u00e9s dispos\u00e9s autour de l&rsquo;arbre ont \u00e9t\u00e9 d\u00e9grad\u00e9s. Plac\u00e9es en garde \u00e0 vue, trois des quatre interpell\u00e9es ont \u00e9t\u00e9 d\u00e9f\u00e9r\u00e9es devant le parquet de Toulouse le samedi 30 ao\u00fbt 2025 en vue de leurs jugements en comparution imm\u00e9diate le lundi 1er septembre 2025. Deux d\u2019entre elles, qui se trouvaient sous contr\u00f4le judiciaire pour des faits similaires, ont \u00e9t\u00e9 plac\u00e9es en d\u00e9tention provisoire le temps de l\u2019audience.<\/p>\n<p>Il leur est reproch\u00e9 des violences et d\u00e9gradations en r\u00e9union et le refus de se soumettre aux op\u00e9rations d&rsquo;identification. Un gendarme a port\u00e9 plainte pour violences, ainsi que la SNCF, pour d\u00e9gradations commises sur les barbel\u00e9s pour un co\u00fbt de 20.000 euros.<\/p>\n<p>Malgr\u00e9 ces tentatives d&rsquo;opposition, le ch\u00eane a \u00e9t\u00e9 abattu vers 3 heures du matin ce 1er septembre 2025.<\/p>\n<p>\u00ab\u00a0C&rsquo;est scandaleux\u00a0\u00bb s&rsquo;insurge Jean Olivier, le copr\u00e9sident des amis de la Terre Midi-Pyr\u00e9n\u00e9es.\u00a0<\/p>\n<blockquote class=\"ftvi_content_quote\">\n<p class=\"ftvi_citation_quote\">Ce ch\u00eane \u00e9tait plus que centenaire. Il \u00e9tait identifi\u00e9 comme abritant une biodiversit\u00e9 remarquable en centre-ville de Saint-Jory. Il \u00e9tait \u00e0 100 m\u00e8tres de la gare, \u00e0 cet endroit, le trac\u00e9 pouvait passer ailleurs.<\/p>\n<p>Jean Olivier, copr\u00e9sident des amis de la Terre Midi-Pyr\u00e9n\u00e9es<\/p>\n<\/blockquote>\n<p>Selon l&rsquo;association environnementale, d&rsquo;autres arbres situ\u00e9s dans le m\u00eame secteur autour de Saint-Jory seraient concern\u00e9s par des abattages. \u00ab\u00a0Nous avons lanc\u00e9 une proc\u00e9dure d&rsquo;urgence de r\u00e9f\u00e9r\u00e9-suspension devant le tribunal administratif de Toulouse pour emp\u00eacher ces coupes mais l&rsquo;audience est pr\u00e9vue le 12 septembre prochain.\u00a0\u00bb d\u00e9taille Jean Olivier.<\/p>\n<\/p>\n<p>Depuis le 30 ao\u00fbt, quatre militants se sont perch\u00e9s dans des arbres pour protester contre le chantier de la future LGV Bordeaux-Toulouse.\u00a0<\/p>\n","protected":false},"excerpt":{"rendered":"Quatre militantes anti LGV ont \u00e9t\u00e9 interpell\u00e9es par les gendarmes dans la nuit du 29 au 30 ao\u00fbt&hellip;\n","protected":false},"author":2,"featured_media":358284,"comment_status":"","ping_status":"","sticky":false,"template":"","format":"standard","meta":{"footnotes":""},"categories":[2816],"tags":[1111,11,1777,674,1011,27,12,2680,25,2312],"class_list":{"0":"post-358283","1":"post","2":"type-post","3":"status-publish","4":"format-standard","5":"has-post-thumbnail","7":"category-toulouse","8":"tag-actu","9":"tag-actualites","10":"tag-eu","11":"tag-europe","12":"tag-fr","13":"tag-france","14":"tag-news","15":"tag-occitanie","16":"tag-republique-francaise","17":"tag-toulouse"},"share_on_mastodon":{"url":"https:\/\/pubeurope.com\/@fr\/115129119384001813","error":""},"_links":{"self":[{"href":"https:\/\/www.europesays.com\/fr\/wp-json\/wp\/v2\/posts\/358283","targetHints":{"allow":["GET"]}}],"collection":[{"href":"https:\/\/www.europesays.com\/fr\/wp-json\/wp\/v2\/posts"}],"about":[{"href":"https:\/\/www.europesays.com\/fr\/wp-json\/wp\/v2\/types\/post"}],"author":[{"embeddable":true,"href":"https:\/\/www.europesays.com\/fr\/wp-json\/wp\/v2\/users\/2"}],"replies":[{"embeddable":true,"href":"https:\/\/www.europesays.com\/fr\/wp-json\/wp\/v2\/comments?post=358283"}],"version-history":[{"count":0,"href":"https:\/\/www.europesays.com\/fr\/wp-json\/wp\/v2\/posts\/358283\/revisions"}],"wp:featuredmedia":[{"embeddable":true,"href":"https:\/\/www.europesays.com\/fr\/wp-json\/wp\/v2\/media\/358284"}],"wp:attachment":[{"href":"https:\/\/www.europesays.com\/fr\/wp-json\/wp\/v2\/media?parent=358283"}],"wp:term":[{"taxonomy":"category","embeddable":true,"href":"https:\/\/www.europesays.com\/fr\/wp-json\/wp\/v2\/categories?post=358283"},{"taxonomy":"post_tag","embeddable":true,"href":"https:\/\/www.europesays.com\/fr\/wp-json\/wp\/v2\/tags?post=358283"}],"curies":[{"name":"wp","href":"https:\/\/api.w.org\/{rel}","templated":true}]}}