{"id":358287,"date":"2025-09-01T12:49:11","date_gmt":"2025-09-01T12:49:11","guid":{"rendered":"https:\/\/www.europesays.com\/fr\/358287\/"},"modified":"2025-09-01T12:49:11","modified_gmt":"2025-09-01T12:49:11","slug":"interdiction-de-fumer-aux-abords-des-ecoles-actualites","status":"publish","type":"post","link":"https:\/\/www.europesays.com\/fr\/358287\/","title":{"rendered":"Interdiction de fumer aux abords des \u00e9coles \/ Actualit\u00e9s"},"content":{"rendered":"<p>Depuis le 29 juin 2025, il est interdit de fumer aux abords des \u00e9coles et dans les parcs. On vous explique.<\/p>\n<p>            <img loading=\"lazy\" decoding=\"async\" src=\"\/var\/www\/storage\/images\/mediatheque\/mairie-de-lille\/actualites\/images\/2025\/aout\/interdiction-de-fumer\/3839580-1-fre-FR\/Interdiction-de-fumer_news_image_top.jpg\" width=\"779\" height=\"519\" alt=\"\"\/><br \/>\n    \tLe p\u00e9rim\u00e8tre d&rsquo;interdiction de fumer s&rsquo;\u00e9tend. Photo d&rsquo;illustration.<\/p>\n<p>Apr\u00e8s la loi Evin (1991) et le d\u00e9cret Bertrand (2006), <strong>la nouvelle r\u00e9glementation fran\u00e7aise sur l&rsquo;interdiction de fumer s&rsquo;\u00e9tend<\/strong>, depuis le 29 juin 2025. Un d\u00e9cret est paru au Journal officiel le 28 juin 2025. La loi s&rsquo;applique donc \u00e0 Lille bien s\u00fbr, comme dans toutes les villes de France.<\/p>\n<p><strong>Les nouveaux lieux concern\u00e9s sont :\u00a0<\/strong><\/p>\n<ul class=\"listPuce\">\n<li>les parcs et jardins publics<\/li>\n<li>les abords imm\u00e9diats des \u00e9tablissements scolaires (dans une zone d&rsquo;au moins 10 m\u00e8tres), des cr\u00e8ches, et autres lieux accueillant des mineurs\u00a0<\/li>\n<li>les espaces ouverts autour des biblioth\u00e8ques, piscines, stades et installations sportives<\/li>\n<li>les march\u00e9s<\/li>\n<li>et, plus largement, aux plages<\/li>\n<\/ul>\n<p>Cette \u00e9volution s&rsquo;inscrit dans le Programme national de lutte contre le tabac, dans le but de prot\u00e9ger les enfants du tabagisme passif, r\u00e9duire la pollution li\u00e9e aux m\u00e9gots, et d\u00e9velopper une g\u00e9n\u00e9ration sans tabac.<\/p>\n<p>Le non-respect de cette interdiction entraine une contravention dite de 4e classe (amende forfaitaire de 135\u20ac).<\/p>\n","protected":false},"excerpt":{"rendered":"Depuis le 29 juin 2025, il est interdit de fumer aux abords des \u00e9coles et dans les parcs.&hellip;\n","protected":false},"author":2,"featured_media":358288,"comment_status":"","ping_status":"","sticky":false,"template":"","format":"standard","meta":{"footnotes":""},"categories":[2815],"tags":[1111,11,4763,1777,674,1011,27,811,1307,5415,12,25],"class_list":{"0":"post-358287","1":"post","2":"type-post","3":"status-publish","4":"format-standard","5":"has-post-thumbnail","7":"category-lille","8":"tag-actu","9":"tag-actualites","10":"tag-agenda","11":"tag-eu","12":"tag-europe","13":"tag-fr","14":"tag-france","15":"tag-hauts-de-france","16":"tag-lille","17":"tag-mairie","18":"tag-news","19":"tag-republique-francaise"},"share_on_mastodon":{"url":"https:\/\/pubeurope.com\/@fr\/115129127322435470","error":""},"_links":{"self":[{"href":"https:\/\/www.europesays.com\/fr\/wp-json\/wp\/v2\/posts\/358287","targetHints":{"allow":["GET"]}}],"collection":[{"href":"https:\/\/www.europesays.com\/fr\/wp-json\/wp\/v2\/posts"}],"about":[{"href":"https:\/\/www.europesays.com\/fr\/wp-json\/wp\/v2\/types\/post"}],"author":[{"embeddable":true,"href":"https:\/\/www.europesays.com\/fr\/wp-json\/wp\/v2\/users\/2"}],"replies":[{"embeddable":true,"href":"https:\/\/www.europesays.com\/fr\/wp-json\/wp\/v2\/comments?post=358287"}],"version-history":[{"count":0,"href":"https:\/\/www.europesays.com\/fr\/wp-json\/wp\/v2\/posts\/358287\/revisions"}],"wp:featuredmedia":[{"embeddable":true,"href":"https:\/\/www.europesays.com\/fr\/wp-json\/wp\/v2\/media\/358288"}],"wp:attachment":[{"href":"https:\/\/www.europesays.com\/fr\/wp-json\/wp\/v2\/media?parent=358287"}],"wp:term":[{"taxonomy":"category","embeddable":true,"href":"https:\/\/www.europesays.com\/fr\/wp-json\/wp\/v2\/categories?post=358287"},{"taxonomy":"post_tag","embeddable":true,"href":"https:\/\/www.europesays.com\/fr\/wp-json\/wp\/v2\/tags?post=358287"}],"curies":[{"name":"wp","href":"https:\/\/api.w.org\/{rel}","templated":true}]}}