{"id":358289,"date":"2025-09-01T12:50:10","date_gmt":"2025-09-01T12:50:10","guid":{"rendered":"https:\/\/www.europesays.com\/fr\/358289\/"},"modified":"2025-09-01T12:50:10","modified_gmt":"2025-09-01T12:50:10","slug":"marseille-a-la-tete-des-projets-a-impact","status":"publish","type":"post","link":"https:\/\/www.europesays.com\/fr\/358289\/","title":{"rendered":"Marseille \u00e0 la t\u00eate des projets \u00e0 impact"},"content":{"rendered":"<p>                    <img loading=\"lazy\" decoding=\"async\" src=\"https:\/\/www.europesays.com\/fr\/wp-content\/uploads\/2025\/09\/ec2c491fbb7a8b81056219446898c2.jpg\" class=\"img-responsive post-image\" width=\"680\" height=\"510\" alt=\"Marseille \u00e0 la t\u00eate (\u2026)\" title=\" Marseille \u00e0 la t\u00eate des projets \u00e0 impact\"\/><\/p>\n<p class=\"chapo\">Les projets \u00e0 impact connaissent une forte dynamique en r\u00e9gion PACA. En 2024, la Nef, premi\u00e8re banque \u00e9thique ind\u00e9pendante de France, a financ\u00e9 45 projets pour un montant total de pr\u00e8s de 29 millions d\u2019euros, soit pr\u00e8s de 10\u00a0% de l\u2019ensemble de ses financements nationaux.<\/p>\n<p>Le secteur de l\u2019\u00e9cologie repr\u00e9sente 50\u00a0%, suivi \u00e0 parts \u00e9gales du culturel et du secteur des \u00e9nergies renouvelables pour 20\u00a0% chacun et enfin le social repr\u00e9sente 10\u00a0% des projets mais pr\u00e8s de la moiti\u00e9 en montant (12.5 millions).<\/p>\n<p>Parmi les projets embl\u00e9matiques de la r\u00e9gion Le Pr\u00e9sage (Marseille)<\/p>\n<p>Premier restaurant solaire d\u2019Europe, Le Pr\u00e9sage utilise des miroirs paraboliques pour cuire ses plats gr\u00e2ce \u00e0 l\u2019\u00e9nergie du soleil. Implant\u00e9 dans un \u00e9cosyst\u00e8me agro \u00e9cologique, il propose une cuisine v\u00e9g\u00e9tale, locale et z\u00e9ro d\u00e9chet. Pr\u00eats La Nef\u00a0: 190 000 \u20ac (2024) et 300 000 \u20ac (2022).<\/p>\n<p>L\u2019\u00c9pop\u00e9e (Marseille)<\/p>\n<p>Tiers-lieu de 12 000 m\u00b2 d\u00e9di\u00e9 \u00e0 l\u2019innovation \u00e9ducative au c\u0153ur des quartiers nord. Lieu de formation, de cr\u00e9ation, d\u2019accueil et d\u2019exp\u00e9rimentation pour favoriser l\u2019\u00e9galit\u00e9 des chances. Pr\u00eat La Nef\u00a0: 1 500 000 \u20ac<\/p>\n<p>Les Alchimistes (Toulon)<\/p>\n<p>Entreprise qui collecte et transforme les d\u00e9chets alimentaires du Var et des Alpes-Maritimes en compost, pour nourrir les terres agricoles et viticoles de la C\u00f4te d\u2019Azur. Pr\u00eats La Nef\u00a0: 300 000 \u20ac (2024) et 263 500 \u20ac (2022).<\/p>\n<p>Koovee (Marseille)<\/p>\n<p>Premi\u00e8re entreprise europ\u00e9enne de couverts comestibles. Une alternative gourmande et biod\u00e9gradable aux couverts plastiques, fabriqu\u00e9e \u00e0 Marseille avec des ingr\u00e9dients fran\u00e7ais. Pr\u00eat La Nef\u00a0: 150 000 \u20ac.<\/p>\n<p>Bourlingue &amp; Pacotille (Marseille)<\/p>\n<p>Projet de transport maritime \u00e0 la voile, entre ports m\u00e9diterran\u00e9ens, pour une logistique artisanale et d\u00e9carbon\u00e9e. Livraison de marchandises locales, artisanales et biologiques, en lien direct avec producteurs et consommateurs. Pr\u00eat La Nef\u00a0: 100 000 \u20ac.<\/p>\n<p>La Dar (Marseille)<\/p>\n<p>Centre social autog\u00e9r\u00e9 dans le quartier de Noailles, port\u00e9 par un collectif d\u2019habitants. Lieu d\u2019entraide, de culture et de mobilisation populaire. Pr\u00eat La Nef\u00a0: 80 000 \u20ac.<\/p>\n<p>Vista Ball (Marseille)<\/p>\n<p>Fabrication de ballons personnalis\u00e9s, \u00e9coresponsables et fabriqu\u00e9s \u00e0 la main par des personnes en insertion, \u00e0 partir de mat\u00e9riaux recycl\u00e9s. Pr\u00eat La Nef\u00a0: 40 000 \u20ac.<\/p>\n","protected":false},"excerpt":{"rendered":"Les projets \u00e0 impact connaissent une forte dynamique en r\u00e9gion PACA. En 2024, la Nef, premi\u00e8re banque \u00e9thique&hellip;\n","protected":false},"author":2,"featured_media":358290,"comment_status":"","ping_status":"","sticky":false,"template":"","format":"standard","meta":{"footnotes":""},"categories":[2814],"tags":[1111,11,2408,1777,674,1011,27,884,12,882,25],"class_list":{"0":"post-358289","1":"post","2":"type-post","3":"status-publish","4":"format-standard","5":"has-post-thumbnail","7":"category-marseille","8":"tag-actu","9":"tag-actualites","10":"tag-appels-d","11":"tag-eu","12":"tag-europe","13":"tag-fr","14":"tag-france","15":"tag-marseille","16":"tag-news","17":"tag-provence-alpes-cote-dazur","18":"tag-republique-francaise"},"share_on_mastodon":{"url":"https:\/\/pubeurope.com\/@fr\/115129131055439624","error":""},"_links":{"self":[{"href":"https:\/\/www.europesays.com\/fr\/wp-json\/wp\/v2\/posts\/358289","targetHints":{"allow":["GET"]}}],"collection":[{"href":"https:\/\/www.europesays.com\/fr\/wp-json\/wp\/v2\/posts"}],"about":[{"href":"https:\/\/www.europesays.com\/fr\/wp-json\/wp\/v2\/types\/post"}],"author":[{"embeddable":true,"href":"https:\/\/www.europesays.com\/fr\/wp-json\/wp\/v2\/users\/2"}],"replies":[{"embeddable":true,"href":"https:\/\/www.europesays.com\/fr\/wp-json\/wp\/v2\/comments?post=358289"}],"version-history":[{"count":0,"href":"https:\/\/www.europesays.com\/fr\/wp-json\/wp\/v2\/posts\/358289\/revisions"}],"wp:featuredmedia":[{"embeddable":true,"href":"https:\/\/www.europesays.com\/fr\/wp-json\/wp\/v2\/media\/358290"}],"wp:attachment":[{"href":"https:\/\/www.europesays.com\/fr\/wp-json\/wp\/v2\/media?parent=358289"}],"wp:term":[{"taxonomy":"category","embeddable":true,"href":"https:\/\/www.europesays.com\/fr\/wp-json\/wp\/v2\/categories?post=358289"},{"taxonomy":"post_tag","embeddable":true,"href":"https:\/\/www.europesays.com\/fr\/wp-json\/wp\/v2\/tags?post=358289"}],"curies":[{"name":"wp","href":"https:\/\/api.w.org\/{rel}","templated":true}]}}