{"id":358295,"date":"2025-09-01T12:53:09","date_gmt":"2025-09-01T12:53:09","guid":{"rendered":"https:\/\/www.europesays.com\/fr\/358295\/"},"modified":"2025-09-01T12:53:09","modified_gmt":"2025-09-01T12:53:09","slug":"meteo-agitee-pour-la-rentree","status":"publish","type":"post","link":"https:\/\/www.europesays.com\/fr\/358295\/","title":{"rendered":"m\u00e9t\u00e9o agit\u00e9e pour la rentr\u00e9e"},"content":{"rendered":"<p>            Par<br \/>\n        <strong><br \/>\n            <a href=\"https:\/\/actu.fr\/auteur\/julien-damboise\" title=\"Consulter tous les articles de Julien Damboise\" target=\"_blank\" rel=\"noopener\">Julien Damboise<\/a><br \/>\n        <\/strong><\/p>\n<p>        Publi\u00e9 le<\/p>\n<p>            1 sept. 2025 \u00e0 14h42        <\/p>\n<p>Apr\u00e8s de la pluie pour le dernier week-end d\u2019ao\u00fbt \u00e0 <a href=\"https:\/\/actu.fr\/auvergne-rhone-alpes\/lyon_69123\" target=\"_blank\" rel=\"noopener\">Lyon<\/a>, la m\u00e9t\u00e9o sera encore marqu\u00e9e par <strong>le retour des orages<\/strong> dans la r\u00e9gion pour cette semaine de la <a href=\"https:\/\/actu.fr\/tag\/rentree-scolaire\" target=\"_blank\" rel=\"noopener\">rentr\u00e9e scolaire<\/a>, mais aussi une l\u00e9g\u00e8re hausse des <strong>temp\u00e9ratures<\/strong>. Voici ce qui est pr\u00e9vu par <a href=\"https:\/\/actu.fr\/tag\/meteo-france\" target=\"_blank\" rel=\"noopener\">M\u00e9t\u00e9o \u2013 France<\/a>.<\/p>\n<p>Des orages d\u00e8s lundi apr\u00e8s-midi ?<\/p>\n<p class=\" wall-content\">Apr\u00e8s un lundi 1\u1d49\u02b3 septembre qui a d\u00e9but\u00e9 sous les nuages dans la r\u00e9gion lyonnaise, les m\u00e9t\u00e9orologues annoncent des <strong>averses orageuses<\/strong> dans la seconde partie de journ\u00e9e.<\/p>\n<p class=\" wall-content\"><strong>La capitale des Gaules devrait \u00eatre touch\u00e9e. <\/strong>Toute la partie<strong> sud du d\u00e9partement est concern\u00e9e, ainsi que le nord du Rh\u00f4ne cette apr\u00e8s-midi (Beaujeu et Trades).<\/strong> Tout le Rh\u00f4ne est d\u2019ailleurs en vigilance jaune aux orages.<\/p>\n<p class=\" wall-content\">\n<p class=\" wall-content\">Dans la soir\u00e9e, la perturbation va se transformer en pluie faible en centre-ville de Lyon.<\/p>\n<p class=\" wall-content\">C\u00f4t\u00e9 mercure, il fera jusqu\u2019\u00e0 22\u00b0C au mieux \u00e0 Lyon avant une nuit avec une minimale de 15\u00b0C.<\/p>\n<p>Du r\u00e9pit avant de nouveaux orages<\/p>\n<p class=\" wall-content\">Mardi et mercredi, les journ\u00e9es s\u2019annoncent tr\u00e8s calmes \u00e0 Lyon avec des pr\u00e9visions qui indiquent <strong>quelques nuages puis un grand soleil<\/strong>. M\u00e9t\u00e9o \u2013 France voit une l\u00e9g\u00e8re hausse des temp\u00e9ratures avec 24\u00b0C maximum le mardi puis au moins 28\u00b0C le lendemain.<\/p>\n<p class=\" wall-content\">Mais d\u00e8s jeudi, une nouvelle salve d\u2019orges est redout\u00e9e. Des \u00e9clairs qui devraient s\u2019abattre, selon les experts du climat, \u00e0 partir de l\u2019apr\u00e8s-midi et durant une partie de la soir\u00e9e.<\/p>\n<p>Votre r\u00e9gion, votre actu !<\/p>\n<p>Recevez chaque jour les infos qui comptent pour vous.<\/p>\n<p>\t<a href=\"https:\/\/actu.fr\/newsletter\" class=\"ac-btn ac-btn--corner ac-btn--medium ac-btn--blue800\" target=\"_blank\" rel=\"noopener\">S&rsquo;incrire<\/a><\/p>\n<p class=\" wall-content\">Des pr\u00e9cisions doivent encore \u00eatre apport\u00e9es pour conna\u00eetre les secteurs qui seront les plus concern\u00e9es, et l\u2019intensit\u00e9 des ph\u00e9nom\u00e8nes.<\/p>\n<p class=\" wall-content\">Personnalisez votre actualit\u00e9 en ajoutant vos villes et m\u00e9dias en favori avec <a href=\"https:\/\/moncompte.actu.fr\" title=\"D\u00e9couvez Mon Actu\" rel=\"nofollow noopener\" data-trk=\"{&quot;cta&quot;:{&quot;action&quot;:&quot;https:\\\/\\\/moncompte.actu.fr&quot;,&quot;category&quot;:&quot;mon compte&quot;,&quot;from&quot;:&quot;article footer&quot;,&quot;name&quot;:&quot;Mon actu&quot;,&quot;type&quot;:&quot;cta&quot;}}\" target=\"_blank\">Mon Actu<\/a>.<\/p>\n","protected":false},"excerpt":{"rendered":"Par Julien Damboise Publi\u00e9 le 1 sept. 2025 \u00e0 14h42 Apr\u00e8s de la pluie pour le dernier week-end&hellip;\n","protected":false},"author":2,"featured_media":332195,"comment_status":"","ping_status":"","sticky":false,"template":"","format":"standard","meta":{"footnotes":""},"categories":[1889],"tags":[1111,11,2430,1777,674,1011,27,2428,2487,2357,12,4594,25],"class_list":{"0":"post-358295","1":"post","2":"type-post","3":"status-publish","4":"format-standard","5":"has-post-thumbnail","7":"category-lyon","8":"tag-actu","9":"tag-actualites","10":"tag-auvergne-rhone-alpes","11":"tag-eu","12":"tag-europe","13":"tag-fr","14":"tag-france","15":"tag-lyon","16":"tag-meteo","17":"tag-meteo-france","18":"tag-news","19":"tag-orages","20":"tag-republique-francaise"},"share_on_mastodon":{"url":"https:\/\/pubeurope.com\/@fr\/115129142630994534","error":""},"_links":{"self":[{"href":"https:\/\/www.europesays.com\/fr\/wp-json\/wp\/v2\/posts\/358295","targetHints":{"allow":["GET"]}}],"collection":[{"href":"https:\/\/www.europesays.com\/fr\/wp-json\/wp\/v2\/posts"}],"about":[{"href":"https:\/\/www.europesays.com\/fr\/wp-json\/wp\/v2\/types\/post"}],"author":[{"embeddable":true,"href":"https:\/\/www.europesays.com\/fr\/wp-json\/wp\/v2\/users\/2"}],"replies":[{"embeddable":true,"href":"https:\/\/www.europesays.com\/fr\/wp-json\/wp\/v2\/comments?post=358295"}],"version-history":[{"count":0,"href":"https:\/\/www.europesays.com\/fr\/wp-json\/wp\/v2\/posts\/358295\/revisions"}],"wp:featuredmedia":[{"embeddable":true,"href":"https:\/\/www.europesays.com\/fr\/wp-json\/wp\/v2\/media\/332195"}],"wp:attachment":[{"href":"https:\/\/www.europesays.com\/fr\/wp-json\/wp\/v2\/media?parent=358295"}],"wp:term":[{"taxonomy":"category","embeddable":true,"href":"https:\/\/www.europesays.com\/fr\/wp-json\/wp\/v2\/categories?post=358295"},{"taxonomy":"post_tag","embeddable":true,"href":"https:\/\/www.europesays.com\/fr\/wp-json\/wp\/v2\/tags?post=358295"}],"curies":[{"name":"wp","href":"https:\/\/api.w.org\/{rel}","templated":true}]}}