{"id":358298,"date":"2025-09-01T12:56:12","date_gmt":"2025-09-01T12:56:12","guid":{"rendered":"https:\/\/www.europesays.com\/fr\/358298\/"},"modified":"2025-09-01T12:56:12","modified_gmt":"2025-09-01T12:56:12","slug":"chroniqueurs-jeux-actu-legere-ce-que-prepare-cyril-hanouna-sur-fun-radio","status":"publish","type":"post","link":"https:\/\/www.europesays.com\/fr\/358298\/","title":{"rendered":"Chroniqueurs, jeux, \u00ab\u00a0actu l\u00e9g\u00e8re\u00a0\u00bb\u2026 Ce que pr\u00e9pare Cyril Hanouna sur Fun Radio"},"content":{"rendered":"<p class=\"paragraph text_align_left lp-f-body-02\">Rentr\u00e9e des classes en deux temps pour <a href=\"https:\/\/www.leparisien.fr\/culture-loisirs\/cyril-hanouna\/\" target=\"_blank\" rel=\"noreferrer nofollow noopener\">Cyril Hanouna<\/a>. D\u00e8s ce lundi \u00e0 partir de 18h25, l\u2019animateur-producteur retrouvera ses fans sur W 9 lors de <a href=\"https:\/\/www.leparisien.fr\/culture-loisirs\/tv\/on-en-dit-le-moins-possible-ce-que-prepare-secretement-cyril-hanouna-sur-w-9-30-08-2025-7UETHFQZPRB55LSBLNX7UNRAZM.php\" target=\"_blank\" rel=\"noreferrer nofollow noopener\">la premi\u00e8re de \u00ab Tout beau, tout n9uf \u00bb<\/a>, sa quotidienne t\u00e9l\u00e9 in\u00e9dite. Le lendemain, mardi 2 septembre, il encha\u00eenera avec le lancement \u00e0 partir de 15 heures de \u00ab Tout beau, tout Fun \u00bb, sa nouvelle \u00e9mission sur Fun Radio s\u2019\u00e9tirant sur trois heures.<\/p>\n<p class=\"paragraph text_align_left lp-f-body-02\">Comme pour la t\u00e9l\u00e9, l\u2019animateur-producteur a tourn\u00e9 un pilote de son futur programme sur les ondes la semaine derni\u00e8re. Organis\u00e9 jeudi, l\u2019enregistrement du num\u00e9ro de rodage s\u2019est d\u00e9roul\u00e9 dans le studio de radio flambant neuf que Cyril Hanouna a fait construire \u00e0 la Plaine Saint-Denis (Seine-Saint-Denis), juste \u00e0 c\u00f4t\u00e9 du plateau de \u00ab Tout beau, tout n9uf \u00bb. <\/p>\n<p>Sans public et en direct<\/p>\n<p class=\"paragraph text_align_left lp-f-body-02\">Une configuration qui permettra \u00e0 l\u2019animateur et \u00e0 ses acolytes de passer quotidiennement d\u2019un m\u00e9dia \u00e0 l\u2019autre sans avoir \u00e0 se d\u00e9placer. Ce ne sera pas du luxe tant leur agenda s\u2019annonce charg\u00e9, avec pr\u00e8s de 5h30 d\u2019antenne \u00e0 assurer chaque jour.<\/p>\n<p class=\"paragraph text_align_left lp-f-body-02\">Dans ce show radio sans public et en direct, l\u2019animateur sera entour\u00e9 de six chroniqueurs pioch\u00e9s largement parmi sa bande de t\u00e9l\u00e9. Lors du pilote, \u00ab Baba \u00bb (son surnom) \u00e9tait notamment \u00e9paul\u00e9 par Raymond Aabou, Val\u00e9rie B\u00e9na\u00efm, Olivier Dartigolles et G\u00e9raldine Maillet.<\/p>\n<p class=\"paragraph text_align_left lp-f-body-02\">Au programme de \u00ab Tout beau, tout fun \u00bb : du \u00ab divertissement pur \u00bb pr\u00e9vient un cadre des radios RTL. Les trois heures d\u2019\u00e9mission verront ainsi d\u00e9filer de nombreux jeux et quiz, organis\u00e9s au sein de la troupe ou avec des auditeurs pris au t\u00e9l\u00e9phone. Cyril Hanouna se fera aussi DJ puisqu\u2019il lancera pas moins de quatre disques de musique par heure.<\/p>\n<p class=\"paragraph text_align_left lp-f-body-02\">Au milieu de cette rigolade, une \u00ab partie actu l\u00e9g\u00e8re \u00bb pourrait venir se glisser en ouverture ou cl\u00f4ture de l\u2019\u00e9mission, m\u00eame si le pilote s\u2019en est pass\u00e9. Mais il n\u2019y aura \u00ab pas de politique \u00bb pr\u00e9cise-t-on imm\u00e9diatement dans les couloirs de Fun Radio. Le ma\u00eetre-mot, d\u00e9cid\u00e9ment, de la rentr\u00e9e de \u00ab l\u2019enfant terrible du PAF \u00bb au sein du groupe M 6.<\/p>\n","protected":false},"excerpt":{"rendered":"Rentr\u00e9e des classes en deux temps pour Cyril Hanouna. D\u00e8s ce lundi \u00e0 partir de 18h25, l\u2019animateur-producteur retrouvera&hellip;\n","protected":false},"author":2,"featured_media":358299,"comment_status":"","ping_status":"","sticky":false,"template":"","format":"standard","meta":{"footnotes":""},"categories":[1888],"tags":[1111,1928,11,1927,872,1777,674,1011,27,12,1926,626,1925,25,2205],"class_list":{"0":"post-358298","1":"post","2":"type-post","3":"status-publish","4":"format-standard","5":"has-post-thumbnail","7":"category-paris","8":"tag-actu","9":"tag-actu-paris","10":"tag-actualites","11":"tag-actualites-paris","12":"tag-culture-et-loisirs","13":"tag-eu","14":"tag-europe","15":"tag-fr","16":"tag-france","17":"tag-news","18":"tag-news-paris","19":"tag-paris","20":"tag-paris-news","21":"tag-republique-francaise","22":"tag-television-medias"},"share_on_mastodon":{"url":"https:\/\/pubeurope.com\/@fr\/115129154445203683","error":""},"_links":{"self":[{"href":"https:\/\/www.europesays.com\/fr\/wp-json\/wp\/v2\/posts\/358298","targetHints":{"allow":["GET"]}}],"collection":[{"href":"https:\/\/www.europesays.com\/fr\/wp-json\/wp\/v2\/posts"}],"about":[{"href":"https:\/\/www.europesays.com\/fr\/wp-json\/wp\/v2\/types\/post"}],"author":[{"embeddable":true,"href":"https:\/\/www.europesays.com\/fr\/wp-json\/wp\/v2\/users\/2"}],"replies":[{"embeddable":true,"href":"https:\/\/www.europesays.com\/fr\/wp-json\/wp\/v2\/comments?post=358298"}],"version-history":[{"count":0,"href":"https:\/\/www.europesays.com\/fr\/wp-json\/wp\/v2\/posts\/358298\/revisions"}],"wp:featuredmedia":[{"embeddable":true,"href":"https:\/\/www.europesays.com\/fr\/wp-json\/wp\/v2\/media\/358299"}],"wp:attachment":[{"href":"https:\/\/www.europesays.com\/fr\/wp-json\/wp\/v2\/media?parent=358298"}],"wp:term":[{"taxonomy":"category","embeddable":true,"href":"https:\/\/www.europesays.com\/fr\/wp-json\/wp\/v2\/categories?post=358298"},{"taxonomy":"post_tag","embeddable":true,"href":"https:\/\/www.europesays.com\/fr\/wp-json\/wp\/v2\/tags?post=358298"}],"curies":[{"name":"wp","href":"https:\/\/api.w.org\/{rel}","templated":true}]}}