{"id":358310,"date":"2025-09-01T13:02:14","date_gmt":"2025-09-01T13:02:14","guid":{"rendered":"https:\/\/www.europesays.com\/fr\/358310\/"},"modified":"2025-09-01T13:02:14","modified_gmt":"2025-09-01T13:02:14","slug":"certains-droits-de-douane-de-retorsion-imposes-par-ottawa-ne-sont-plus-percus","status":"publish","type":"post","link":"https:\/\/www.europesays.com\/fr\/358310\/","title":{"rendered":"Certains droits de douane de r\u00e9torsion impos\u00e9s par Ottawa ne sont plus per\u00e7us"},"content":{"rendered":"<p>OTTAWA \u2014 Les droits de douane de r\u00e9torsion impos\u00e9s depuis le mois de mars par le Canada sur de nombreux produits am\u00e9ricains ne sont plus per\u00e7us depuis lundi.<\/p>\n<p>Il y a dix jours, le premier ministre Mark Carney a annonc\u00e9 que le Canada abandonnait sa riposte contre les \u00c9tats-Unis pour les produits qui sont couverts par l\u2019accord de libre-\u00e9change entre les deux pays et le Mexique. Cette mesure est entr\u00e9e en vigueur lundi.<\/p>\n<p>Des produits am\u00e9ricains d\u2019une valeur de plus de 40\u00a0milliards\u00a0$ qui \u00e9taient frapp\u00e9s par des droits de douane de 25\u00a0% depuis le mois de mars peuvent donc d\u00e9sormais \u00eatre import\u00e9s au Canada sans taxe suppl\u00e9mentaire.<\/p>\n<p>Les droits de douane sur l\u2019acier, l\u2019aluminium et le secteur automobile restent en vigueur, puisque les \u00c9tats-Unis maintiennent les leurs sur ces secteurs.<\/p>\n<p>Lorsqu\u2019il a annonc\u00e9 l\u2019abandon des droits de douane de r\u00e9torsion, le 22\u00a0ao\u00fbt, M.\u00a0Carney a dit qu\u2019il souhaitait concentrer ses efforts sur la ren\u00e9gociation \u00e0 venir de l\u2019Accord Canada\u2013\u00c9tats-Unis\u2013Mexique (ACEUM) l\u2019ann\u00e9e prochaine.<\/p>\n<p>\u00abC\u2019est le moment de cibler nos efforts dans les secteurs strat\u00e9giques: l\u2019acier, l\u2019aluminium, les autos, le bois d\u2019\u0153uvre. (\u2026) Il y a l\u2019occasion d\u2019avoir un accord strat\u00e9gique avec les \u00c9tats-Unis, un partenariat \u00e9conomique et de s\u00e9curit\u00e9 avec les \u00c9tats-Unis\u00bb, a-t-il plaid\u00e9.<\/p>\n<p>Depuis cette annonce, le Canada et les \u00c9tats-Unis poursuivent leurs discussions.<\/p>\n<p>Le ministre responsable du Commerce Canada\u2013\u00c9tats-Unis, Dominic LeBlanc, s\u2019est notamment rendu \u00e0 Washington la semaine derni\u00e8re pour rencontrer le secr\u00e9taire am\u00e9ricain au Commerce, Howard Lutnick.<\/p>\n<p>\u00c0 son retour au pays, M.\u00a0LeBlanc a parl\u00e9 d\u2019une rencontre \u00ablongue et constructive\u00bb.<\/p>\n<p>\u00abC\u2019\u00e9tait constructif, car c\u2019\u00e9tait un \u00e9change de points de vue qui, je pense, nous a aid\u00e9s ainsi que les Am\u00e9ricains \u00e0 comprendre le travail que nous devons accomplir pour, nous l\u2019esp\u00e9rons, parvenir \u00e0 un accord\u00bb, a rapport\u00e9 M.\u00a0LeBlanc.<\/p>\n<p>Le ministre LeBlanc et l\u2019administration Trump ont convenu de garder confidentiel le contenu des conversations. Le ministre a assur\u00e9 que les deux parties travaillent de bonne foi.<\/p>\n<p><b>Longue saga<\/b><\/p>\n<p>Depuis son retour \u00e0 la Maison-Blanche, le pr\u00e9sident am\u00e9ricain Donald Trump s\u2019appuie sur les droits de douane pour r\u00e9orienter le commerce mondial.<\/p>\n<p>En mars, il a impos\u00e9 au Canada des droits de douane sur l\u2019ensemble de son \u00e9conomie, apr\u00e8s avoir d\u00e9clar\u00e9 l\u2019\u00e9tat d\u2019urgence \u00e0 la fronti\u00e8re nord en raison du trafic de fentanyl.<\/p>\n<p>Quelques jours plus tard, il a partiellement suspendu les pr\u00e9l\u00e8vements pour les importations conformes \u00e0 l\u2019ACEUM, sauf pour certains secteurs, comme l\u2019acier, l\u2019aluminium et le secteur automobile.<\/p>\n<p>Ottawa a r\u00e9pliqu\u00e9 en imposant ses propres droits de douane sur des produits am\u00e9ricains, tels que les oranges, l\u2019alcool, les motocyclettes et les cosm\u00e9tiques.<\/p>\n<p>Dans les mois qui ont suivi, Ottawa et Washington ont multipli\u00e9 les n\u00e9gociations. Plusieurs \u00e9ch\u00e9anciers ont \u00e9t\u00e9 fix\u00e9s pour parvenir \u00e0 une entente, mais ils n\u2019ont pas \u00e9t\u00e9 respect\u00e9s.<\/p>\n<p>Au d\u00e9but du mois d\u2019ao\u00fbt, Donald Trump a port\u00e9 les droits de douane sur le Canada \u00e0 35\u00a0% pour les produits qui ne sont pas couverts par l\u2019ACEUM.<\/p>\n<p>Vendredi, une cour d\u2019appel f\u00e9d\u00e9rale am\u00e9ricaine a statu\u00e9 que de nombreux droits de douane impos\u00e9s par M.\u00a0Trump \u00e9taient ill\u00e9gaux, mais a autoris\u00e9 leur maintien en vigueur, l\u2019affaire \u00e9tant susceptible d\u2019\u00eatre port\u00e9e devant la Cour supr\u00eame.<\/p>\n","protected":false},"excerpt":{"rendered":"OTTAWA \u2014 Les droits de douane de r\u00e9torsion impos\u00e9s depuis le mois de mars par le Canada sur&hellip;\n","protected":false},"author":2,"featured_media":358311,"comment_status":"","ping_status":"","sticky":false,"template":"","format":"standard","meta":{"footnotes":""},"categories":[1589],"tags":[11,73,1866,4574,4575,4576,12,1864,1865,1863,308],"class_list":{"0":"post-358310","1":"post","2":"type-post","3":"status-publish","4":"format-standard","5":"has-post-thumbnail","7":"category-etats-unis","8":"tag-actualites","9":"tag-etats-unis","10":"tag-etats-unis-damerique","11":"tag-https-lactualite-com-sujet-affaires","12":"tag-https-lactualite-com-sujet-economie","13":"tag-https-lactualite-com-sujet-politique","14":"tag-news","15":"tag-united-states","16":"tag-united-states-of-america","17":"tag-us","18":"tag-usa"},"share_on_mastodon":{"url":"https:\/\/pubeurope.com\/@fr\/115129178152524645","error":""},"_links":{"self":[{"href":"https:\/\/www.europesays.com\/fr\/wp-json\/wp\/v2\/posts\/358310","targetHints":{"allow":["GET"]}}],"collection":[{"href":"https:\/\/www.europesays.com\/fr\/wp-json\/wp\/v2\/posts"}],"about":[{"href":"https:\/\/www.europesays.com\/fr\/wp-json\/wp\/v2\/types\/post"}],"author":[{"embeddable":true,"href":"https:\/\/www.europesays.com\/fr\/wp-json\/wp\/v2\/users\/2"}],"replies":[{"embeddable":true,"href":"https:\/\/www.europesays.com\/fr\/wp-json\/wp\/v2\/comments?post=358310"}],"version-history":[{"count":0,"href":"https:\/\/www.europesays.com\/fr\/wp-json\/wp\/v2\/posts\/358310\/revisions"}],"wp:featuredmedia":[{"embeddable":true,"href":"https:\/\/www.europesays.com\/fr\/wp-json\/wp\/v2\/media\/358311"}],"wp:attachment":[{"href":"https:\/\/www.europesays.com\/fr\/wp-json\/wp\/v2\/media?parent=358310"}],"wp:term":[{"taxonomy":"category","embeddable":true,"href":"https:\/\/www.europesays.com\/fr\/wp-json\/wp\/v2\/categories?post=358310"},{"taxonomy":"post_tag","embeddable":true,"href":"https:\/\/www.europesays.com\/fr\/wp-json\/wp\/v2\/tags?post=358310"}],"curies":[{"name":"wp","href":"https:\/\/api.w.org\/{rel}","templated":true}]}}