{"id":358313,"date":"2025-09-01T13:04:16","date_gmt":"2025-09-01T13:04:16","guid":{"rendered":"https:\/\/www.europesays.com\/fr\/358313\/"},"modified":"2025-09-01T13:04:16","modified_gmt":"2025-09-01T13:04:16","slug":"chomage-record-en-allemagne-depuis-2015-lappel-aux-reformes-sintensifie-lexpress","status":"publish","type":"post","link":"https:\/\/www.europesays.com\/fr\/358313\/","title":{"rendered":"Ch\u00f4mage record en Allemagne depuis 2015, l&rsquo;appel aux r\u00e9formes s&rsquo;intensifie \u2013 L&rsquo;Express"},"content":{"rendered":"<p class=\"paragraph article-body-paragraph article__item   article-body-paragraph--first \">Selon les donn\u00e9es publi\u00e9es vendredi par l&rsquo;Agence pour l&#8217;emploi, le ch\u00f4mage a augment\u00e9 de 45.700 personnes sur un mois, portant le total \u00e0 3,03 millions de sans-emplois.<\/p>\n<p class=\"paragraph article-body-paragraph article__item   \">La pause estivale explique en partie cette mauvaise statistique, car, corrig\u00e9 des variations saisonni\u00e8res, le chiffre recule de 9.000 personnes sur un mois et le taux de ch\u00f4mage se maintient \u00e0 6,3%.<\/p>\n<p class=\"paragraph article-body-paragraph article__item   \">Le march\u00e9 du travail allemand subit n\u00e9anmoins les effets combin\u00e9s d&rsquo;une stagnation \u00e9conomique prolong\u00e9e et de la pression internationale, aggrav\u00e9e par le conflit en Ukraine et les incertitudes mondiales.<\/p>\n<p class=\"paragraph article-body-paragraph article__item   \">Ses co\u00fbts d&rsquo;\u00e9nergie en hausse ont \u00e9galement nui \u00e0 la comp\u00e9titivit\u00e9 des produits made in Germany.<\/p>\n<p class=\"paragraph article-body-paragraph article__item   \">Depuis mai 2022, le ch\u00f4mage a ainsi augment\u00e9 r\u00e9guli\u00e8rement, passant d&rsquo;un point bas de 2,2 millions de personnes sans emploi \u00e0 plus de 3 millions aujourd&rsquo;hui.<\/p>\n<p class=\"paragraph article-body-paragraph article__item   \">La derni\u00e8re fois qu&rsquo;un mois d&rsquo;ao\u00fbt a d\u00e9pass\u00e9 cette barre symbolique remonte \u00e0 2010, selon les archives de l&rsquo;Agence pour l&#8217;emploi.<\/p>\n<p> Automne des r\u00e9formes <\/p>\n<p class=\"paragraph article-body-paragraph article__item   \">Ces chiffres bruts sont moins le r\u00e9v\u00e9lateur d&rsquo;une tendance structurelle qu&rsquo;un \u00e9lectrochoc pour le d\u00e9bat public: vendredi, le quotidien populaire Bild en a fait la une de son site en ligne.<\/p>\n<p class=\"paragraph article-body-paragraph article__item   \">Ces trois millions de ch\u00f4meurs repr\u00e9sentent surtout un constat d&rsquo;\u00e9chec face au refus de r\u00e9formes de ces derni\u00e8res ann\u00e9es, a r\u00e9agi Rainer Dulger, pr\u00e9sident de la F\u00e9d\u00e9ration allemande des employeurs (BDA). <\/p>\n<p class=\"paragraph article-body-paragraph article__item   \">Pour lui, l&rsquo;Allemagne a besoin d&rsquo;un v\u00e9ritable automne des r\u00e9formes.<\/p>\n<p class=\"paragraph article-body-paragraph article__item   \">Apr\u00e8s un d\u00e9part poussif au printemps, le gouvernement de coalition dirig\u00e9 par le chancelier conservateur Friedrich Merz est attendu \u00e0 la rentr\u00e9e sur les r\u00e9formes promises, notamment fiscales et sociales, pour relancer une \u00e9conomie en berne.<\/p>\n<p class=\"paragraph article-body-paragraph article__item   \">Le vent contraire conjoncturel laisse toujours des traces sur le march\u00e9 du travail et n\u00e9cessite des mesures de riposte, a reconnu la ministre social-d\u00e9mocrate du Travail, B\u00e4rbel Bas, dans un communiqu\u00e9. <\/p>\n<p class=\"paragraph article-body-paragraph article__item   \">Mme Bas a aussi mis en avant les efforts du gouvernement f\u00e9d\u00e9ral, qui a adopt\u00e9 des incitations \u00e0 l&rsquo;investissement et un plan de 500 milliards d&rsquo;euros pour les infrastructures &#8211; routes, ponts, b\u00e2timents &#8211; vieillissantes du pays.<\/p>\n<p> Recul industriel <\/p>\n<p class=\"paragraph article-body-paragraph article__item   \">Les repr\u00e9sentants de f\u00e9d\u00e9rations industrielles insistent aussi sur l&rsquo;urgence d&rsquo;une politique \u00e9conomique qui stimule d&rsquo;avantage l&#8217;emploi et les investissements.<\/p>\n<p class=\"paragraph article-body-paragraph article__item   \">Dans le secteur de la machine-outil, le directeur du lobby VDMA, Thilo Brodtmann, souligne que sans diminution des d\u00e9penses sociales et r\u00e9formes concr\u00e8tes, la situation pourrait continuer \u00e0 se d\u00e9t\u00e9riorer. <\/p>\n<p class=\"paragraph article-body-paragraph article__item   \">Ce secteur vital pour l&rsquo;\u00e9conomie allemande cherche d&rsquo;urgence des travailleurs qualifi\u00e9s face au vieillissement d\u00e9mographique du pays.<\/p>\n<p class=\"paragraph article-body-paragraph article__item   \">Dans les autres pans de l&rsquo;industrie, la d\u00e9gradation des effectifs s&rsquo;acc\u00e9l\u00e8re: fin juin, l&#8217;emploi y avait recul\u00e9 de 2,1% sur un an, soit environ 114.000 postes supprim\u00e9s.<\/p>\n<p class=\"paragraph article-body-paragraph article__item   \">Depuis 2019, ce sont pr\u00e8s de 250.000 emplois qui ont disparu, a relev\u00e9 le cabinet EY. <\/p>\n<p class=\"paragraph article-body-paragraph article__item   \">Dans l&rsquo;automobile, en pleine mutation vers l&rsquo;\u00e9lectrique, le recul est de 6,7% sur un an, soit 51.500 postes supprim\u00e9s, et plus de 112.000 depuis 2019, selon EY.<\/p>\n<p class=\"paragraph article-body-paragraph article__item   \">Stephanie Schoenwald, \u00e9conomiste chez KfW Research, relativise la situation, en rappelant que l&rsquo;Allemagne reste loin de ses niveaux records des ann\u00e9es 2000, avec 5 millions de ch\u00f4meurs et un taux de ch\u00f4mage tournant autour de 11\u201112\u202f%.<\/p>\n<p class=\"paragraph article-body-paragraph article__item   \">Ces chiffres avaient donn\u00e9 naissance aux r\u00e9formes Hartz, lanc\u00e9es entre 2003 et 2005, qui avaient durci nettement le syst\u00e8me d&rsquo;allocations ch\u00f4mage. <\/p>\n<p class=\"paragraph article-body-paragraph article__item    article__text__endpicto\">La reprise de l&rsquo;\u00e9conomie allemande attendue l&rsquo;an prochain sugg\u00e8re \u00e0 elle seule que les chances d&rsquo;am\u00e9lioration du march\u00e9 du travail restent bonnes, conclut Mme Schoenwald.<\/p>\n","protected":false},"excerpt":{"rendered":"Selon les donn\u00e9es publi\u00e9es vendredi par l&rsquo;Agence pour l&#8217;emploi, le ch\u00f4mage a augment\u00e9 de 45.700 personnes sur un&hellip;\n","protected":false},"author":2,"featured_media":358314,"comment_status":"","ping_status":"","sticky":false,"template":"","format":"standard","meta":{"footnotes":""},"categories":[1587],"tags":[11,672,1804,1805,1803,1777,674,1801,74,12,1802],"class_list":{"0":"post-358313","1":"post","2":"type-post","3":"status-publish","4":"format-standard","5":"has-post-thumbnail","7":"category-allemagne","8":"tag-actualites","9":"tag-allemagne","10":"tag-bundesrepublik-deutschland","11":"tag-de","12":"tag-deutschland","13":"tag-eu","14":"tag-europe","15":"tag-germany","16":"tag-monde","17":"tag-news","18":"tag-republique-federale-dallemagne"},"share_on_mastodon":{"url":"https:\/\/pubeurope.com\/@fr\/115129186066829257","error":""},"_links":{"self":[{"href":"https:\/\/www.europesays.com\/fr\/wp-json\/wp\/v2\/posts\/358313","targetHints":{"allow":["GET"]}}],"collection":[{"href":"https:\/\/www.europesays.com\/fr\/wp-json\/wp\/v2\/posts"}],"about":[{"href":"https:\/\/www.europesays.com\/fr\/wp-json\/wp\/v2\/types\/post"}],"author":[{"embeddable":true,"href":"https:\/\/www.europesays.com\/fr\/wp-json\/wp\/v2\/users\/2"}],"replies":[{"embeddable":true,"href":"https:\/\/www.europesays.com\/fr\/wp-json\/wp\/v2\/comments?post=358313"}],"version-history":[{"count":0,"href":"https:\/\/www.europesays.com\/fr\/wp-json\/wp\/v2\/posts\/358313\/revisions"}],"wp:featuredmedia":[{"embeddable":true,"href":"https:\/\/www.europesays.com\/fr\/wp-json\/wp\/v2\/media\/358314"}],"wp:attachment":[{"href":"https:\/\/www.europesays.com\/fr\/wp-json\/wp\/v2\/media?parent=358313"}],"wp:term":[{"taxonomy":"category","embeddable":true,"href":"https:\/\/www.europesays.com\/fr\/wp-json\/wp\/v2\/categories?post=358313"},{"taxonomy":"post_tag","embeddable":true,"href":"https:\/\/www.europesays.com\/fr\/wp-json\/wp\/v2\/tags?post=358313"}],"curies":[{"name":"wp","href":"https:\/\/api.w.org\/{rel}","templated":true}]}}