{"id":358315,"date":"2025-09-01T13:05:10","date_gmt":"2025-09-01T13:05:10","guid":{"rendered":"https:\/\/www.europesays.com\/fr\/358315\/"},"modified":"2025-09-01T13:05:10","modified_gmt":"2025-09-01T13:05:10","slug":"la-russie-soupconnee-detre-derriere-le-brouillage-gps-de-lavion-dursula-von-der-leyen-lexpress","status":"publish","type":"post","link":"https:\/\/www.europesays.com\/fr\/358315\/","title":{"rendered":"La Russie soup\u00e7onn\u00e9e d\u2019\u00eatre derri\u00e8re le brouillage GPS de l\u2019avion d\u2019Ursula von\u00a0der\u00a0Leyen \u2013 L&rsquo;Express"},"content":{"rendered":"<p class=\"paragraph article-body-paragraph article__item   article-body-paragraph--first \">L&rsquo;avion \u00e0 bord duquel voyageait la pr\u00e9sidente de la Commission europ\u00e9enne <a href=\"https:\/\/www.lexpress.fr\/economie\/politique-economique\/budget-europeen-comment-ursula-von-der-leyen-a-reussi-a-mecontenter-tout-le-monde-SMBSY3CNKNHETCVDTPWSVH5XEA\/\" target=\"_self\" rel=\"nofollow noopener\" title=\"https:\/\/www.lexpress.fr\/economie\/politique-economique\/budget-europeen-comment-ursula-von-der-leyen-a-reussi-a-mecontenter-tout-le-monde-SMBSY3CNKNHETCVDTPWSVH5XEA\/\">Ursula von der Leyen<\/a> a \u00e9t\u00e9 victime d&rsquo;un \u00ab\u00a0brouillage GPS\u00a0\u00bb, fr\u00e9quents dans cette partie d&rsquo;Europe de l&rsquo;Est, \u00e0 son arriv\u00e9e en Bulgarie dimanche a annonc\u00e9 son \u00e9quipe, affirmant que la Russie \u00e9tait soup\u00e7onn\u00e9e d&rsquo;\u00eatre derri\u00e8re cet acte. \u00ab\u00a0Nous pouvons confirmer qu&rsquo;il y a eu brouillage GPS\u00a0\u00bb, a d\u00e9clar\u00e9 lundi 1er septembre une porte-parole de la cheffe de l&rsquo;ex\u00e9cutif europ\u00e9en, Arianna Podesta. \u00ab\u00a0Les autorit\u00e9s bulgares nous ont inform\u00e9s qu&rsquo;elles soup\u00e7onnaient que cela \u00e9tait d\u00fb \u00e0 une ing\u00e9rence flagrante de la Russie\u00a0\u00bb, a-t-elle ajout\u00e9.\u00a0L&rsquo;avion a atterri \u00ab\u00a0sans difficult\u00e9\u00a0\u00bb en Bulgarie.<\/p>\n<p class=\"paragraph article-body-paragraph article__item   \">\u00ab\u00a0Nous sommes bien s\u00fbr conscients, et habitu\u00e9s d&rsquo;une certaine mani\u00e8re, aux menaces et intimidations qui font partie int\u00e9grante du comportement hostile de la Russie\u00a0\u00bb, a affirm\u00e9 Arianna Podesta. Et l&rsquo;ex\u00e9cutif europ\u00e9en de rappeler que ce type d&rsquo;incident \u00e9tait r\u00e9current en Europe de l&rsquo;Est.<\/p>\n<p><strong class=\"article-body-link-list__item text-gray-800 article-body-link-list__item--one-item\">LIRE AUSSI : <a class=\"article-body-link-list__item-link\" href=\"https:\/\/www.lexpress.fr\/monde\/a-ce-stade-on-ne-peut-pas-faire-face-larsenal-militaire-russe-cette-inquietante-menace-pour-leurope-TW25U6H77ZGGNM26VDEBGBJJ5I\/\" target=\"_blank\" rel=\"noreferrer nofollow noopener\">\u00ab\u00a0A ce stade, on ne peut pas faire face\u00a0\u00bb : comment l&rsquo;industrie de d\u00e9fense russe menace l\u2019Europe<\/a><\/strong><\/p>\n<p class=\"paragraph article-body-paragraph article__item   \">La pr\u00e9sidente de la Commission a entam\u00e9 vendredi une tourn\u00e9e des pays de l&rsquo;UE frontaliers ou situ\u00e9s non loin du B\u00e9larus et de la Russie pour faire part de la \u00ab\u00a0pleine solidarit\u00e9\u00a0\u00bb de l&rsquo;UE \u00e0 leur \u00e9gard. Son d\u00e9placement en Bulgarie a eu lieu dimanche, apr\u00e8s des \u00e9tapes en Lettonie, en Finlande, en Estonie et en Pologne.<\/p>\n<p>\u00ab\u00a0Le signal GPS a disparu\u00a0\u00bb<\/p>\n<p class=\"paragraph article-body-paragraph article__item   \">\u00ab\u00a0Lors de l&rsquo;approche pour l&rsquo;atterrissage \u00e0 l&rsquo;a\u00e9roport de Plovdiv, le signal GPS a disparu\u00a0\u00bb, a indiqu\u00e9 le gouvernement bulgare. \u00ab\u00a0Afin d&rsquo;assurer la s\u00e9curit\u00e9 du vol, les services de contr\u00f4le a\u00e9rien ont imm\u00e9diatement propos\u00e9 une approche alternative pour l&rsquo;atterrissage \u00e0 l&rsquo;aide de moyens de navigation terrestres\u00a0\u00bb, a-t-il pr\u00e9cis\u00e9.<\/p>\n<p class=\"paragraph article-body-paragraph article__item   \">En Bulgarie, Ursula von der Leyen a visit\u00e9 une usine de munitions destin\u00e9es \u00e0 l&rsquo;Ukraine et \u00e0 renforcer la <a href=\"https:\/\/www.lexpress.fr\/monde\/europe\/ladhesion-de-lukraine-a-lunion-europeenne-pourrait-elle-lui-offrir-une-garantie-de-securite-7NEGYHSBLVFKDCHV4E3UJKZAEU\/\" target=\"_self\" rel=\"nofollow noopener\" title=\"https:\/\/www.lexpress.fr\/monde\/europe\/ladhesion-de-lukraine-a-lunion-europeenne-pourrait-elle-lui-offrir-une-garantie-de-securite-7NEGYHSBLVFKDCHV4E3UJKZAEU\/\">s\u00e9curit\u00e9 du continent europ\u00e9en<\/a>. Elle est ce lundi en Lituanie.<\/p>\n<p class=\"paragraph article-body-paragraph article__item   \">Les Europ\u00e9ens cherchent par tous les moyens \u00e0 peser dans les discussions sur la s\u00e9curit\u00e9 de l&rsquo;Ukraine et du Vieux continent. D&rsquo;intenses tractations sont en cours parmi les alli\u00e9s de Kiev pour d\u00e9terminer quel type de garanties de s\u00e9curit\u00e9 lui offrir en cas d&rsquo;accord de paix avec Moscou afin de pr\u00e9venir toute nouvelle attaque russe sur ce pays.<\/p>\n<p><strong class=\"article-body-link-list__item text-gray-800 article-body-link-list__item--one-item\">LIRE AUSSI : <a class=\"article-body-link-list__item-link\" href=\"https:\/\/www.lexpress.fr\/idees-et-debats\/andrei-soldatov-les-services-russes-preparent-deja-la-suite-de-la-guerre-contre-loccident-C5XCODXU7BC7VDB4JFLKLFYJE4\/\" target=\"_blank\" rel=\"noreferrer nofollow noopener\">Andre\u00ef Soldatov : \u00ab\u00a0Les services russes pr\u00e9parent d\u00e9j\u00e0 la suite de la guerre contre l\u2019Occident\u00a0\u00bb<\/a><\/strong><\/p>\n<p class=\"paragraph article-body-paragraph article__item   \">Celles-ci se sont nettement acc\u00e9l\u00e9r\u00e9es depuis le sommet du 15 ao\u00fbt entre Donald Trump et Vladimir Poutine en Alaska. Qui a \u00e9t\u00e9 suivi d&rsquo;une r\u00e9union \u00e0 la Maison-Blanche entre le pr\u00e9sident am\u00e9ricain, son homologue ukrainien Volodymyr Zelensky et sept dirigeants europ\u00e9ens.<\/p>\n<p class=\"paragraph article-body-paragraph article__item    article__text__endpicto\">La semaine derni\u00e8re, des bureaux de l&rsquo;Union europ\u00e9enne \u00e0 Kiev avaient \u00e9t\u00e9 endommag\u00e9s par <a href=\"https:\/\/www.lexpress.fr\/monde\/europe\/guerre-en-ukraine-dimportantes-frappes-russes-sur-kiev-font-au-moins-huit-morts-LOGYXSNB5FDURPXC5W3653YHAM\/\" target=\"_self\" rel=\"nofollow noopener\" title=\"https:\/\/www.lexpress.fr\/monde\/europe\/guerre-en-ukraine-dimportantes-frappes-russes-sur-kiev-font-au-moins-huit-morts-LOGYXSNB5FDURPXC5W3653YHAM\/\">des frappes russes<\/a>.\u00a0La cheffe de la diplomatie europ\u00e9enne Kaja Kallas avait annonc\u00e9 convoquer l&rsquo;ambassadeur russe dans la foul\u00e9e.<\/p>\n","protected":false},"excerpt":{"rendered":"L&rsquo;avion \u00e0 bord duquel voyageait la pr\u00e9sidente de la Commission europ\u00e9enne Ursula von der Leyen a \u00e9t\u00e9 victime&hellip;\n","protected":false},"author":2,"featured_media":358316,"comment_status":"","ping_status":"","sticky":false,"template":"","format":"standard","meta":{"footnotes":""},"categories":[1586],"tags":[11,1777,674,1011,27,74,12,25],"class_list":{"0":"post-358315","1":"post","2":"type-post","3":"status-publish","4":"format-standard","5":"has-post-thumbnail","7":"category-europe","8":"tag-actualites","9":"tag-eu","10":"tag-europe","11":"tag-fr","12":"tag-france","13":"tag-monde","14":"tag-news","15":"tag-republique-francaise"},"share_on_mastodon":{"url":"https:\/\/pubeurope.com\/@fr\/115129189873282197","error":""},"_links":{"self":[{"href":"https:\/\/www.europesays.com\/fr\/wp-json\/wp\/v2\/posts\/358315","targetHints":{"allow":["GET"]}}],"collection":[{"href":"https:\/\/www.europesays.com\/fr\/wp-json\/wp\/v2\/posts"}],"about":[{"href":"https:\/\/www.europesays.com\/fr\/wp-json\/wp\/v2\/types\/post"}],"author":[{"embeddable":true,"href":"https:\/\/www.europesays.com\/fr\/wp-json\/wp\/v2\/users\/2"}],"replies":[{"embeddable":true,"href":"https:\/\/www.europesays.com\/fr\/wp-json\/wp\/v2\/comments?post=358315"}],"version-history":[{"count":0,"href":"https:\/\/www.europesays.com\/fr\/wp-json\/wp\/v2\/posts\/358315\/revisions"}],"wp:featuredmedia":[{"embeddable":true,"href":"https:\/\/www.europesays.com\/fr\/wp-json\/wp\/v2\/media\/358316"}],"wp:attachment":[{"href":"https:\/\/www.europesays.com\/fr\/wp-json\/wp\/v2\/media?parent=358315"}],"wp:term":[{"taxonomy":"category","embeddable":true,"href":"https:\/\/www.europesays.com\/fr\/wp-json\/wp\/v2\/categories?post=358315"},{"taxonomy":"post_tag","embeddable":true,"href":"https:\/\/www.europesays.com\/fr\/wp-json\/wp\/v2\/tags?post=358315"}],"curies":[{"name":"wp","href":"https:\/\/api.w.org\/{rel}","templated":true}]}}