{"id":358327,"date":"2025-09-01T13:12:10","date_gmt":"2025-09-01T13:12:10","guid":{"rendered":"https:\/\/www.europesays.com\/fr\/358327\/"},"modified":"2025-09-01T13:12:10","modified_gmt":"2025-09-01T13:12:10","slug":"pourquoi-on-na-pas-assiste-au-premier-carton-orange-de-la-saison-en-france","status":"publish","type":"post","link":"https:\/\/www.europesays.com\/fr\/358327\/","title":{"rendered":"Pourquoi on n&rsquo;a pas assist\u00e9 au premier carton orange de la saison en France"},"content":{"rendered":"<p>            Par<br \/>\n        <strong><br \/>\n            <a href=\"https:\/\/actu.fr\/auteur\/clement-mazella\" title=\"Consulter tous les articles de Cl\u00e9ment Mazella\" target=\"_blank\" rel=\"noopener\">Cl\u00e9ment Mazella<\/a><br \/>\n        <\/strong><\/p>\n<p>        Publi\u00e9 le<\/p>\n<p>            1 sept. 2025 \u00e0 12h26        <\/p>\n<p>C\u2019est l\u2019une des grandes nouveaut\u00e9s de cette saison 2025-2026 : le <strong>carton orange<\/strong>. Samedi 30 ao\u00fbt, en cl\u00f4ture de <a href=\"https:\/\/actu.fr\/sports\/rugby\/pro-d2\/rugby-pro-d2-tous-les-resultats-de-la-1ere-journee-biarritz-cartonne-et-agen-sombre_63092884.html\" target=\"_blank\" rel=\"noopener\">la 1\u00e8re journ\u00e9e de Pro D2<\/a>, beaucoup pensaient que <strong>Francis Saili<\/strong> allait \u00eatre le premier \u00e0 \u00e9coper de ce fameux carton orange. Sauf que l\u2019arbitre Luc Ramos n\u2019en a pas d\u00e9cid\u00e9 ainsi, optant pour un carton rouge apr\u00e8s une action t\u00eate-t\u00eate. Explications.<\/p>\n<p>Pourquoi Francis Saili n\u2019a pas eu de carton orange ?<\/p>\n<p class=\" wall-content\">Apr\u00e8s 16 minutes de jeu \u00e0 peine, le centre de Vannes, Francis Saili, s\u2019est rendu coupable d\u2019un plaquage dangereux sur l\u2019arri\u00e8re de Brive, Julien Tisseron, avec notamment un choc t\u00eate-t\u00eate. En direct, aussi bien dans le public qu\u2019aupr\u00e8s des commentateurs de Canal +, on a \u00e9voqu\u00e9 l\u2019id\u00e9e d\u2019un carton orange. Une nouveaut\u00e9 en France.<\/p>\n<p class=\" wall-content\">Si dans un premier temps, l\u2019arbitre Luc Ramos estimait \u00ab\u00a0le plaquage l\u00e9gal\u00a0\u00bb, le visionnage des ralentis a tr\u00e8s vite chang\u00e9 sa perception. \u00ab\u00a0Nous avons bien un contact t\u00eate-t\u00eate. Il y a de la vitesse et de l\u2019intensit\u00e9, nous sommes sur un haut degr\u00e9 de danger. Je ne vois pas de circonstances att\u00e9nuantes. J\u2019ai une d\u00e9cision : c\u2019est rouge direct\u00a0\u00bb.<\/p>\n<p class=\" wall-content\">Pourquoi rouge direct et pas un orange ? C\u2019est simple : l\u2019arbitre Luc Ramos n\u2019a eu <strong>aucun doute sur cette action<\/strong> et la sanction \u00e0 prendre, et ce m\u00eame si Francis Saili montre clairement la volont\u00e9 d\u2019enserrer avec ses bras son adversaire sur le plaquage.<\/p>\n<p class=\" wall-content\">Le carton orange, lui, est l\u00e0 pour \u00ab\u00a0aider\u00a0\u00bb en cas de \u00ab\u00a0doute\u00a0\u00bb. Et c\u2019est clairement cette notion de doute qu\u2019il faut avoir en t\u00eate. \u00ab\u00a0Il sera utilis\u00e9 pour les situations o\u00f9 nous sommes dans un entre-deux\u00a0\u00bb, expliquait Mathieu Raynal, membre de la cellule technique de l\u2019arbitrage professionnel FFR, aux entra\u00eeneurs et managers de Top 14 et Pro D2 lors d\u2019un stage fin juillet \u00e0 Loudenvielle. Un entre-deux qui ne peut donc se faire qu\u2019au cas par cas.<\/p>\n<p class=\" wall-content\">\n<p>Un carton orange qui fait d\u00e9bat<\/p>\n<p class=\" wall-content\">La diff\u00e9rence entre le carton rouge et le carton orange n\u2019est pas neutre. Lorsqu\u2019un joueur \u00e9copera d\u2019un carton orange, <strong>il sera exclu d\u00e9finitivement, mais au bout de 20 minutes de jeu, son \u00e9quipe aura la possibilit\u00e9 de faire rentrer un nouveau joueur<\/strong> et donc de se retrouver \u00e0 15.\u00a0<\/p>\n<p class=\" wall-content\">Lors de Brive-Vannes, si Francis Saili avait re\u00e7u un carton orange, le RCV aurait pu revenir \u00e0 15 apr\u00e8s 36 minutes de jeu avec l\u2019entr\u00e9e en jeu d\u2019un rempla\u00e7ant. Cela aurait pu aider encore un peu plus les Bretons, qui ont r\u00e9ussi la performance d\u2019arracher un r\u00e9sultat nul (30-30) au Stadium malgr\u00e9 65 minutes d\u2019inf\u00e9riorit\u00e9 num\u00e9rique.<\/p>\n<p class=\" wall-content\">\n<p class=\" wall-content\">Bref, il faudra attendre avant d\u2019assister au premier carton orange en France. Mais quoi qu\u2019il en soit, cette nouveaut\u00e9 divise. \u00ab\u00a0Je suis compl\u00e8tement contre\u00a0\u00bb, avouait Laurent Cardona, ancien arbitre et en charge de la discipline \u00e0 Soyaux-Angoul\u00eame.<\/p>\n<p>Votre r\u00e9gion, votre actu !<\/p>\n<p>Recevez chaque jour les infos qui comptent pour vous.<\/p>\n<p>\t<a href=\"https:\/\/actu.fr\/newsletter\" class=\"ac-btn ac-btn--corner ac-btn--medium ac-btn--blue800\" target=\"_blank\" rel=\"noopener\">S&rsquo;incrire<\/a><\/p>\n<p class=\" wall-content\">\u00ab\u00a0Cela commence \u00e0 faire beaucoup avec le temps, entre le rouge, le jaune bunker, le orange\u2026 Malheureusement, on ne ma\u00eetrise pas tout, c\u2019est une nouvelle r\u00e9glementation : il faut aller avec son temps s\u00fbrement\u00a0\u00bb, soufflait aupr\u00e8s d\u2019<a href=\"https:\/\/actu.fr\/rugby\/\" target=\"_blank\" rel=\"noopener\">Actu Rugby<\/a> David G\u00e9rard, s\u00e9lectionneur de la Roumanie et commentateur de la Pro D2 sur Canal + et Sud Radio. Surtout, \u00e7a risque de beaucoup faire r\u00e9agir quand ces cartons oranges seront sortis\u2026<\/p>\n<p class=\" wall-content\">Personnalisez votre actualit\u00e9 en ajoutant vos villes et m\u00e9dias en favori avec <a href=\"https:\/\/moncompte.actu.fr\" title=\"D\u00e9couvez Mon Actu\" rel=\"nofollow noopener\" data-trk=\"{&quot;cta&quot;:{&quot;action&quot;:&quot;https:\\\/\\\/moncompte.actu.fr&quot;,&quot;category&quot;:&quot;mon compte&quot;,&quot;from&quot;:&quot;article footer&quot;,&quot;name&quot;:&quot;Mon actu&quot;,&quot;type&quot;:&quot;cta&quot;}}\" target=\"_blank\">Mon Actu<\/a>.<\/p>\n","protected":false},"excerpt":{"rendered":"Par Cl\u00e9ment Mazella Publi\u00e9 le 1 sept. 2025 \u00e0 12h26 C\u2019est l\u2019une des grandes nouveaut\u00e9s de cette saison&hellip;\n","protected":false},"author":2,"featured_media":358328,"comment_status":"","ping_status":"","sticky":false,"template":"","format":"standard","meta":{"footnotes":""},"categories":[1416],"tags":[45819,1011,27,2308,479,1468,60],"class_list":{"0":"post-358327","1":"post","2":"type-post","3":"status-publish","4":"format-standard","5":"has-post-thumbnail","7":"category-rugby","8":"tag-ca-brive-correze","9":"tag-fr","10":"tag-france","11":"tag-pro-d2","12":"tag-rugby","13":"tag-rugby-football","14":"tag-sports"},"share_on_mastodon":{"url":"https:\/\/pubeurope.com\/@fr\/115129217411938031","error":""},"_links":{"self":[{"href":"https:\/\/www.europesays.com\/fr\/wp-json\/wp\/v2\/posts\/358327","targetHints":{"allow":["GET"]}}],"collection":[{"href":"https:\/\/www.europesays.com\/fr\/wp-json\/wp\/v2\/posts"}],"about":[{"href":"https:\/\/www.europesays.com\/fr\/wp-json\/wp\/v2\/types\/post"}],"author":[{"embeddable":true,"href":"https:\/\/www.europesays.com\/fr\/wp-json\/wp\/v2\/users\/2"}],"replies":[{"embeddable":true,"href":"https:\/\/www.europesays.com\/fr\/wp-json\/wp\/v2\/comments?post=358327"}],"version-history":[{"count":0,"href":"https:\/\/www.europesays.com\/fr\/wp-json\/wp\/v2\/posts\/358327\/revisions"}],"wp:featuredmedia":[{"embeddable":true,"href":"https:\/\/www.europesays.com\/fr\/wp-json\/wp\/v2\/media\/358328"}],"wp:attachment":[{"href":"https:\/\/www.europesays.com\/fr\/wp-json\/wp\/v2\/media?parent=358327"}],"wp:term":[{"taxonomy":"category","embeddable":true,"href":"https:\/\/www.europesays.com\/fr\/wp-json\/wp\/v2\/categories?post=358327"},{"taxonomy":"post_tag","embeddable":true,"href":"https:\/\/www.europesays.com\/fr\/wp-json\/wp\/v2\/tags?post=358327"}],"curies":[{"name":"wp","href":"https:\/\/api.w.org\/{rel}","templated":true}]}}