{"id":358333,"date":"2025-09-01T13:16:18","date_gmt":"2025-09-01T13:16:18","guid":{"rendered":"https:\/\/www.europesays.com\/fr\/358333\/"},"modified":"2025-09-01T13:16:18","modified_gmt":"2025-09-01T13:16:18","slug":"stefan-bellof-une-star-fauchee-en-plein-envol-il-y-a-40-ans","status":"publish","type":"post","link":"https:\/\/www.europesays.com\/fr\/358333\/","title":{"rendered":"Stefan Bellof, une star fauch\u00e9e en plein envol il y a 40 ans"},"content":{"rendered":"<p>Parmi les fans qui ont assist\u00e9 \u00e0 la manche d&rsquo;ouverture du championnat d&rsquo;Europe de Formule 2 1982 \u00e0 Silverstone, rares sont ceux qui avaient d\u00e9j\u00e0 entendu parler de <a href=\"https:\/\/fr.motorsport.com\/driver\/stefan-bellof\/82412\/\" target=\"_blank\" rel=\"noopener\">Stefan Bellof<\/a>. Les officiels britanniques, eux, connaissaient bien ce nom\u00a0: quatre mois plus t\u00f4t, l&rsquo;Allemand avait \u00e9t\u00e9 exclu du Formula Ford Festival, \u00e0 Brands Hatch. Il avait alors d\u00e9clar\u00e9 aux officiels en question\u00a0: \u00ab\u00a0Vous feriez bien de vous int\u00e9resser \u00e0 ma carri\u00e8re, car je reviendrai l&rsquo;an prochain pour gagner ma premi\u00e8re course en Formule 2\u00a0\u00bb.<\/p>\n<p>Bellof a tenu sa promesse et a remport\u00e9 une victoire surprise pour ses d\u00e9buts en F2 avec l&rsquo;\u00e9curie allemande Maurer, face aux \u00e9quipes Ralt et Spirit, soutenues par Honda et plus en vogue, et aux March d&rsquo;usine. Le jeune pilote de 24 ans d\u00e9couvrait Silverstone mais s&rsquo;est n\u00e9anmoins qualifi\u00e9 neuvi\u00e8me et a remont\u00e9 le peloton pour devenir seulement le deuxi\u00e8me \u00e0 s&rsquo;imposer pour sa premi\u00e8re participation en F2 depuis 18 ans.\u00a0Deux semaines plus tard, il a r\u00e9ussi l&rsquo;impensable\u00a0: deux victoires sur deux possibles, avec un nouveau succ\u00e8s \u00e0 Hockenheim, cette fois depuis la pole position.<\/p>\n<p>Apr\u00e8s \u00e7a, l&rsquo;on ne parlait plus que de Bellof, qui a sign\u00e9 de nouvelles performances \u00e9blouissantes en F2 en 1982 et 1983, toutefois sans gagner. Rejoindre l&rsquo;\u00e9curie d&rsquo;usine Porsche en endurance pour 1983 lui a permis de remporter de nombreuses victoires et le titre mondial l&rsquo;ann\u00e9e suivante. Il courait \u00e9galement en Formule 1 chez <a href=\"https:\/\/fr.motorsport.com\/team\/tyrrell\/8135\/\" target=\"_blank\" rel=\"noopener\">Tyrrell<\/a> en 1984 et a failli remporter ce qui n&rsquo;\u00e9tait que son sixi\u00e8me Grand Prix, lequel a \u00e9t\u00e9 \u00e9court\u00e9, \u00e0 Monaco.<\/p>\n<p>Un contrat avec Marlboro \u00e9tait \u00e0 la cl\u00e9 pour 1985, et il a continu\u00e9 \u00e0 surpasser le niveau de son mat\u00e9riel au volant de sa Tyrrell \u00e0 moteur atmosph\u00e9rique. Une rencontre avec Enzo Ferrari \u00e9tait pr\u00e9vue. Sa carri\u00e8re \u00e9tait sur une pente ascendante et rien ne semblait pouvoir l&rsquo;arr\u00eater.<\/p>\n<p>   <img decoding=\"async\" draggable=\"false\" src=\"https:\/\/www.europesays.com\/fr\/wp-content\/uploads\/2025\/09\/f1-monaco-gp-1985-stefan-bellof-tyrrell-012-ford.jpg\" alt=\"Stefan Bellof au volant de la Tyrrell 012 \u00e0 moteur Ford.\" width=\"1200\" height=\"800\" loading=\"lazy\"\/> <\/p>\n<p class=\"title\">Stefan Bellof au volant de la Tyrrell 012 \u00e0 moteur Ford.<\/p>\n<p class=\"photographer\">Photo de: Motorsport Images<\/p>\n<p>Puis un accident lui a co\u00fbt\u00e9 la vie, en endurance \u00e0 Spa-Francorchamps, beaucoup estimant alors la F1 priv\u00e9e d&rsquo;un futur champion du monde au talent ph\u00e9nom\u00e9nal. Manfred Jankte, qui \u00e9tait responsable comp\u00e9tition chez Porsche et a recrut\u00e9 Bellof pour la marque de Stuttgart, en fait partie\u00a0: \u00ab\u00a0Si Stefan avait fini sa carri\u00e8re, nous aurions connu le miracle Schumi en Allemagne bien avant qu&rsquo;il ne se produise enfin. Il avait un tel talent\u00a0! Pour lui, \u00e7a paraissait facile. J&rsquo;ai peu de doutes sur le fait qu&rsquo;il aurait \u00e9t\u00e9 champion du monde.\u00a0\u00bb<\/p>\n<p>C&rsquo;est gr\u00e2ce \u00e0 l&rsquo;aide de gens tels que Jankte que Bellof est pass\u00e9 de la Formule Ford \u00e0 la Formule 1 en l&rsquo;espace de quatre saisons. Les directeurs d&rsquo;\u00e9quipe, les sponsors, les journalistes, les instances dirigeantes\u2026 fascin\u00e9s par son talent et sa personnalit\u00e9 attachante, tous \u00e9taient pr\u00eats \u00e0 l&rsquo;aider, convaincus qu&rsquo;il \u00e9tait destin\u00e9 \u00e0 un avenir brillant. Le jeune Bellof avait la course dans le sang (son p\u00e8re courait en rallye et son grand fr\u00e8re Georg est arriv\u00e9 jusqu&rsquo;en F3 en Allemagne), mais il n&rsquo;avait pas l&rsquo;argent n\u00e9cessaire.<\/p>\n<p>Le premier \u00e0 avoir soutenu Bellof est l&rsquo;Autrichien Walter Lechner, qui venait de se lancer dans une carri\u00e8re de directeur d&rsquo;\u00e9quipe. \u00ab\u00a0Un ami m&rsquo;avait dit : &lsquo;Il y a ce vrai talent que je connais, tu devrais lui donner une chance'\u00a0\u00bb, se rappelle Lechner. \u00ab\u00a0Nous avons trouv\u00e9 un peu d&rsquo;argent partout. Une partie du budget venait du p\u00e8re de Stefan, et Valvoline nous sponsorisait. Je lui ai fait faire une course \u00e0 Hockenheim fin 1979 et son talent ne faisait aucun doute. Stefan est le premier Allemand \u00e0 \u00eatre vraiment sorti du karting, et cela se voyait dans son pilotage.\u00a0\u00bb<\/p>\n<p>   <img decoding=\"async\" draggable=\"false\" src=\"https:\/\/www.europesays.com\/fr\/wp-content\/uploads\/2025\/09\/f1-belgian-gp-1984-stefan-bellof-tyrrell-012-ford.jpg\" alt=\"Stefan Bellof.\" width=\"1200\" height=\"800\" loading=\"lazy\"\/> <\/p>\n<p class=\"title\">Stefan Bellof.<\/p>\n<p class=\"photographer\">Photo de: Motorsport Images<\/p>\n<p>Bellof a remport\u00e9 le titre allemand en FF1600 au volant d&rsquo;une PRS engag\u00e9e par Lechner en 1980, tout en continuant le karting et en poursuivant sa formation de m\u00e9canicien. Ce n&rsquo;est pas avant 1981, explique Lechner, qu&rsquo;il \u00ab\u00a0s&rsquo;est vraiment concentr\u00e9 sur le sport auto\u00a0\u00bb. Et c&rsquo;est lors de cette saison-l\u00e0 que sa carri\u00e8re a d\u00e9coll\u00e9.<\/p>\n<p>Il y a eu la victoire dans la cat\u00e9gorie \u00ab\u00a0internationale\u00a0\u00bb du championnat allemand de FF1600 avec Lechner, qui a d\u00e9cid\u00e9 de placer son jeune espoir dans quelques courses europ\u00e9ennes de SuperVee. Il a notamment sign\u00e9 une deuxi\u00e8me place \u00e0 Mainz-Finthen derri\u00e8re <a href=\"https:\/\/fr.motorsport.com\/driver\/john-nielsen\/78305\/\" target=\"_blank\" rel=\"noopener\">John Nielsen<\/a>, h\u00e9ros du SuperVee.<\/p>\n<p>C&rsquo;est Lechner qui raconte l&rsquo;histoire du Formula Ford Festival, et il jure qu&rsquo;elle est authentique. Bellof venait d&rsquo;\u00eatre disqualifi\u00e9 de sa sixi\u00e8me place en quarts de finale pour s&rsquo;\u00eatre accroch\u00e9 avec plusieurs rivaux lorsqu&rsquo;il a demand\u00e9 \u00e0 son patron de communiquer sa pens\u00e9e. \u00ab\u00a0Stefan \u00e9tait tellement d\u00e9\u00e7u\u00a0\u00bb, relate Lechner. \u00ab\u00a0Il ne parlait pas anglais \u00e0 l&rsquo;\u00e9poque, il m&rsquo;a donc demand\u00e9 de faire passer son message au directeur de course.\u00a0\u00bb<\/p>\n<p>C&rsquo;est ensuite un autre pilier du sport auto allemand qui l&rsquo;a aid\u00e9, \u00e0 savoir Bertram Schafer, qui avait d\u00e9j\u00e0 eu le fr\u00e8re de Stefan, Georg, pour pilote en 1979. \u00ab\u00a0Georg m&rsquo;a toujours dit qu&rsquo;il avait un petit fr\u00e8re qui \u00e9tait bien meilleur que lui\u00a0\u00bb, confie Schafer. \u00ab\u00a0Nous avons fait une s\u00e9ance d&rsquo;essais et j&rsquo;ai su d&#8217;embl\u00e9e que Stefan \u00e9tait le pilote ultime. Le seul probl\u00e8me \u00e9tait de trouver l&rsquo;argent n\u00e9cessaire pour le faire rouler.\u00a0\u00bb<\/p>\n<p>C\u00e9l\u00e8bre journaliste allemand en sport automobile, Rainer Braun\u00a0\u2013 qui travaillait officieusement avec Bellof\u00a0\u2013 a convaincu le pilote Georg Loos d&rsquo;investir financi\u00e8rement dans ce projet. Schafer reconna\u00eet qu&rsquo;il n&rsquo;\u00e9tait pas \u00ab\u00a0satisfait de l&rsquo;accord\u00a0\u00bb, mais en m\u00eame temps, \u00ab\u00a0il n&rsquo;y avait pas d&rsquo;autre moyen de mettre Stefan en piste\u00a0\u00bb.<\/p>\n<p>Schafer estime que l&rsquo;op\u00e9ration s&rsquo;est av\u00e9r\u00e9e d\u00e9ficitaire, mais selon lui, cela valait le coup. Bellof s&rsquo;est impos\u00e9 trois fois en neuf courses au volant de sa Ralt-Toyota RT3 et s&rsquo;est class\u00e9 troisi\u00e8me du championnat gr\u00e2ce \u00e0 ses sept podiums, alors qu&rsquo;il a manqu\u00e9 deux \u00e9preuves.<\/p>\n<p>   <img decoding=\"async\" draggable=\"false\" src=\"https:\/\/www.europesays.com\/fr\/wp-content\/uploads\/2025\/09\/f1-monaco-gp-1984-stefan-bellof-tyrrell.jpg\" alt=\"Stefan Bellof (Tyrrell).\" width=\"1200\" height=\"800\" loading=\"lazy\"\/> <\/p>\n<p class=\"title\">Stefan Bellof (Tyrrell).<\/p>\n<p class=\"photographer\">Photo de: Sutton Images<\/p>\n<p>L&rsquo;altruisme de Schafer ne s&rsquo;est pas arr\u00eat\u00e9 l\u00e0. Il aurait pu tenter de mener son poulain en F2, mais savait ne pas avoir les ressources pour faire honneur au talent de Bellof. C&rsquo;est pourquoi il l&rsquo;a mis en lien avec l&rsquo;\u00e9curie de F2 \u00e0 laquelle il avait d\u00e9j\u00e0 command\u00e9 deux ch\u00e2ssis pour la saison suivante.<\/p>\n<p>Maurer Racing \u00e9tait le jouet de Willy Maurer, h\u00e9ritier de l&rsquo;entreprise de boissons Mampe. Apr\u00e8s avoir remport\u00e9 ses premi\u00e8res victoires en 1981, cette belle voiture con\u00e7ue par Gustav Brunner semblait destin\u00e9e \u00e0 jouer le titre. \u00ab\u00a0J&rsquo;avais besoin de pilotes payants et je savais ne pas pouvoir prendre Stefan l&rsquo;ann\u00e9e suivante\u00a0\u00bb, se souvient Schafer. \u00ab\u00a0J&rsquo;ai dit \u00e0 Maurer qu&rsquo;il ferait mieux de l&rsquo;engager avant que quelqu&rsquo;un d&rsquo;autre ne le fasse.\u00a0\u00bb<\/p>\n<p>Maurer a test\u00e9 Bellof fin 1981 au Paul-Ricard, en pr\u00e9sence de l&rsquo;exp\u00e9riment\u00e9 <a href=\"https:\/\/fr.motorsport.com\/driver\/mike-thackwell\/82471\/\" target=\"_blank\" rel=\"noopener\">Mike Thackwell<\/a>\u00a0\u2013 d\u00e9j\u00e0 pilote de F1, ne l&rsquo;oublions pas\u00a0\u2013 et d&rsquo;<a href=\"https:\/\/fr.motorsport.com\/driver\/alain-ferte\/82140\/\" target=\"_blank\" rel=\"noopener\">Alain Fert\u00e9<\/a>, vainqueur \u00e0 Monaco en Formule 3. Pilote Maurer sortant, Eje Elgh \u00e9tait \u00e9galement au rendez-vous et a \u00e9t\u00e9 \u00e9poustoufl\u00e9 par la performance de Bellof. \u00ab\u00a0Quand j&rsquo;ai vu ce que faisait Stefan dans cette voiture\u2026 de toute ma vie, je n&rsquo;ai jamais eu de certitude comme celle-ci\u00a0: je suis all\u00e9 voir Maurer direct et je lui ai dit de le faire signer. Je lui ai dit que Bellof \u00e9tait un futur champion du monde\u00a0\u00bb, relate le Su\u00e9dois.<\/p>\n<p>Jankte, lui aussi, a v\u00e9cu une r\u00e9v\u00e9lation la premi\u00e8re fois qu&rsquo;il a vu Bellof courir. Braun aidait encore ce dernier (qui avait pourtant sign\u00e9 un contrat de management avec Maurer sur huit ans) et avait donc invit\u00e9 le dirigeant de Porsche \u00e0 la course de F2 au N\u00fcrburgring. Jankte raconte : \u00ab\u00a0Je me rappelle l&rsquo;avoir vu sur l&rsquo;ancien N\u00fcrburgring, sous la pluie, et il n&rsquo;y avait pas besoin de chronom\u00e8tre pour voir qu&rsquo;il \u00e9tait rapide.\u00a0\u00bb<\/p>\n<p>Bellof \u00e9tait dou\u00e9 d&rsquo;une ma\u00eetrise inn\u00e9e de son bolide, qui \u00e9tait visible chaque fois qu&rsquo;il prenait le volant, autant dans une Porsche Groupe C de 800 ch qu&rsquo;avec une Tyrrell 012 manquant quelque peu de puissance. Il a sign\u00e9 la pole position \u00e0 Silverstone pour ses d\u00e9buts \u00e0 bord de sa Rothmans Porsche 956 avec deux secondes d&rsquo;avance, excusez du peu. Il a \u00e9galement remport\u00e9 la course avec son co\u00e9quipier, le v\u00e9t\u00e9ran <a href=\"https:\/\/fr.motorsport.com\/driver\/derek-bell\/77457\/\" target=\"_blank\" rel=\"noopener\">Derek Bell<\/a>. Au rendez-vous suivant, sur la Nordschleife du N\u00fcrburgring, il a r\u00e9alis\u00e9 une nouvelle pole, cette fois avec cinq secondes de marge.<\/p>\n<p>   <img decoding=\"async\" draggable=\"false\" src=\"https:\/\/www.europesays.com\/fr\/wp-content\/uploads\/2025\/09\/endurance-spa-francorchamps-1000km-1985-stefan-bellof-thierry-boutsen-porsche-956.jpg\" alt=\"Stefan Bellof au volant d'une Porsche 956.\" width=\"1200\" height=\"800\" loading=\"lazy\"\/> <\/p>\n<p class=\"title\">Stefan Bellof au volant d&rsquo;une Porsche 956.<\/p>\n<p class=\"photographer\">Photo de: Motorsport Images<\/p>\n<p>Les opportunit\u00e9s de briller en F1 se sont av\u00e9r\u00e9es rares, mais sous la pluie et en ville, Bellof \u00e9tait dans son \u00e9l\u00e9ment. Ces conditions \u00e9taient r\u00e9unies \u00e0 Monaco en 1984, et l&rsquo;Allemand est remont\u00e9 de la 20e\u00a0et derni\u00e8re place sur la grille \u00e0 la troisi\u00e8me place, lorsque la course a \u00e9t\u00e9 interrompue. Nul ne sait ce qu&rsquo;il aurait pu advenir ensuite. M\u00eame Brian Lisles, qui \u00e9tait l&rsquo;ing\u00e9nieur de Bellof chez Tyrrell, n&rsquo;ose pas dire qu&rsquo;il allait gagner. Cependant\u00a0: \u00ab\u00a0Il n&rsquo;y avait pas la moindre trace sur la voiture apr\u00e8s la course.\u00a0\u00bb<\/p>\n<p>C&rsquo;\u00e9taient les performances de celui que Paul Owens, directeur d&rsquo;\u00e9quipe chez Maurer, qualifiait de \u00ab\u00a0pilote tr\u00e8s dou\u00e9\u00a0\u00bb. Schafer, lui, voyait en lui un \u00ab\u00a0immense talent naturel\u00a0\u00bb.<\/p>\n<p>Owens raconte justement une anecdote des d\u00e9buts de Bellof \u00e0 Thruxton en 1982 qui en dit long sur les capacit\u00e9s de l&rsquo;int\u00e9ress\u00e9 au volant\u00a0: \u00ab\u00a0Je n&rsquo;oublierai jamais lui avoir de faire attention \u00e0 Church \u00e0 cause de la grosse bosse. Stefan est rentr\u00e9 au stand et m&rsquo;a dit\u00a0: &lsquo;Quelle bosse\u00a0?&rsquo;. Il aimait que la voiture soit vive. Il avait toujours des r\u00e9glages moins souples que les autres, ce qui convenait \u00e0 l&rsquo;effet de sol. Il \u00e9tait capable de faire avec, au contraire des autres pilotes.\u00a0\u00bb<\/p>\n<p>Tous ceux qui ont travaill\u00e9 avec Bellof s&rsquo;accordent \u00e0 dire que le plaisir du pilotage lui importait davantage que la victoire. \u00ab\u00a0Il \u00e9tait diff\u00e9rent des autres pilotes\u00a0\u00bb, confirme Schafer. \u00ab\u00a0Gagner ou se crasher, Stefan s&rsquo;en moquait. L&rsquo;important, c&rsquo;\u00e9tait d&rsquo;aller vite.\u00a0\u00bb Norbert Singer, c\u00e9l\u00e8bre ing\u00e9nieur en chef de Porsche, estime que Bellof \u00ab\u00a0aimait piloter un peu au-dessus de la limite\u00a0\u00bb.<\/p>\n<p>Derek Bell, quant \u00e0 lui, partageait une Porsche avec l&rsquo;Allemand au N\u00fcrburgring en 1983, et ils \u00e9taient ais\u00e9ment en t\u00eate de l&rsquo;\u00e9preuve, mais Bellof continuait d&rsquo;encha\u00eener les tours de l&rsquo;Enfer Vert \u00e0 une vitesse record. Deux boucles apr\u00e8s avoir sign\u00e9 le meilleur tour en course, il a connu un spectaculaire accident au c\u00e9l\u00e8bre virage de Pflantzgarten.<\/p>\n<p>   <img decoding=\"async\" draggable=\"false\" src=\"https:\/\/www.europesays.com\/fr\/wp-content\/uploads\/2025\/09\/endurance-nurburgring-1000km-1983-derek-bell-stefan-bellof-porsche-956-crash.jpg\" alt=\"La Porsche 956 accident\u00e9e de Stefan Bellof. \" width=\"1200\" height=\"800\" loading=\"lazy\"\/> <\/p>\n<p class=\"title\">La Porsche 956 accident\u00e9e de Stefan Bellof.<\/p>\n<p class=\"photographer\">Photo de: Motorsport Images<\/p>\n<p>Singer est convaincu que son pilote \u00e9tait alors l\u00e9g\u00e8rement sorti de la trajectoire, mais un an plus tard, Bellof a d\u00e9voil\u00e9 sa propre version des faits. \u00ab\u00a0Il nous a dit qu&rsquo;il allait de plus en plus vite et que tous les ing\u00e9nieurs lui disaient qu&rsquo;il ne fallait pas qu&rsquo;il passe \u00e0 fond dans la mont\u00e9e\u00a0\u00bb, se rappelle Lisles. \u00ab\u00a0Il a fini par le faire, et a promptement d\u00e9coll\u00e9.\u00a0\u00bb<\/p>\n<p>Ce crash, puis son accident fatal au volant d&rsquo;une Porsche priv\u00e9e engag\u00e9e par Brun Motorsport \u00e0 Spa-Francorchamps, suite \u00e0 un accrochage avec <a href=\"https:\/\/fr.motorsport.com\/driver\/jacky-ickx\/77047\/\" target=\"_blank\" rel=\"noopener\">Jacky Ickx<\/a> \u00e0 l&rsquo;entr\u00e9e d&rsquo;Eau Rouge, ont donn\u00e9 \u00e0 Bellof une r\u00e9putation posthume de pilote trop agressif. Les t\u00e9moignages de ses coll\u00e8gues ne corroborent pourtant pas cette analyse.<\/p>\n<p>\u00ab\u00a0Je ne me rappelle pas avoir jamais d\u00fb r\u00e9parer une voiture accident\u00e9e par Stefan\u00a0\u00bb, indique Owens. \u00ab\u00a0Il attaquait, absolument, et il \u00e9tait le premier \u00e0 tenter de prendre un virage \u00e0 fond s&rsquo;il pensait que c&rsquo;\u00e9tait peut-\u00eatre possible, mais il n&rsquo;avait pas de tendance \u00e0 se crasher.\u00a0\u00bb<\/p>\n<p>Co\u00e9quipier de Bellof en Formule 1, <a href=\"https:\/\/fr.motorsport.com\/driver\/martin-brundle\/76191\/\" target=\"_blank\" rel=\"noopener\">Martin Brundle<\/a> confirme\u00a0: \u00ab\u00a0N&rsquo;est-ce pas moi qui d\u00e9truisais des Tyrrell en permanence\u00a0?\u00a0\u00bb Brundle qualifie son ancien partenaire d'\u00a0\u00bbextr\u00eamement rapide, mais pour convertir \u00e7a en v\u00e9ritable succ\u00e8s, il allait devoir bien mieux ma\u00eetriser son pilotage\u00a0\u00bb.<\/p>\n<p>L&rsquo;Anglais relate une anecdote de la course de Detroit en 1984, o\u00f9 il a fini deuxi\u00e8me (avant de subir l&rsquo;exclusion des Tyrrell). \u00ab\u00a0Ken [Tyrrell] \u00e9tait convaincu que Stefan \u00e9tait plus rapide que moi. \u00c0 l&rsquo;\u00e9poque, il n&rsquo;y avait pas la radio, et nous avions un syst\u00e8me selon lequel si l&rsquo;un de nous pensait \u00eatre plus rapide que l&rsquo;autre, il levait la main en passant devant le muret des stands. J&rsquo;ai vu la main de Stefan en l&rsquo;air, alors que j&rsquo;\u00e9tais juste derri\u00e8re plein de voitures turbo. Ken \u00e9tait tellement convaincu que Stefan \u00e9tait plus rapide qu&rsquo;il m&rsquo;a fait rentrer au stand pour chausser des pneus neufs. Au tour suivant, tentant sans doute de prouver qu&rsquo;il \u00e9tait plus rapide, Stefan s&rsquo;est mis dans le mur des stands.\u00a0\u00bb<\/p>\n<p>\u00ab\u00a0Bellof aurait d\u00fb s&rsquo;associer \u00e0 un personnage tel que Ross Brawn, comme l&rsquo;a fait Schumacher, pour avoir un v\u00e9ritable succ\u00e8s. Il avait la vitesse pure, mais il lui fallait d\u00e9montrer constamment le contr\u00f4le dont il a fait preuve ce jour-l\u00e0 \u00e0 Monaco.\u00a0\u00bb<\/p>\n<p>   <img decoding=\"async\" draggable=\"false\" src=\"https:\/\/www.europesays.com\/fr\/wp-content\/uploads\/2025\/09\/f1-monaco-gp-1984-stefan-bellof-tyrrell-012-ford.jpg\" alt=\"Stefan Bellof (Tyrrell 012-Ford).\" width=\"1200\" height=\"800\" loading=\"lazy\"\/> <\/p>\n<p class=\"title\">Stefan Bellof (Tyrrell 012-Ford).<\/p>\n<p class=\"photographer\">Photo de: Sutton Images<\/p>\n<p>Dans cet article<\/p>\n<p>Soyez le premier inform\u00e9 et souscrivez aux alertes mails pour recevoir les infos en temps r\u00e9el<\/p>\n<p>    S&rsquo;abonner aux alertes de news<\/p>\n","protected":false},"excerpt":{"rendered":"Parmi les fans qui ont assist\u00e9 \u00e0 la manche d&rsquo;ouverture du championnat d&rsquo;Europe de Formule 2 1982 \u00e0&hellip;\n","protected":false},"author":2,"featured_media":358334,"comment_status":"","ping_status":"","sticky":false,"template":"","format":"standard","meta":{"footnotes":""},"categories":[1412],"tags":[1451,1452,1453,1454,1455,1011,27,49402,60,49400,49403,49401,12993],"class_list":{"0":"post-358333","1":"post","2":"type-post","3":"status-publish","4":"format-standard","5":"has-post-thumbnail","7":"category-f1","8":"tag-f1","9":"tag-formula-1","10":"tag-formula1","11":"tag-formule-1","12":"tag-formule1","13":"tag-fr","14":"tag-france","15":"tag-porsche-team","16":"tag-sports","17":"tag-stefan-bellof","18":"tag-tyrrell","19":"tag-une-star-fauchu00e9e-en-plein-envol-il-y-a-40-ans","20":"tag-wec"},"share_on_mastodon":{"url":"https:\/\/pubeurope.com\/@fr\/115129233284836695","error":""},"_links":{"self":[{"href":"https:\/\/www.europesays.com\/fr\/wp-json\/wp\/v2\/posts\/358333","targetHints":{"allow":["GET"]}}],"collection":[{"href":"https:\/\/www.europesays.com\/fr\/wp-json\/wp\/v2\/posts"}],"about":[{"href":"https:\/\/www.europesays.com\/fr\/wp-json\/wp\/v2\/types\/post"}],"author":[{"embeddable":true,"href":"https:\/\/www.europesays.com\/fr\/wp-json\/wp\/v2\/users\/2"}],"replies":[{"embeddable":true,"href":"https:\/\/www.europesays.com\/fr\/wp-json\/wp\/v2\/comments?post=358333"}],"version-history":[{"count":0,"href":"https:\/\/www.europesays.com\/fr\/wp-json\/wp\/v2\/posts\/358333\/revisions"}],"wp:featuredmedia":[{"embeddable":true,"href":"https:\/\/www.europesays.com\/fr\/wp-json\/wp\/v2\/media\/358334"}],"wp:attachment":[{"href":"https:\/\/www.europesays.com\/fr\/wp-json\/wp\/v2\/media?parent=358333"}],"wp:term":[{"taxonomy":"category","embeddable":true,"href":"https:\/\/www.europesays.com\/fr\/wp-json\/wp\/v2\/categories?post=358333"},{"taxonomy":"post_tag","embeddable":true,"href":"https:\/\/www.europesays.com\/fr\/wp-json\/wp\/v2\/tags?post=358333"}],"curies":[{"name":"wp","href":"https:\/\/api.w.org\/{rel}","templated":true}]}}