{"id":358335,"date":"2025-09-01T13:17:10","date_gmt":"2025-09-01T13:17:10","guid":{"rendered":"https:\/\/www.europesays.com\/fr\/358335\/"},"modified":"2025-09-01T13:17:10","modified_gmt":"2025-09-01T13:17:10","slug":"decathlon-ag2r-la-mondiale-benoot-sengage-jusquen-2028","status":"publish","type":"post","link":"https:\/\/www.europesays.com\/fr\/358335\/","title":{"rendered":"Decathlon-AG2R La Mondiale : Benoot s&rsquo;engage jusqu&rsquo;en 2028"},"content":{"rendered":"<p class=\"date\">\n                                                            Mathieu Warnier, Media365, publi\u00e9 le lundi 01 septembre 2025 \u00e0 12h25\n                                                    <\/p>\n<p>Le coureur belge Tiesj Benoot va quitter l&rsquo;hiver prochain l&rsquo;\u00e9quipe Visma-Lease a Bike et rejoindre la formation Decathlon-AG2R La Mondiale avec un contrat de trois ans.<\/p>\n<p>L&rsquo;\u00e9quipe Decathlon-AG2R La Mondiale continue de pr\u00e9parer sa nouvelle \u00e8re. Alors qu&rsquo;elle compte sur Paul Seixas pour briller sur les Grands Tours et surtout le Tour de France \u00e0 l&rsquo;avenir, la formation fran\u00e7aise construit un effectif de qualit\u00e9 allant de pair avec les ambitions n\u00e9es de l&rsquo;arriv\u00e9e de l&rsquo;armateur CMA CGM comme co-partenaire principal d\u00e8s la saison prochaine. Alors qu&rsquo;il est acquis que Dorian Godon va rejoindre l&rsquo;\u00e9quipe Ineos Grenadiers, Bruno Armirail devrait prendre la direction de Visma-Lease a Bike. Toutefois, un coureur va faire ce chemin en sens inverse l&rsquo;hiver prochain. En effet, par l&rsquo;interm\u00e9diaire d&rsquo;un communiqu\u00e9, l&rsquo;\u00e9quipe Decathlon-AG2R La Mondiale a officialis\u00e9 la signature pour les trois prochaines saisons de Tiesj Benoot. A 31 ans et apr\u00e8s quatre ans sous les couleurs de la formation n\u00e9erlandaise, le natif de Gand va se donner un nouveau d\u00e9fi. \u00ab\u00a0C&rsquo;est un nouveau chapitre dans ma carri\u00e8re, au sein d&rsquo;une \u00e9quipe ambitieuse o\u00f9 je pourrai encore progresser, a-t-il confi\u00e9 dans ce communiqu\u00e9. L&rsquo;ambition du projet et la confiance accord\u00e9e me motivent \u00e9norm\u00e9ment \u00e0 obtenir de beaux r\u00e9sultats et \u00e0 jouer un r\u00f4le important dans les classiques et au service du collectif.\u00a0\u00bb<\/p>\n<p>Benoot \u00ab\u00a0s&rsquo;inscrit parfaitement dans le projet de l&rsquo;\u00e9quipe\u00a0\u00bb pour Joly<\/p>\n<p>Directeur de la strat\u00e9gie sportive de l&rsquo;\u00e9quipe Decathlon-AG2R La Mondiale, S\u00e9bastien Joly assure que l&rsquo;arriv\u00e9e du Belge, qui a \u00e9t\u00e9 aux c\u00f4t\u00e9s de Jonas Vingegaard sur plusieurs de ses succ\u00e8s sur les Grands Tours \u00ab\u00a0s&rsquo;inscrit parfaitement dans le projet de l&rsquo;\u00e9quipe\u00a0\u00bb. \u00ab\u00a0C&rsquo;est un coureur tr\u00e8s exp\u00e9riment\u00e9 avec un grand potentiel physique, a-t-il ajout\u00e9 dans ce communiqu\u00e9. Il va nous apporter beaucoup, tant pendant les campagnes de classiques, dans un r\u00f4le de leader prot\u00e9g\u00e9, que lors de courses \u00e0 \u00e9tape, o\u00f9 il pourrait \u00eatre un \u00e9quipier tr\u00e8s important.\u00a0\u00bb Affirmant \u00eatre \u00ab\u00a0heureux qu&rsquo;un coureur de cette envergure\u00a0\u00bb rejoigne sa formation, S\u00e9bastien Joly ajoute avoir \u00ab\u00a0h\u00e2te de l&rsquo;accueillir et commencer \u00e0 travailler avec lui\u00a0\u00bb. Une arriv\u00e9e qui ne devrait pas \u00eatre la derni\u00e8re dans les rangs de la formation bas\u00e9e \u00e0 Grenoble. En effet, les noms de Cees Bol et Olav Kooij reviennent pour former un nouveau train de sprinteurs \u00e0 m\u00eame de jouer des victoires. Tobias Lund Andresen, Robbe Ghys ou encore Daan Hoole sont \u00e9galement annonc\u00e9s depuis plusieurs semaines pour renforcer un projet visant \u00e0 rivaliser avec les grosses cylindr\u00e9es du peloton professionnel.<\/p>\n","protected":false},"excerpt":{"rendered":"Mathieu Warnier, Media365, publi\u00e9 le lundi 01 septembre 2025 \u00e0 12h25 Le coureur belge Tiesj Benoot va quitter&hellip;\n","protected":false},"author":2,"featured_media":358336,"comment_status":"","ping_status":"","sticky":false,"template":"","format":"standard","meta":{"footnotes":""},"categories":[1411],"tags":[1154,207,1011,27,60],"class_list":{"0":"post-358335","1":"post","2":"type-post","3":"status-publish","4":"format-standard","5":"has-post-thumbnail","7":"category-cyclisme","8":"tag-cycling","9":"tag-cyclisme","10":"tag-fr","11":"tag-france","12":"tag-sports"},"share_on_mastodon":{"url":"https:\/\/pubeurope.com\/@fr\/115129237156896285","error":""},"_links":{"self":[{"href":"https:\/\/www.europesays.com\/fr\/wp-json\/wp\/v2\/posts\/358335","targetHints":{"allow":["GET"]}}],"collection":[{"href":"https:\/\/www.europesays.com\/fr\/wp-json\/wp\/v2\/posts"}],"about":[{"href":"https:\/\/www.europesays.com\/fr\/wp-json\/wp\/v2\/types\/post"}],"author":[{"embeddable":true,"href":"https:\/\/www.europesays.com\/fr\/wp-json\/wp\/v2\/users\/2"}],"replies":[{"embeddable":true,"href":"https:\/\/www.europesays.com\/fr\/wp-json\/wp\/v2\/comments?post=358335"}],"version-history":[{"count":0,"href":"https:\/\/www.europesays.com\/fr\/wp-json\/wp\/v2\/posts\/358335\/revisions"}],"wp:featuredmedia":[{"embeddable":true,"href":"https:\/\/www.europesays.com\/fr\/wp-json\/wp\/v2\/media\/358336"}],"wp:attachment":[{"href":"https:\/\/www.europesays.com\/fr\/wp-json\/wp\/v2\/media?parent=358335"}],"wp:term":[{"taxonomy":"category","embeddable":true,"href":"https:\/\/www.europesays.com\/fr\/wp-json\/wp\/v2\/categories?post=358335"},{"taxonomy":"post_tag","embeddable":true,"href":"https:\/\/www.europesays.com\/fr\/wp-json\/wp\/v2\/tags?post=358335"}],"curies":[{"name":"wp","href":"https:\/\/api.w.org\/{rel}","templated":true}]}}