{"id":358341,"date":"2025-09-01T13:20:07","date_gmt":"2025-09-01T13:20:07","guid":{"rendered":"https:\/\/www.europesays.com\/fr\/358341\/"},"modified":"2025-09-01T13:20:07","modified_gmt":"2025-09-01T13:20:07","slug":"a-perpignan-louis-aliot-instrumentalise-la-photographie-et-la-communaute-juive-mediapart","status":"publish","type":"post","link":"https:\/\/www.europesays.com\/fr\/358341\/","title":{"rendered":"\u00c0 Perpignan, Louis Aliot instrumentalise la photographie et la communaut\u00e9 juive &#8211; Mediapart"},"content":{"rendered":"<ol>\n<li><a href=\"https:\/\/news.google.com\/rss\/articles\/CBMiwAFBVV95cUxONlhPTElaazFoQnBXS3g1VjlWSmdwLTltRWtpM3R1MDRHV2pBTFNILWtpeTk4MDdjaFcwVzc1TjFqc2RzMUVGamZZOVUzcG5GTzRKbW1Yd2NBU0hfTzVOWUhfR3RYS2tLWTQ1TTJKb24xS21sZWhjZGtNQzRxOTBkVWFBNU13ZFlPRVFnNTBNWDl4X1I1WmFseU1BU0J3QXFmYVJuZ1lmQmFOaG9ZSDNwODlrZGFoay1IZlFSekhBTGM?oc=5\" target=\"_blank\" rel=\"nofollow noopener\">\u00c0 Perpignan, Louis Aliot instrumentalise la photographie et la communaut\u00e9 juive<\/a>&nbsp;&nbsp;Mediapart<\/li>\n<li><a href=\"https:\/\/news.google.com\/rss\/articles\/CBMi_gFBVV95cUxQbmNTQWFIYllXNV9PcjliN3JIWGREbGhGRVNkM3pjQmo3SEVIY240WVJNeW01QUozaGtpd1g5VkFUT3lkSDlkUmpJMmZOT3hLdkRpRG51NkJSbWoxanVEQ3pjdXNDSnhDM2NIOHJuT1UwNUx2QVhNZFFjRWNCc2JpSFFQZVNwalMzcjVDV3VuQ3lMSVlrOHU2WUhHM1lrWEh5Z1hnVVFJMV80WGlKeDNPYi1oRVBIbVUyRkgyaURzM0RaMk1PVXVRU1dTT0pZVk5iTG1PUWZLY1FpX0w2WlNiTmtSLTkycGlYZDFQRVpSVUluLUxFdmRfYjdOU0dVUdIBgwJBVV95cUxNcUNpY2IzakJSOWpBemUwdDlDQzUyUGdlSF9mWU85UW96S1pjbER2el9LS3lOZEszc1BxQXBZaVR5V2Z3SXRoNllmMURNUVVRcnhwR0ZOV2dhRk1hX2l4YkhhYjZVT0lyZGcwdTdiOG9XNjAzWi1WQzNYd19hTkJDejVEZC1zVkkzZ2RVb3BqWHN1Q1FoYkVuQnF1NUtrdVRKVFRCRkU2b1pPWW9ZcGJWLXVWLUtzRzdGc1pyVXBpSnNGN1lfNS0tQkE2dHFmVjQtd2wtR283WXFDZ3JONHBva0IxMFY3bXFhR0lYR2s0TGFldmtaRmttN1RVbnlzMTB5TUYw?oc=5\" target=\"_blank\" rel=\"nofollow noopener\">Une association internationale de chercheurs accuse Isra\u00ebl de g\u00e9nocide \u00e0 Gaza<\/a>&nbsp;&nbsp;Boursorama<\/li>\n<li><a href=\"https:\/\/news.google.com\/rss\/articles\/CBMi_AFBVV95cUxQQmhrUkY3WlpqZ2tkUnJWNmYyZkd6TzdxQWM3bEF5bW5XQzVtWFMwSG9jU01lQ0JBZWtpTkpnU1piVGRFbHBJR1dLQnZLUy1MYXBDTk5nWVVxaDd2WlVXT0wwTVh6WnA1b3JPV1NoOWJEMTBNWnM4VWdQVml0eFM5akR6UFhjRkNkTU9ZaGZWUml5RC1IdlNuNWhDQVpMQS1MSTRvc1VraVd1dGUyaUhkTEhmVDJ6Y0xJV1Jad2VRTkt5ZWFrZTcwbE1iMEljYmh1WUR6bzFYN2k4akYwWU5CR3BReldEMzk4WmJadXh5UnltbnFjNWhwYThVZGw?oc=5\" target=\"_blank\" rel=\"nofollow noopener\">Guerre Isra\u00ebl-Hamas: d&rsquo;un point de vue juridique, Isra\u00ebl commet un g\u00e9nocide \u00e0 Gaza<\/a>&nbsp;&nbsp;La Libre.be<\/li>\n<li><a href=\"https:\/\/news.google.com\/rss\/articles\/CBMitAFBVV95cUxQZHR4ZTFuTXI3ZGJMeDR6eVpielB3MWJFeXdCeFZDMk9KSzNLa3VGeWdCVVZjVXRBV3pia1FaNERpUDY5OUlGc2h2NXpUYjBIQjBXeEVsSktLNW5VSnpuTTZ6RWFJOFR3cVVIbFZiNFFDeFNOU0hXcjRqeFBNNzZHYVUyS3ZHZGRWcEdiNjVRWXU5aWZOSzlFTUs0NGtVYW1VUmlGa2ZmUnItVm5uMzNNaW5iRDc?oc=5\" target=\"_blank\" rel=\"nofollow noopener\">Pourquoi cette exposition photos fait-elle pol\u00e9mique \u00e0 Perpignan ? &#8211; ici<\/a>&nbsp;&nbsp;francebleu.fr<\/li>\n<li><a href=\"https:\/\/news.google.com\/rss\/articles\/CBMitAFBVV95cUxNaWxnUjVkcGFfSENQZ09uVVhTdlZKNU5UMzE3ZnhsUkZYcHFEbm4wRWhfa0FEdkZFMDFLeUxUSWw3MURCY1VPUGtTRVdvbkV6dC0ydkZNVzl4TGo3OTZ2TFAtRHFFTE9Gdkd0TWNCNEZRUzRuR1plSEItZndWbWN4TFhHckRqeWRNOXlRRzZXTDN0N1QxSF9SM0ZDRlRISkpJNFdFVkh3X3NvS1k1UEhrNElmUFQ?oc=5\" target=\"_blank\" rel=\"nofollow noopener\">Eyal Weizman : Isra\u00ebl d\u00e9ploie \u00e0 Gaza une \u00ab architecture de la mort \u00bb<\/a>&nbsp;&nbsp;Mediapart<\/li>\n<\/ol>\n","protected":false},"excerpt":{"rendered":"\u00c0 Perpignan, Louis Aliot instrumentalise la photographie et la communaut\u00e9 juive&nbsp;&nbsp;Mediapart Une association internationale de chercheurs accuse Isra\u00ebl&hellip;\n","protected":false},"author":2,"featured_media":358342,"comment_status":"","ping_status":"","sticky":false,"template":"","format":"standard","meta":{"footnotes":""},"categories":[1358],"tags":[1348,1384,1385,1386,58,59,1076,1011,27,4528,3464,49404],"class_list":{"0":"post-358341","1":"post","2":"type-post","3":"status-publish","4":"format-standard","5":"has-post-thumbnail","7":"category-arts-et-design","8":"tag-arts","9":"tag-arts-and-design","10":"tag-arts-et-design","11":"tag-design","12":"tag-divertissement","13":"tag-entertainment","14":"tag-extreme-droite","15":"tag-fr","16":"tag-france","17":"tag-louis-aliot","18":"tag-perpignan","19":"tag-visa-pour-limage"},"share_on_mastodon":{"url":"https:\/\/pubeurope.com\/@fr\/115129248898335288","error":""},"_links":{"self":[{"href":"https:\/\/www.europesays.com\/fr\/wp-json\/wp\/v2\/posts\/358341","targetHints":{"allow":["GET"]}}],"collection":[{"href":"https:\/\/www.europesays.com\/fr\/wp-json\/wp\/v2\/posts"}],"about":[{"href":"https:\/\/www.europesays.com\/fr\/wp-json\/wp\/v2\/types\/post"}],"author":[{"embeddable":true,"href":"https:\/\/www.europesays.com\/fr\/wp-json\/wp\/v2\/users\/2"}],"replies":[{"embeddable":true,"href":"https:\/\/www.europesays.com\/fr\/wp-json\/wp\/v2\/comments?post=358341"}],"version-history":[{"count":0,"href":"https:\/\/www.europesays.com\/fr\/wp-json\/wp\/v2\/posts\/358341\/revisions"}],"wp:featuredmedia":[{"embeddable":true,"href":"https:\/\/www.europesays.com\/fr\/wp-json\/wp\/v2\/media\/358342"}],"wp:attachment":[{"href":"https:\/\/www.europesays.com\/fr\/wp-json\/wp\/v2\/media?parent=358341"}],"wp:term":[{"taxonomy":"category","embeddable":true,"href":"https:\/\/www.europesays.com\/fr\/wp-json\/wp\/v2\/categories?post=358341"},{"taxonomy":"post_tag","embeddable":true,"href":"https:\/\/www.europesays.com\/fr\/wp-json\/wp\/v2\/tags?post=358341"}],"curies":[{"name":"wp","href":"https:\/\/api.w.org\/{rel}","templated":true}]}}