{"id":358343,"date":"2025-09-01T13:21:11","date_gmt":"2025-09-01T13:21:11","guid":{"rendered":"https:\/\/www.europesays.com\/fr\/358343\/"},"modified":"2025-09-01T13:21:11","modified_gmt":"2025-09-01T13:21:11","slug":"kolkhoze-demmanuel-carrere-une-admirable-fresque-familiale-telerama","status":"publish","type":"post","link":"https:\/\/www.europesays.com\/fr\/358343\/","title":{"rendered":"\u201cKolkhoze\u201d, d\u2019Emmanuel Carr\u00e8re, une admirable fresque familiale &#8211; T\u00e9l\u00e9rama"},"content":{"rendered":"<ol>\n<li><a href=\"https:\/\/news.google.com\/rss\/articles\/CBMiqAFBVV95cUxQLW1FOFVlWUtoSWRXWXZuY3hPM2RhWmNqQzFXcGstNEhkcTVhQ04xeGl3M2NjTkYxTmZCcXJyOUZyUXBObUdOdF93by1ITmtoMU5lTzZFOEVBTjh0NUhSOUFZMkN0eDFkTkx5TlVTZ1pEZFlFUG9vZElCNnk1UTJrTWN6SjVpLUpPSnNLenNnc0kzQXM4bm5UdlN1OW12b0JGMGJua1RLUnA?oc=5\" target=\"_blank\" rel=\"nofollow noopener\">\u201cKolkhoze\u201d, d\u2019Emmanuel Carr\u00e8re, une admirable fresque familiale<\/a>&nbsp;&nbsp;T\u00e9l\u00e9rama<\/li>\n<li><a href=\"https:\/\/news.google.com\/rss\/articles\/CBMiswFBVV95cUxQcWpTcnJ5VGYzTjRmejZjaGlwdThWdno0VzBmbkNXRmtCTy1ybGpYXzk1Ql9fSkZYeDdCUk44cFdfcnNldHo1eVdaWkd5Tk5pX1JLeDgyazJ6MTRNdHpxS2JqMDFBWTJIeU1LQzg0dDdoTkdGTVJRbnItdU84ZV96aWk2aDVLaVR3c3VJRV96S0ltMWxOM184NVV1N1ZGRUFmaTgyUnJ1eHdWVnU1TWhXdVNscw?oc=5\" target=\"_blank\" rel=\"nofollow noopener\">Dans les m\u00e9dias cette semaine : Emmanuel Carr\u00e8re, Maria Pourchet, Joseph Incardona&#8230;<\/a>&nbsp;&nbsp;Livres Hebdo<\/li>\n<li><a href=\"https:\/\/news.google.com\/rss\/articles\/CBMi_wFBVV95cUxQNDNTN281dUdPbDB6aXl5YXVpYmpaWTRtLWRiNGsxbndJVW14T2F6UVBRSm1IYUFUaVA5dGlqLVFJLWRpYXNKckhIN3d0S0x6Z3JITzc2MkZfd1VUNnlvUXJmR2RQQkVCQjM2MzNqZkJTTlBpbERRQlNob0s1RXZ3UDJod00xdDZUVUN4Q1hNc2JLRGlGaTRiR3hrNXRTT3ZLRWY0SkxBalpqemI1UXd6eDZnTlFDMUs5N1lZdnZlY0Q2MzZyaWNzLUMxQTN2Q1hfaEVLVlNWV28wd1Y4Q0p0WWxhTVlHYnlwTFhWVk5BMUFUVmFUeWFLUllmdDE2XzQ?oc=5\" target=\"_blank\" rel=\"nofollow noopener\">Emmanuel Carr\u00e8re signe avec \u00ab\u00a0Kolkhoze\u00a0\u00bb un \u00e9poustouflant roman familial, vibrant hommage \u00e0 sa m\u00e8re<\/a>&nbsp;&nbsp;France Info<\/li>\n<li><a href=\"https:\/\/news.google.com\/rss\/articles\/CBMi3AFBVV95cUxPSDdSMXlaWkJlYThBWklHS09YbVN2ZmgtUUVCd1BJSF9JeXo3dG4xS0FSUUhMRnc4QjJwdzAwYjNLdEp5RWxVSUJhWTFuNmxGcGVWTjlXS0tQVUE1VU9IUGwtZmQzT2piS21vaEhCV1g3T3pGODhEREZSMzBtdFJUUzVGaVRYc3dpWkFXeHFYQm1jRjlrenpkNWpSS0ptdGlvWGRTcGwyV19hQWhPczFObnVzejdrYWNqNXQtLVFkSW9nMjJ6Um15dFR4cnJyUEJ4Ykg2THY5RFQ5cHhR?oc=5\" target=\"_blank\" rel=\"nofollow noopener\">Emmanuel Carr\u00e8re d\u00e9voile sa guerre familiale dans \u00ab Kolkhoze \u00bb<\/a>&nbsp;&nbsp;La Tribune<\/li>\n<li><a href=\"https:\/\/news.google.com\/rss\/articles\/CBMirwFBVV95cUxNeS01cXFBcy1HR0owUVVhXy1UTHdoMlQtRXd4NE1vUmFMSFVsTFYxQ01UTE9QSFd3T3J6a3gtZ2cxNmRucDZzUlB4eWVqZzBTV2U5LWpqcHU0ZVBYM0RodUpLZEdTODY0YWZ1ZmlycndvMnh3R1EzOUNpQno5bldmQWRiVzR1Z012U0NXdE90ME1zczc1QTJ0NUE1YlVpdVdWV2NMajdVc0o1dE5FNkF3?oc=5\" target=\"_blank\" rel=\"nofollow noopener\">\u00ab\u00a0Un \u00e9v\u00e9nement litt\u00e9raire\u00a0\u00bb : ce nouveau roman s\u2019annonce comme un succ\u00e8s<\/a>&nbsp;&nbsp;Biba Magazine<\/li>\n<\/ol>\n","protected":false},"excerpt":{"rendered":"\u201cKolkhoze\u201d, d\u2019Emmanuel Carr\u00e8re, une admirable fresque familiale&nbsp;&nbsp;T\u00e9l\u00e9rama Dans les m\u00e9dias cette semaine : Emmanuel Carr\u00e8re, Maria Pourchet, Joseph&hellip;\n","protected":false},"author":2,"featured_media":358344,"comment_status":"","ping_status":"","sticky":false,"template":"","format":"standard","meta":{"footnotes":""},"categories":[1357],"tags":[1379,58,59,1011,27,1380],"class_list":{"0":"post-358343","1":"post","2":"type-post","3":"status-publish","4":"format-standard","5":"has-post-thumbnail","7":"category-livres","8":"tag-books","9":"tag-divertissement","10":"tag-entertainment","11":"tag-fr","12":"tag-france","13":"tag-livres"},"share_on_mastodon":{"url":"https:\/\/pubeurope.com\/@fr\/115129252968511415","error":""},"_links":{"self":[{"href":"https:\/\/www.europesays.com\/fr\/wp-json\/wp\/v2\/posts\/358343","targetHints":{"allow":["GET"]}}],"collection":[{"href":"https:\/\/www.europesays.com\/fr\/wp-json\/wp\/v2\/posts"}],"about":[{"href":"https:\/\/www.europesays.com\/fr\/wp-json\/wp\/v2\/types\/post"}],"author":[{"embeddable":true,"href":"https:\/\/www.europesays.com\/fr\/wp-json\/wp\/v2\/users\/2"}],"replies":[{"embeddable":true,"href":"https:\/\/www.europesays.com\/fr\/wp-json\/wp\/v2\/comments?post=358343"}],"version-history":[{"count":0,"href":"https:\/\/www.europesays.com\/fr\/wp-json\/wp\/v2\/posts\/358343\/revisions"}],"wp:featuredmedia":[{"embeddable":true,"href":"https:\/\/www.europesays.com\/fr\/wp-json\/wp\/v2\/media\/358344"}],"wp:attachment":[{"href":"https:\/\/www.europesays.com\/fr\/wp-json\/wp\/v2\/media?parent=358343"}],"wp:term":[{"taxonomy":"category","embeddable":true,"href":"https:\/\/www.europesays.com\/fr\/wp-json\/wp\/v2\/categories?post=358343"},{"taxonomy":"post_tag","embeddable":true,"href":"https:\/\/www.europesays.com\/fr\/wp-json\/wp\/v2\/tags?post=358343"}],"curies":[{"name":"wp","href":"https:\/\/api.w.org\/{rel}","templated":true}]}}