{"id":358350,"date":"2025-09-01T13:25:13","date_gmt":"2025-09-01T13:25:13","guid":{"rendered":"https:\/\/www.europesays.com\/fr\/358350\/"},"modified":"2025-09-01T13:25:13","modified_gmt":"2025-09-01T13:25:13","slug":"90-des-adultes-autistes-ne-savent-pas-quils-le-sont-selon-une-nouvelle-etude","status":"publish","type":"post","link":"https:\/\/www.europesays.com\/fr\/358350\/","title":{"rendered":"90% des adultes autistes ne savent pas qu&rsquo;ils le sont, selon une nouvelle \u00e9tude"},"content":{"rendered":"<p class=\"mb-4 text-lg md:leading-8 break-words\">En France, 8 000 enfants autistes naissent chaque ann\u00e9e, soit <a data-i13n=\"cpos:1;pos:1\" href=\"https:\/\/www.autismeinfoservice.fr\/adapter\/essentiel\/chiffres-statistiques\" rel=\"nofollow noopener\" target=\"_blank\" data-ylk=\"slk:une personne sur 100;cpos:1;pos:1;elm:context_link;itc:0;sec:content-canvas\" class=\"link \">une personne sur 100 <\/a>environ. \u00c0 l\u2019\u00e9chelle mondiale, ce trouble du neurod\u00e9veloppement touche une personne sur 150. Mais beaucoup d\u2019entre eux l\u2019ignorent probablement. L\u2019autisme se <a data-i13n=\"cpos:2;pos:1\" href=\"https:\/\/www.inserm.fr\/dossier\/autisme\/\" rel=\"nofollow noopener\" target=\"_blank\" data-ylk=\"slk:caract\u00e9rise;cpos:2;pos:1;elm:context_link;itc:0;sec:content-canvas\" class=\"link \">caract\u00e9rise <\/a>g\u00e9n\u00e9ralement par des interactions sociales alt\u00e9r\u00e9es, des probl\u00e8mes de communication et de langage, des r\u00e9actions sensorielles inhabituelles et des troubles du comportement (comme un r\u00e9pertoire d\u2019int\u00e9r\u00eats et d\u2019activit\u00e9s restreint, st\u00e9r\u00e9otyp\u00e9 et r\u00e9p\u00e9titif).<\/p>\n<p class=\"mb-4 text-lg md:leading-8 break-words\">Selon une \u00e9tude <a data-i13n=\"cpos:3;pos:1\" href=\"https:\/\/www.kcl.ac.uk\/news\/up-to-90-of-middle-aged-and-older-autistic-adults-are-undiagnosed-in-the-uk-new-review-finds\" rel=\"nofollow noopener\" target=\"_blank\" data-ylk=\"slk:publi\u00e9e;cpos:3;pos:1;elm:context_link;itc:0;sec:content-canvas\" class=\"link \">publi\u00e9e<\/a> ce 29 ao\u00fbt par le King&rsquo;s College de Londres, et qui porte sur les habitants du Royaume-Uni, un pourcentage consid\u00e9rable d\u2019adultes d\u2019\u00e2ge moyen ou avanc\u00e9 atteints d\u2019autisme n\u2019ont jamais \u00e9t\u00e9 diagnostiqu\u00e9 : 90% en moyenne.<\/p>\n<p><strong>Chez les plus 60 ans, 97% des autistes n\u2019ont jamais \u00e9t\u00e9 diagnostiqu\u00e9s<\/strong><\/p>\n<p class=\"mb-4 text-lg md:leading-8 break-words\">Plus ils sont \u00e2g\u00e9s, plus les autistes sont nombreux \u00e0 ignorer qu\u2019ils souffrent du fameux TSA (Trouble du Spectre Autistique). En effet, l\u2019autisme ne dispara\u00eet pas en grandissant et, les recherches sur le sujet ayant quadrupl\u00e9 depuis 2012, la plupart des diagnostics sont aujourd\u2019hui pos\u00e9s sur des personnes jeunes.<\/p>\n<p class=\"mb-4 text-lg md:leading-8 break-words\">Au total, parmi les personnes atteintes de TSA, 89 % des 40-59 ans l\u2019ignorent et 97% des plus de 60 ans l\u2019ignorent. Chez les jeunes, l\u2019absence de diagnostic atteint une personne sur deux parmi les 20-39 ans et 23 % des moins de 20 ans.<\/p>\n<blockquote class=\"mb-4 border-l-2 pl-5 italic text-tertiary\">\n<p class=\"mb-4 text-lg md:leading-8 break-words\">\u00ab\u00a0Ces estimations sugg\u00e8rent que de nombreux adultes autistes (&#8230;) n&rsquo;ont jamais \u00e9t\u00e9 diagnostiqu\u00e9s comme tels et n&rsquo;ont pas b\u00e9n\u00e9fici\u00e9 du soutien ad\u00e9quat. Cela pourrait les rendre plus vuln\u00e9rables aux probl\u00e8mes li\u00e9s \u00e0 l&rsquo;\u00e2ge, comme l&rsquo;isolement social et une sant\u00e9 plus fragile\u00a0\u00bb regrette le Dr Gavin Stewart de la British Academy, auteur principal de l\u2019\u00e9tude.<\/p>\n<\/blockquote>\n<p><strong>Les autistes sont moins bien pris en charge et vivent moins longtemps<\/strong><\/p>\n<p class=\"mb-4 text-lg md:leading-8 break-words\">L&rsquo;\u00e9tude britannique souligne les divers d\u00e9fis auxquels sont confront\u00e9s les adultes autistes d&rsquo;\u00e2ge moyen et avanc\u00e9 : ils pr\u00e9sentent ainsi plus de probl\u00e8mes de sant\u00e9 physique et mentale que les adultes non autistes. Parmi ceux-ci, on r\u00e9pertorie entre autres les maladies cardiovasculaires, l\u2019anxi\u00e9t\u00e9 et la d\u00e9pression, l\u2019ost\u00e9oporose et l\u2019arthrite, la d\u00e9mence pr\u00e9coce ou encore la maladie de Parkinson.<\/p>\n<p class=\"mb-4 text-lg md:leading-8 break-words\">Les personnes \u00e2g\u00e9es pr\u00e9sentant des traits autistiques sont \u00e9galement six fois plus susceptibles de souffrir d&rsquo;id\u00e9es suicidaires, de pens\u00e9es autodestructrices et d&rsquo;automutilation, \u00e9tablit le King&rsquo;s College de Londres.<\/p>\n<p class=\"mb-4 text-lg md:leading-8 break-words\">De plus, l\u2019\u00e9tude explique que les adultes autistes, qui peuvent avoir des difficult\u00e9s de communication et des sensibilit\u00e9s sensorielles, rencontrent plus d\u2019obstacles pour obtenir un soutien m\u00e9dical et naviguer dans des syst\u00e8mes qui ne leur sont pas destin\u00e9s. Enfin, toujours au Royaume-Uni, l&rsquo;esp\u00e9rance de vie moyenne diff\u00e9rerait de six ans : les personnes autistes vivent jusqu&rsquo;\u00e0 75 ans, contre 81 ans pour les personnes non autistes.<\/p>\n","protected":false},"excerpt":{"rendered":"En France, 8 000 enfants autistes naissent chaque ann\u00e9e, soit une personne sur 100 environ. \u00c0 l\u2019\u00e9chelle mondiale,&hellip;\n","protected":false},"author":2,"featured_media":358351,"comment_status":"","ping_status":"","sticky":false,"template":"","format":"standard","meta":{"footnotes":""},"categories":[10],"tags":[49406,1011,27,72,49405,7546,71,29417],"class_list":{"0":"post-358350","1":"post","2":"type-post","3":"status-publish","4":"format-standard","5":"has-post-thumbnail","7":"category-sante","8":"tag-adultes-autistes","9":"tag-fr","10":"tag-france","11":"tag-health","12":"tag-kings-college-de-londres","13":"tag-problemes-de-sante","14":"tag-sante","15":"tag-troubles-du-comportement"},"share_on_mastodon":{"url":"https:\/\/pubeurope.com\/@fr\/115129268617155585","error":""},"_links":{"self":[{"href":"https:\/\/www.europesays.com\/fr\/wp-json\/wp\/v2\/posts\/358350","targetHints":{"allow":["GET"]}}],"collection":[{"href":"https:\/\/www.europesays.com\/fr\/wp-json\/wp\/v2\/posts"}],"about":[{"href":"https:\/\/www.europesays.com\/fr\/wp-json\/wp\/v2\/types\/post"}],"author":[{"embeddable":true,"href":"https:\/\/www.europesays.com\/fr\/wp-json\/wp\/v2\/users\/2"}],"replies":[{"embeddable":true,"href":"https:\/\/www.europesays.com\/fr\/wp-json\/wp\/v2\/comments?post=358350"}],"version-history":[{"count":0,"href":"https:\/\/www.europesays.com\/fr\/wp-json\/wp\/v2\/posts\/358350\/revisions"}],"wp:featuredmedia":[{"embeddable":true,"href":"https:\/\/www.europesays.com\/fr\/wp-json\/wp\/v2\/media\/358351"}],"wp:attachment":[{"href":"https:\/\/www.europesays.com\/fr\/wp-json\/wp\/v2\/media?parent=358350"}],"wp:term":[{"taxonomy":"category","embeddable":true,"href":"https:\/\/www.europesays.com\/fr\/wp-json\/wp\/v2\/categories?post=358350"},{"taxonomy":"post_tag","embeddable":true,"href":"https:\/\/www.europesays.com\/fr\/wp-json\/wp\/v2\/tags?post=358350"}],"curies":[{"name":"wp","href":"https:\/\/api.w.org\/{rel}","templated":true}]}}