{"id":358361,"date":"2025-09-01T13:31:11","date_gmt":"2025-09-01T13:31:11","guid":{"rendered":"https:\/\/www.europesays.com\/fr\/358361\/"},"modified":"2025-09-01T13:31:11","modified_gmt":"2025-09-01T13:31:11","slug":"dans-laude-la-rave-party-sur-les-lieux-de-lincendie-se-poursuit-malgre-lopposition-du-maire-on-marche-sur-la-tete","status":"publish","type":"post","link":"https:\/\/www.europesays.com\/fr\/358361\/","title":{"rendered":"Dans l\u2019Aude, la rave-party sur les lieux de\u00a0l\u2019incendie se\u00a0poursuit malgr\u00e9 l\u2019opposition du\u00a0maire\u00a0: \u00ab\u00a0On\u00a0marche sur la\u00a0t\u00eate\u00a0\u00bb"},"content":{"rendered":"<p>                          <img loading=\"lazy\" decoding=\"async\" src=\"https:\/\/www.europesays.com\/fr\/wp-content\/uploads\/2025\/09\/058b507_ftp-import-images-1-hhf0ljmqvsck-5753325-01-06.jpg\" alt=\"Des personnes devant un van attendent l\u2019acc\u00e8s au site d\u2019une rave-party \u00e0 Fontjoncouse, dans l\u2019Aude, le 30\u00a0juin 2025.\"   width=\"664\" height=\"443\"\/>    Des personnes devant un van attendent l\u2019acc\u00e8s au site d\u2019une rave-party \u00e0 Fontjoncouse, dans l\u2019Aude, le 30\u00a0juin 2025.  IDRISS BIGOU-GILLES \/ AFP                        <\/p>\n<p class=\"article__paragraph  \">La rave-party qui a d\u00e9but\u00e9 vendredi soir \u00e0 Fontjoncouse (Aude), dans le massif des Corbi\u00e8res, touch\u00e9 au d\u00e9but d\u2019ao\u00fbt par un gigantesque incendie, se poursuit lundi\u00a01er\u00a0septembre, au grand d\u00e9sarroi du maire du village, Christophe Tena, qui d\u00e9crit une situation potentiellement explosive. \u00ab\u00a0La tension est en train de monter. Apr\u00e8s les incendies qu\u2019on a connus, les habitants sont \u00e0 bout de nerfs, on a des gens qui ont tout perdu, \u00e7a va mal finir\u00a0\u00bb, alerte le maire de ce village viticole de 140\u00a0habitants.<\/p>\n<p class=\"article__paragraph  \">Quelque \u00ab\u00a01\u00a0500\u00a0personnes demeurent sur le site\u00a0\u00bb, pr\u00e9cise un communiqu\u00e9 de la pr\u00e9fecture de l\u2019Aude lundi \u00e0 la mi-journ\u00e9e, qui appelle les f\u00eatards \u00e0 quitter les lieux et avertit que \u00ab\u00a0l\u2019ensemble des personnes contr\u00f4l\u00e9es seront verbalis\u00e9es pour le non-respect de l\u2019arr\u00eat\u00e9 pr\u00e9fectoral interdisant l\u2019acc\u00e8s \u00e0 zone de feu\u00a0\u00bb.<\/p>\n<p class=\"article__paragraph  \">La rave-party se d\u00e9roule depuis vendredi soir dans une plaine agricole situ\u00e9e entre le village de Fontjoncouse et celui de Coustouge, des villages au c\u0153ur d\u2019une zone sinistr\u00e9e par le gigantesque incendie du 5\u00a0ao\u00fbt, <a href=\"https:\/\/www.lemonde.fr\/planete\/article\/2025\/08\/28\/l-incendie-dans-l-aude-est-desormais-eteint-annonce-la-prefecture_6636934_3244.html\" rel=\"nofollow noopener\" target=\"_blank\">qui a parcouru 16\u00a0000\u00a0hectares dans le massif des Corbi\u00e8res<\/a>, et a notamment d\u00e9truit 36\u00a0habitations et tu\u00e9 une personne.<\/p>\n<p class=\"article__paragraph  \">\u00ab\u00a0Ils sont sur des propri\u00e9t\u00e9s priv\u00e9es, sans autorisation, ils d\u00e9truisent tout et la pr\u00e9fecture me dit qu\u2019on ne peut rien faire pour les faire partir. On marche sur la t\u00eate. Les gens sont en col\u00e8re. Il y a eu des d\u00e9gradations de v\u00e9hicules des teufeurs, gar\u00e9es le long des routes, \u00e7a risque de d\u00e9g\u00e9n\u00e9rer\u00a0\u00bb, poursuit le maire.<\/p>\n<p class=\"article__paragraph  \">Des gendarmes mobiles et des CRS ont \u00e9t\u00e9 d\u00e9p\u00each\u00e9s sur les lieux du rassemblement. Faute de pouvoir les d\u00e9loger, les forces de l\u2019ordre ont emp\u00each\u00e9 \u00ab\u00a0un certain nombre de participants d\u2019acc\u00e9der au site\u00a0\u00bb, a pr\u00e9cis\u00e9 la pr\u00e9fecture de l\u2019Aude dans un communiqu\u00e9.<\/p>\n<p class=\"article__paragraph  \">Trois participants \u00e0 la rave-party ont \u00e9t\u00e9 plac\u00e9s en garde \u00e0 vue pour des d\u00e9lits routiers et des infractions \u00e0 la l\u00e9gislation sur les stup\u00e9fiants, selon la gendarmerie.<\/p>\n<p>                                     Lire aussi |  Article r\u00e9serv\u00e9 \u00e0 nos abonn\u00e9s  <a href=\"https:\/\/www.lemonde.fr\/planete\/article\/2025\/08\/10\/incendie-dans-l-aude-les-facteurs-a-l-origine-d-un-sinistre-hors-norme-en-cartes-et-en-graphiques_6627646_3244.html\" class=\"js-article-read-also catcher--favoris__link\" data-premium=\"1\" id=\"article-title-3433973\" rel=\"nofollow noopener\" target=\"_blank\">Incendie dans l\u2019Aude\u00a0: les facteurs \u00e0 l\u2019origine d\u2019un sinistre hors norme, en cartes et en graphiques<\/a>    <\/p>\n<p>   Lire plus tard  <\/p>\n<p class=\"author__detail\">  Le Monde avec AFP  <\/p>\n","protected":false},"excerpt":{"rendered":"Des personnes devant un van attendent l\u2019acc\u00e8s au site d\u2019une rave-party \u00e0 Fontjoncouse, dans l\u2019Aude, le 30\u00a0juin 2025.&hellip;\n","protected":false},"author":2,"featured_media":358362,"comment_status":"","ping_status":"","sticky":false,"template":"","format":"standard","meta":{"footnotes":""},"categories":[4],"tags":[11,1011,27,12,25],"class_list":{"0":"post-358361","1":"post","2":"type-post","3":"status-publish","4":"format-standard","5":"has-post-thumbnail","7":"category-france","8":"tag-actualites","9":"tag-fr","10":"tag-france","11":"tag-news","12":"tag-republique-francaise"},"share_on_mastodon":{"url":"https:\/\/pubeurope.com\/@fr\/115129292523663538","error":""},"_links":{"self":[{"href":"https:\/\/www.europesays.com\/fr\/wp-json\/wp\/v2\/posts\/358361","targetHints":{"allow":["GET"]}}],"collection":[{"href":"https:\/\/www.europesays.com\/fr\/wp-json\/wp\/v2\/posts"}],"about":[{"href":"https:\/\/www.europesays.com\/fr\/wp-json\/wp\/v2\/types\/post"}],"author":[{"embeddable":true,"href":"https:\/\/www.europesays.com\/fr\/wp-json\/wp\/v2\/users\/2"}],"replies":[{"embeddable":true,"href":"https:\/\/www.europesays.com\/fr\/wp-json\/wp\/v2\/comments?post=358361"}],"version-history":[{"count":0,"href":"https:\/\/www.europesays.com\/fr\/wp-json\/wp\/v2\/posts\/358361\/revisions"}],"wp:featuredmedia":[{"embeddable":true,"href":"https:\/\/www.europesays.com\/fr\/wp-json\/wp\/v2\/media\/358362"}],"wp:attachment":[{"href":"https:\/\/www.europesays.com\/fr\/wp-json\/wp\/v2\/media?parent=358361"}],"wp:term":[{"taxonomy":"category","embeddable":true,"href":"https:\/\/www.europesays.com\/fr\/wp-json\/wp\/v2\/categories?post=358361"},{"taxonomy":"post_tag","embeddable":true,"href":"https:\/\/www.europesays.com\/fr\/wp-json\/wp\/v2\/tags?post=358361"}],"curies":[{"name":"wp","href":"https:\/\/api.w.org\/{rel}","templated":true}]}}