{"id":358368,"date":"2025-09-01T13:35:13","date_gmt":"2025-09-01T13:35:13","guid":{"rendered":"https:\/\/www.europesays.com\/fr\/358368\/"},"modified":"2025-09-01T13:35:13","modified_gmt":"2025-09-01T13:35:13","slug":"les-cigognes-visitent-le-parc-de-la-pepiniere","status":"publish","type":"post","link":"https:\/\/www.europesays.com\/fr\/358368\/","title":{"rendered":"les cigognes visitent le parc de la p\u00e9pini\u00e8re"},"content":{"rendered":"<p>Seraient-elles venues donner un avant-go\u00fbt de la <a href=\"https:\/\/www.estrepublicain.fr\/culture-loisirs\/2025\/06\/24\/pepiniere-aire-de-jeux-brasserie-roseraie-et-parc-animal-en-travaux\" target=\"_blank\" rel=\"noopener\">future voli\u00e8re, pr\u00e9vue prochainement en lieu et place de l\u2019ancienne fosse aux ours<\/a> \u00a0? Ou voulaient-elles simplement respirer l\u2019air nanc\u00e9ien, pour changer des sempiternelles communes alsaciennes ou de\u2026 <a href=\"https:\/\/www.estrepublicain.fr\/culture-loisirs\/2021\/08\/01\/les-cigognes-deja-presentes-au-xve-siecle-en-lorraine\" target=\"_blank\" rel=\"noopener\">Saint-Nicolas-de-Port, o\u00f9 elles ont carr\u00e9ment leur enclos<\/a> \u00a0?<\/p>\n<p>Toujours est-il que ces cigognes, aper\u00e7ues en duo dans le parc de la p\u00e9pini\u00e8re \u00e0 l\u2019heure de la rentr\u00e9e des classes, avaient l\u2019air comme chez elles sur la pelouse de la P\u00e9p\u2019. Vadrouillant de l\u2019auditorium \u00e0 l\u2019aire de jeux, la patte alerte et le bec \u00e0 l\u2019aff\u00fbt de la moindre miette, <a href=\"https:\/\/www.estrepublicain.fr\/edition-nancy-et-agglomeration\/2020\/04\/30\/le-retour-des-cigognes-sur-les-cheminees\" target=\"_blank\" rel=\"noopener\">les deux \u00e9chassiers migrateurs<\/a> ont ainsi fait sourire promeneurs et agents du parc, peu habitu\u00e9s \u00e0 ce genre de touristes.<\/p>\n<p>Ces visiteuses nous apportant par ailleurs ce dicton alsacien\u00a0: \u00ab\u00a0Quand les cigognes sont l\u00e0, le monde est en bon \u00e9tat.\u00a0\u00bb On t\u00e2chera de le croire. <a href=\"https:\/\/www.estrepublicain.fr\/culture-loisirs\/2025\/01\/02\/emile-coue-promoteur-de-la-pensee-positive-et-de-la-methode-d-autosuggestion-celebre-en-son-temps-mal-aime-a-present\" target=\"_blank\" rel=\"noopener\">M\u00e9thode Cou\u00e9 \u00e0 l\u2019appui,<\/a> si besoin\u00a0!<\/p>\n","protected":false},"excerpt":{"rendered":"Seraient-elles venues donner un avant-go\u00fbt de la future voli\u00e8re, pr\u00e9vue prochainement en lieu et place de l\u2019ancienne fosse&hellip;\n","protected":false},"author":2,"featured_media":358369,"comment_status":"","ping_status":"","sticky":false,"template":"","format":"standard","meta":{"footnotes":""},"categories":[9635],"tags":[1111,11,1867,1704,1777,674,1011,27,775,1702,1703,12,25,104],"class_list":{"0":"post-358368","1":"post","2":"type-post","3":"status-publish","4":"format-standard","5":"has-post-thumbnail","7":"category-nancy","8":"tag-actu","9":"tag-actualites","10":"tag-animaux","11":"tag-edition-nancy-et-agglomeration","12":"tag-eu","13":"tag-europe","14":"tag-fr","15":"tag-france","16":"tag-grand-est","17":"tag-nancy","18":"tag-nancy-ville-54b","19":"tag-news","20":"tag-republique-francaise","21":"tag-societe"},"share_on_mastodon":{"url":"https:\/\/pubeurope.com\/@fr\/115129307881084284","error":""},"_links":{"self":[{"href":"https:\/\/www.europesays.com\/fr\/wp-json\/wp\/v2\/posts\/358368","targetHints":{"allow":["GET"]}}],"collection":[{"href":"https:\/\/www.europesays.com\/fr\/wp-json\/wp\/v2\/posts"}],"about":[{"href":"https:\/\/www.europesays.com\/fr\/wp-json\/wp\/v2\/types\/post"}],"author":[{"embeddable":true,"href":"https:\/\/www.europesays.com\/fr\/wp-json\/wp\/v2\/users\/2"}],"replies":[{"embeddable":true,"href":"https:\/\/www.europesays.com\/fr\/wp-json\/wp\/v2\/comments?post=358368"}],"version-history":[{"count":0,"href":"https:\/\/www.europesays.com\/fr\/wp-json\/wp\/v2\/posts\/358368\/revisions"}],"wp:featuredmedia":[{"embeddable":true,"href":"https:\/\/www.europesays.com\/fr\/wp-json\/wp\/v2\/media\/358369"}],"wp:attachment":[{"href":"https:\/\/www.europesays.com\/fr\/wp-json\/wp\/v2\/media?parent=358368"}],"wp:term":[{"taxonomy":"category","embeddable":true,"href":"https:\/\/www.europesays.com\/fr\/wp-json\/wp\/v2\/categories?post=358368"},{"taxonomy":"post_tag","embeddable":true,"href":"https:\/\/www.europesays.com\/fr\/wp-json\/wp\/v2\/tags?post=358368"}],"curies":[{"name":"wp","href":"https:\/\/api.w.org\/{rel}","templated":true}]}}