{"id":358372,"date":"2025-09-01T13:37:10","date_gmt":"2025-09-01T13:37:10","guid":{"rendered":"https:\/\/www.europesays.com\/fr\/358372\/"},"modified":"2025-09-01T13:37:10","modified_gmt":"2025-09-01T13:37:10","slug":"vigilances-oranges-pluie-inondation-et-orages-dans-le-var-jusqua-18h-ce-lundi-on-fait-le-point-a-la-mi-journee","status":"publish","type":"post","link":"https:\/\/www.europesays.com\/fr\/358372\/","title":{"rendered":"Vigilances oranges \u00ab\u00a0pluie-inondation\u00a0\u00bb et \u00ab\u00a0orages\u00a0\u00bb dans le Var jusqu&rsquo;\u00e0 18h ce lundi: on fait le point \u00e0 la mi-journ\u00e9e"},"content":{"rendered":"<p>Pour l\u2019instant, <a href=\"https:\/\/www.varmatin.com\/meteo\/fortes-lames-d-eau-risque-localise-de-tornade-les-images-des-intemperies-dans-le-sud-est-et-les-previsions-pour-les-heures-a-venir-1000043\" target=\"_blank\" rel=\"noopener\">plus de peur que de mal dans le Var<\/a>. Mais la vigilance doit rester de mise jusqu\u2019en fin d\u2019apr\u00e8s-midi ce lundi 1er septembre.<\/p>\n<p>\u00ab\u00a0Nous suivons actuellement les images radar. Des lignes orageuses sont visibles, mais les intensit\u00e9s les plus fortes sont situ\u00e9es au large du Var\u00a0\u00bb, d\u00e9taille Alix Roumagnac, fondateur et pr\u00e9sident de Predict Services, sp\u00e9cialiste en assistance \u00e0 la gestion des risques hydrom\u00e9t\u00e9orologiques aupr\u00e8s des collectivit\u00e9s et des industriels.<\/p>\n<p>D\u2019apr\u00e8s les pr\u00e9visions, <a href=\"https:\/\/www.varmatin.com\/meteo\/intemperie-un-phenomene-important-au-large-de-toulon-1000048\" target=\"_blank\" rel=\"noopener\">l\u2019\u00e9pisode pluvieux et orageux<\/a> \u00ab\u00a0se d\u00e9calera en fin d\u2019apr\u00e8s-midi vers le nord de la Corse et l\u2019Italie. Dans le Var, on peut s\u2019attendre \u00e0 un retour \u00e0 la normale vers 18h &#8211; 19h. La rentr\u00e9e de demain se fera, a priori, sans probl\u00e8me.\u00a0\u00bb<\/p>\n<p>                                \u00ab\u00a0Prudence durant le reste de la journ\u00e9e\u00a0\u00bb<\/p>\n<p>\u00c0 la mi-journ\u00e9e, aucune situation critique n\u2019est \u00e0 d\u00e9plorer dans le d\u00e9partement: \u00ab\u00a0Contrairement au Gard, tr\u00e8s touch\u00e9 par des \u00e9boulements et des inondations, et aux Bouches-du-Rh\u00f4ne o\u00f9 quelques routes ont \u00e9t\u00e9 submerg\u00e9es, pour l\u2019instant il n\u2019y a rien \u00e0 signaler de particulier concernant le Var.\u00a0\u00bb<\/p>\n<p>Le sp\u00e9cialiste dans la gestion du risque m\u00e9t\u00e9orologique pr\u00e9cise n\u00e9anmoins qu\u2019\u00a0\u00bbil faut quand m\u00eame faire preuve de prudence durant le reste de la journ\u00e9e\u00a0\u00bb.<\/p>\n","protected":false},"excerpt":{"rendered":"Pour l\u2019instant, plus de peur que de mal dans le Var. Mais la vigilance doit rester de mise&hellip;\n","protected":false},"author":2,"featured_media":358373,"comment_status":"","ping_status":"","sticky":false,"template":"","format":"standard","meta":{"footnotes":""},"categories":[9619],"tags":[1111,11,1777,674,1011,27,2487,12,882,25,2310],"class_list":{"0":"post-358372","1":"post","2":"type-post","3":"status-publish","4":"format-standard","5":"has-post-thumbnail","7":"category-toulon","8":"tag-actu","9":"tag-actualites","10":"tag-eu","11":"tag-europe","12":"tag-fr","13":"tag-france","14":"tag-meteo","15":"tag-news","16":"tag-provence-alpes-cote-dazur","17":"tag-republique-francaise","18":"tag-toulon"},"share_on_mastodon":{"url":"https:\/\/pubeurope.com\/@fr\/115129317353983727","error":""},"_links":{"self":[{"href":"https:\/\/www.europesays.com\/fr\/wp-json\/wp\/v2\/posts\/358372","targetHints":{"allow":["GET"]}}],"collection":[{"href":"https:\/\/www.europesays.com\/fr\/wp-json\/wp\/v2\/posts"}],"about":[{"href":"https:\/\/www.europesays.com\/fr\/wp-json\/wp\/v2\/types\/post"}],"author":[{"embeddable":true,"href":"https:\/\/www.europesays.com\/fr\/wp-json\/wp\/v2\/users\/2"}],"replies":[{"embeddable":true,"href":"https:\/\/www.europesays.com\/fr\/wp-json\/wp\/v2\/comments?post=358372"}],"version-history":[{"count":0,"href":"https:\/\/www.europesays.com\/fr\/wp-json\/wp\/v2\/posts\/358372\/revisions"}],"wp:featuredmedia":[{"embeddable":true,"href":"https:\/\/www.europesays.com\/fr\/wp-json\/wp\/v2\/media\/358373"}],"wp:attachment":[{"href":"https:\/\/www.europesays.com\/fr\/wp-json\/wp\/v2\/media?parent=358372"}],"wp:term":[{"taxonomy":"category","embeddable":true,"href":"https:\/\/www.europesays.com\/fr\/wp-json\/wp\/v2\/categories?post=358372"},{"taxonomy":"post_tag","embeddable":true,"href":"https:\/\/www.europesays.com\/fr\/wp-json\/wp\/v2\/tags?post=358372"}],"curies":[{"name":"wp","href":"https:\/\/api.w.org\/{rel}","templated":true}]}}