{"id":358378,"date":"2025-09-01T13:40:15","date_gmt":"2025-09-01T13:40:15","guid":{"rendered":"https:\/\/www.europesays.com\/fr\/358378\/"},"modified":"2025-09-01T13:40:15","modified_gmt":"2025-09-01T13:40:15","slug":"un-conducteur-controle-24-bouteilles-de-protoxyde-dazote-dans-le-vehicule","status":"publish","type":"post","link":"https:\/\/www.europesays.com\/fr\/358378\/","title":{"rendered":"un conducteur contr\u00f4l\u00e9, 24 bouteilles de protoxyde d&rsquo;azote dans le v\u00e9hicule"},"content":{"rendered":"<p>\nUn v\u00e9hicule a \u00e9t\u00e9 arr\u00eat\u00e9 \u00e0 Montpellier, 24 bouteilles de protoxyde d&rsquo;azote se trouvaient \u00e0 l&rsquo;int\u00e9rieur.<\/p>\n<p>\n\u00a9 DR. police m\u00e9tropolitaine des transports. .<\/p>\n<p><a data-no-instant=\"1\" href=\"https:\/\/www.gard.fr\/information\/actualites\/rentree-2025-2026-le-conseil-departemental-sengage-pour-la-jeunesse\" rel=\"noopener nofollow\" class=\"a2t-link\" aria-label=\"DEP30-2025-CAMPAGNE-JEUNESSE-RENTREE-1220x260px\" target=\"_blank\"><img decoding=\"async\" src=\"https:\/\/www.europesays.com\/fr\/wp-content\/uploads\/2025\/09\/DEP30-2025-CAMPAGNE-JEUNESSE-RENTREE-1220x260px.gif\" alt=\"\"\/><\/a><\/p>\n<p>Jeudi 28 ao\u00fbt dernier, la police m\u00e9tropolitaine des transports de <a href=\"https:\/\/infoccitanie.fr\/tag\/montpellier\/\" rel=\"nofollow noopener\" target=\"_blank\">Montpellier<\/a> M\u00e9tropole est en \u00ab\u00a0s\u00e9curisation\u00a0\u00bb \u00e0 l\u2019arr\u00eat Garcia Lorca (Ligne 631). La patrouille constate qu\u2019un v\u00e9hicule circule et que ses occupants consomment du protoxyde d\u2019azote. Ils proc\u00e8dent au contr\u00f4le du conducteur qui est positif aux stup\u00e9fiants et en d\u00e9faut de permis de conduire. Ce dernier est interpell\u00e9. Dans le v\u00e9hicule se trouvaient 24 bouteilles de protoxyde d\u2019azote et des stup\u00e9fiants qui sont remis \u00e0 la <a href=\"https:\/\/www.facebook.com\/PoliceNationale?__cft__[0]=AZUskuMCINKW0f3Qd3LD4BSTNgnPfo4m3piqf-pqv6l9Xooc3pr-WV6Z1I_vSmoVW-BC3DylZgokgJnrB_R8_gxJILUCIf60bQyiR5671nATWgmF8qUbUW9ZGJxS0vDhoZNdC_mIWkBj-IdcOU9YhMgQj9mfTEj_IOsMO_2svcKYlqk9zpTg9mEGNs9T6QwTfsI&amp;__tn__=-]K-R\" target=\"_blank\" rel=\"nofollow noopener\">police nationale<\/a> de l\u2019H\u00e9rault.<\/p>\n<p><a data-no-instant=\"1\" href=\"https:\/\/www.lio-occitanie.fr\/titres-et-tarifs\/\" rel=\"noopener nofollow\" class=\"a2t-link\" aria-label=\"2915-lio-sncf-2025\" target=\"_blank\"><img decoding=\"async\" src=\"https:\/\/www.europesays.com\/fr\/wp-content\/uploads\/2025\/08\/2915-lio-sncf-2025.png\" alt=\"\"  \/><\/a><\/p>\n","protected":false},"excerpt":{"rendered":"Un v\u00e9hicule a \u00e9t\u00e9 arr\u00eat\u00e9 \u00e0 Montpellier, 24 bouteilles de protoxyde d&rsquo;azote se trouvaient \u00e0 l&rsquo;int\u00e9rieur. \u00a9 DR.&hellip;\n","protected":false},"author":2,"featured_media":358379,"comment_status":"","ping_status":"","sticky":false,"template":"","format":"standard","meta":{"footnotes":""},"categories":[9599],"tags":[1111,11,49407,1777,674,1011,27,2208,12,2680,25],"class_list":{"0":"post-358378","1":"post","2":"type-post","3":"status-publish","4":"format-standard","5":"has-post-thumbnail","7":"category-montpellier","8":"tag-actu","9":"tag-actualites","10":"tag-agglomeration-de-montpellier","11":"tag-eu","12":"tag-europe","13":"tag-fr","14":"tag-france","15":"tag-montpellier","16":"tag-news","17":"tag-occitanie","18":"tag-republique-francaise"},"share_on_mastodon":{"url":"https:\/\/pubeurope.com\/@fr\/115129327597145968","error":""},"_links":{"self":[{"href":"https:\/\/www.europesays.com\/fr\/wp-json\/wp\/v2\/posts\/358378","targetHints":{"allow":["GET"]}}],"collection":[{"href":"https:\/\/www.europesays.com\/fr\/wp-json\/wp\/v2\/posts"}],"about":[{"href":"https:\/\/www.europesays.com\/fr\/wp-json\/wp\/v2\/types\/post"}],"author":[{"embeddable":true,"href":"https:\/\/www.europesays.com\/fr\/wp-json\/wp\/v2\/users\/2"}],"replies":[{"embeddable":true,"href":"https:\/\/www.europesays.com\/fr\/wp-json\/wp\/v2\/comments?post=358378"}],"version-history":[{"count":0,"href":"https:\/\/www.europesays.com\/fr\/wp-json\/wp\/v2\/posts\/358378\/revisions"}],"wp:featuredmedia":[{"embeddable":true,"href":"https:\/\/www.europesays.com\/fr\/wp-json\/wp\/v2\/media\/358379"}],"wp:attachment":[{"href":"https:\/\/www.europesays.com\/fr\/wp-json\/wp\/v2\/media?parent=358378"}],"wp:term":[{"taxonomy":"category","embeddable":true,"href":"https:\/\/www.europesays.com\/fr\/wp-json\/wp\/v2\/categories?post=358378"},{"taxonomy":"post_tag","embeddable":true,"href":"https:\/\/www.europesays.com\/fr\/wp-json\/wp\/v2\/tags?post=358378"}],"curies":[{"name":"wp","href":"https:\/\/api.w.org\/{rel}","templated":true}]}}