{"id":358382,"date":"2025-09-01T13:42:10","date_gmt":"2025-09-01T13:42:10","guid":{"rendered":"https:\/\/www.europesays.com\/fr\/358382\/"},"modified":"2025-09-01T13:42:10","modified_gmt":"2025-09-01T13:42:10","slug":"a-rouen-apres-une-course-poursuite-lhomme-de-22-ans-se-jette-au-sol-pour-echapper-a-la-police","status":"publish","type":"post","link":"https:\/\/www.europesays.com\/fr\/358382\/","title":{"rendered":"A Rouen, apr\u00e8s une course-poursuite, l&rsquo;homme de 22 ans se jette au sol pour \u00e9chapper \u00e0 la police"},"content":{"rendered":"<p>            Par<br \/>\n        <strong><br \/>\n            <a href=\"https:\/\/actu.fr\/auteur\/louise-boutard\" title=\"Consulter tous les articles de Louise Boutard\" rel=\"nofollow noopener\" target=\"_blank\">Louise Boutard<\/a><br \/>\n        <\/strong><\/p>\n<p>        Publi\u00e9 le<\/p>\n<p>            1 sept. 2025 \u00e0 14h30        <\/p>\n<p>Il s\u2019est jet\u00e9 \u00e0 terre derri\u00e8re des voitures pour tenter d\u2019\u00e9chapper \u00e0 la police. Dans la nuit du 31 ao\u00fbt au 1er septembre 2025, \u00e0 1h25 du matin, un automobiliste a \u00e9t\u00e9 rep\u00e9r\u00e9 par les policiers dans le quartier des Hauts de <a href=\"https:\/\/actu.fr\/normandie\/rouen_76540\" rel=\"nofollow noopener\" target=\"_blank\">Rouen<\/a> alors qu\u2019il<strong> ne marquait pas l\u2019arr\u00eat au stop et roulait \u00e0 vive allure.\u00a0<\/strong><\/p>\n<p>Course-poursuite<\/p>\n<p class=\" wall-content\">Les agents de police lui demandent de s\u2019arr\u00eater \u00e0 l\u2019aide des signaux sonores et lumineux, mais <strong>le v\u00e9hicule acc\u00e9l\u00e8re.<\/strong> Arriv\u00e9 rue Richard-Wagner, l\u2019homme de 22 ans place sa voiture en travers le route, sort du v\u00e9hicule et<strong> fuit en courant, \u00e0 pieds.<\/strong> Les agents le poursuivent.\u00a0<\/p>\n<p class=\" wall-content\">Un peu plus loin, rue Charles-Gounod, <strong>il se jette \u00e0 terre<\/strong> en esp\u00e9rant se cacher derri\u00e8re des v\u00e9hicules gar\u00e9s. Il est finalement interpell\u00e9. Le jeune homme avait tent\u00e9 de fuire car <strong>son permis \u00e9tait suspendu.\u00a0<\/strong><\/p>\n<p>Suivez l\u2019actualit\u00e9 de Rouen sur <a href=\"https:\/\/www.whatsapp.com\/channel\/0029VaKfnf99hXF2ddApFB1D\" rel=\"nofollow noopener\" target=\"_blank\">notre cha\u00eene WhatsApp<\/a> et <a href=\"https:\/\/www.tiktok.com\/@76actu.fr?lang=fr\" rel=\"nofollow noopener\" target=\"_blank\">sur notre compte Tik Tok<\/a><\/p>\n<p class=\" wall-content\">Personnalisez votre actualit\u00e9 en ajoutant vos villes et m\u00e9dias en favori avec <a href=\"https:\/\/moncompte.actu.fr\" title=\"D\u00e9couvez Mon Actu\" rel=\"nofollow noopener\" data-trk=\"{&quot;cta&quot;:{&quot;action&quot;:&quot;https:\\\/\\\/moncompte.actu.fr&quot;,&quot;category&quot;:&quot;mon compte&quot;,&quot;from&quot;:&quot;article footer&quot;,&quot;name&quot;:&quot;Mon actu&quot;,&quot;type&quot;:&quot;cta&quot;}}\" target=\"_blank\">Mon Actu<\/a>.<\/p>\n<p>                    <script async src=\"\/\/www.tiktok.com\/embed.js\"><\/script><\/p>\n","protected":false},"excerpt":{"rendered":"Par Louise Boutard Publi\u00e9 le 1 sept. 2025 \u00e0 14h30 Il s\u2019est jet\u00e9 \u00e0 terre derri\u00e8re des voitures&hellip;\n","protected":false},"author":2,"featured_media":358383,"comment_status":"","ping_status":"","sticky":false,"template":"","format":"standard","meta":{"footnotes":""},"categories":[9587],"tags":[1111,11,646,1777,674,118,1011,27,12,5161,1072,25,9590],"class_list":{"0":"post-358382","1":"post","2":"type-post","3":"status-publish","4":"format-standard","5":"has-post-thumbnail","7":"category-rouen","8":"tag-actu","9":"tag-actualites","10":"tag-automobile","11":"tag-eu","12":"tag-europe","13":"tag-faits-divers","14":"tag-fr","15":"tag-france","16":"tag-news","17":"tag-normandie","18":"tag-police","19":"tag-republique-francaise","20":"tag-rouen"},"share_on_mastodon":{"url":"https:\/\/pubeurope.com\/@fr\/115129335466666754","error":""},"_links":{"self":[{"href":"https:\/\/www.europesays.com\/fr\/wp-json\/wp\/v2\/posts\/358382","targetHints":{"allow":["GET"]}}],"collection":[{"href":"https:\/\/www.europesays.com\/fr\/wp-json\/wp\/v2\/posts"}],"about":[{"href":"https:\/\/www.europesays.com\/fr\/wp-json\/wp\/v2\/types\/post"}],"author":[{"embeddable":true,"href":"https:\/\/www.europesays.com\/fr\/wp-json\/wp\/v2\/users\/2"}],"replies":[{"embeddable":true,"href":"https:\/\/www.europesays.com\/fr\/wp-json\/wp\/v2\/comments?post=358382"}],"version-history":[{"count":0,"href":"https:\/\/www.europesays.com\/fr\/wp-json\/wp\/v2\/posts\/358382\/revisions"}],"wp:featuredmedia":[{"embeddable":true,"href":"https:\/\/www.europesays.com\/fr\/wp-json\/wp\/v2\/media\/358383"}],"wp:attachment":[{"href":"https:\/\/www.europesays.com\/fr\/wp-json\/wp\/v2\/media?parent=358382"}],"wp:term":[{"taxonomy":"category","embeddable":true,"href":"https:\/\/www.europesays.com\/fr\/wp-json\/wp\/v2\/categories?post=358382"},{"taxonomy":"post_tag","embeddable":true,"href":"https:\/\/www.europesays.com\/fr\/wp-json\/wp\/v2\/tags?post=358382"}],"curies":[{"name":"wp","href":"https:\/\/api.w.org\/{rel}","templated":true}]}}