{"id":358386,"date":"2025-09-01T13:44:20","date_gmt":"2025-09-01T13:44:20","guid":{"rendered":"https:\/\/www.europesays.com\/fr\/358386\/"},"modified":"2025-09-01T13:44:20","modified_gmt":"2025-09-01T13:44:20","slug":"a-grenoble-un-boulanger-a-ete-poignarde-apres-une-altercation-devant-sa-boutique","status":"publish","type":"post","link":"https:\/\/www.europesays.com\/fr\/358386\/","title":{"rendered":"\u00c0 Grenoble, un boulanger a \u00e9t\u00e9 poignard\u00e9 apr\u00e8s une altercation devant sa boutique"},"content":{"rendered":"<p>\u00c0 Grenoble, un boulanger a \u00e9t\u00e9 poignard\u00e9 apr\u00e8s une altercation devant sa boutiqueSur le m\u00eame sujet<a href=\"https:\/\/www.bfmtv.com\/police-justice\/video-a-grenoble-un-boulanger-a-ete-poignarde-apres-une-altercation-devant-sa-boutique_VN-202509010519.html\" title=\"\u00c0 Grenoble, un boulanger a \u00e9t\u00e9 poignard\u00e9 apr\u00e8s une altercation devant sa boutique\" rel=\"nofollow noopener\" target=\"_blank\"><img width=\"16\" height=\"9\" class=\"lozad\"  alt=\"\u00c0 Grenoble, un boulanger a \u00e9t\u00e9 poignard\u00e9 apr\u00e8s une altercation devant sa boutique\"\/>en lecture\u00c0 Grenoble, un boulanger a \u00e9t\u00e9 poignard\u00e9 apr\u00e8s une altercation devant sa boutique<\/a><a href=\"https:\/\/www.bfmtv.com\/police-justice\/video-lyon-un-adolescent-de-16-ans-mortellement-blesse-a-l-arme-blanche-en-pleine-rue-a-caluire-et-cuire_VN-202509010401.html\" title=\"Lyon: un adolescent de 16 ans mortellement bless\u00e9 \u00e0 l&#039;arme blanche en pleine rue \u00e0 Caluire-et-Cuire\" rel=\"nofollow noopener\" target=\"_blank\"><img width=\"16\" height=\"9\" class=\"lozad\"  alt=\"Lyon: un adolescent de 16 ans mortellement bless\u00e9 \u00e0 l'arme blanche en pleine rue \u00e0 Caluire-et-Cuire\"\/>0:26Lyon: un adolescent de 16 ans mortellement bless\u00e9 \u00e0 l&rsquo;arme blanche en pleine rue \u00e0 Caluire-et-Cuire<\/a><a href=\"https:\/\/www.bfmtv.com\/police-justice\/video-l-ancien-anesthesiste-frederic-pechier-veut-livrer-sa-verite-des-faits_VN-202509010047.html\" title=\"L&#039;ancien anesth\u00e9siste Fr\u00e9d\u00e9ric P\u00e9chier veut livrer &quot;sa v\u00e9rit\u00e9 des faits&quot;\" rel=\"nofollow noopener\" target=\"_blank\"><img width=\"16\" height=\"9\" class=\"lozad\"  alt=\"L'ancien anesth\u00e9siste Fr\u00e9d\u00e9ric P\u00e9chier veut livrer &quot;sa v\u00e9rit\u00e9 des faits&quot;\"\/>1:44L&rsquo;ancien anesth\u00e9siste Fr\u00e9d\u00e9ric P\u00e9chier veut livrer \u00ab\u00a0sa v\u00e9rit\u00e9 des faits\u00a0\u00bb<\/a><a href=\"https:\/\/www.bfmtv.com\/police-justice\/video-affaire-du-petit-gregory-la-grand-tante-du-petit-garcon-jacqueline-jacob-convoquee-devant-la-justice-ce-vendredi-5-septembre_VN-202508310226.html\" title=\"Affaire du petit Gr\u00e9gory: la grand-tante du petit gar\u00e7on, Jacqueline Jacob, convoqu\u00e9e devant la justice ce vendredi 5 septembre\" rel=\"nofollow noopener\" target=\"_blank\"><img width=\"16\" height=\"9\" class=\"lozad\"  alt=\"Affaire du petit Gr\u00e9gory: la grand-tante du petit gar\u00e7on, Jacqueline Jacob, convoqu\u00e9e devant la justice ce vendredi 5 septembre\"\/>3:02Affaire du petit Gr\u00e9gory: la grand-tante du petit gar\u00e7on, Jacqueline Jacob, convoqu\u00e9e devant la justice ce vendredi 5 septembre<\/a><a href=\"https:\/\/www.bfmtv.com\/police-justice\/video-prison-de-vendin-le-vieil-ce-dispositif-de-detention-repond-a-une-politique-penale-lutter-contre-les-organisations-criminelles-declare-joaquim-pueyo-ancien-directeur-des-prisons-de-fresnes-et-fleury-merogis_VN-202508300259.html\" title=\"Prison de Vendin-le-vieil: &quot;Ce dispositif de d\u00e9tention r\u00e9pond \u00e0 une politique p\u00e9nale: lutter contre les organisations criminelles&quot;, d\u00e9clare Joaquim Pueyo, ancien directeur des prisons de Fresnes et Fleury-M\u00e9rogis\" rel=\"nofollow noopener\" target=\"_blank\"><img width=\"16\" height=\"9\" class=\"lozad\"  alt=\"Prison de Vendin-le-vieil: &quot;Ce dispositif de d\u00e9tention r\u00e9pond \u00e0 une politique p\u00e9nale: lutter contre les organisations criminelles&quot;, d\u00e9clare Joaquim Pueyo, ancien directeur des prisons de Fresnes et Fleury-M\u00e9rogis\"\/>1:25Prison de Vendin-le-vieil: \u00ab\u00a0Ce dispositif de d\u00e9tention r\u00e9pond \u00e0 une politique p\u00e9nale: lutter contre les organisations criminelles\u00a0\u00bb, d\u00e9clare Joaquim Pueyo, ancien directeur des prisons de Fresnes et Fleury-M\u00e9rogis<\/a><a href=\"https:\/\/www.bfmtv.com\/police-justice\/video-orange-la-prefecture-a-du-prendre-un-arrete-pour-interdire-une-distribution-de-fourniture-scolaire-dans-un-quartier-defavorise_VN-202508300251.html\" title=\"Orange: la pr\u00e9fecture a d\u00fb prendre un arr\u00eat\u00e9 pour interdire une distribution de fourniture scolaire dans un quartier d\u00e9favoris\u00e9\" rel=\"nofollow noopener\" target=\"_blank\"><img width=\"16\" height=\"9\" class=\"lozad\"  alt=\"Orange: la pr\u00e9fecture a d\u00fb prendre un arr\u00eat\u00e9 pour interdire une distribution de fourniture scolaire dans un quartier d\u00e9favoris\u00e9\"\/>0:21Orange: la pr\u00e9fecture a d\u00fb prendre un arr\u00eat\u00e9 pour interdire une distribution de fourniture scolaire dans un quartier d\u00e9favoris\u00e9<\/a><a href=\"https:\/\/www.bfmtv.com\/police-justice\/video-drame-a-evreux-il-va-falloir-etre-patient-pour-etablir-les-responsabilites-de-chacun-explique-karim-bennacer-secretaire-regional-normandie-du-syndicat-alliance-police_VN-202508300247.html\" title=\"Drame \u00e0 \u00c9vreux: &quot;Il va falloir \u00eatre patient pour \u00e9tablir les responsabilit\u00e9s de chacun&quot;, explique Karim Bennacer, secr\u00e9taire r\u00e9gional Normandie du syndicat Alliance Police\" rel=\"nofollow noopener\" target=\"_blank\"><img width=\"16\" height=\"9\" class=\"lozad\"  alt=\"Drame \u00e0 \u00c9vreux: &quot;Il va falloir \u00eatre patient pour \u00e9tablir les responsabilit\u00e9s de chacun&quot;, explique Karim Bennacer, secr\u00e9taire r\u00e9gional Normandie du syndicat Alliance Police\"\/>2:13Drame \u00e0 \u00c9vreux: \u00ab\u00a0Il va falloir \u00eatre patient pour \u00e9tablir les responsabilit\u00e9s de chacun\u00a0\u00bb, explique Karim Bennacer, secr\u00e9taire r\u00e9gional Normandie du syndicat Alliance Police<\/a><a href=\"https:\/\/www.bfmtv.com\/police-justice\/video-drame-a-evreux-si-on-avait-plus-d-effectifs-on-arriverait-a-eviter-ce-genre-de-problematiques-explique-frederic-desguerre-un1te_VN-202508300221.html\" title=\"Drame \u00e0 \u00c9vreux:  &quot;Si on avait plus d&#039;effectifs, on arriverait \u00e0 \u00e9viter ce genre de probl\u00e9matiques&quot;, explique Fr\u00e9d\u00e9ric Desguerre (Un1t\u00e9) \" rel=\"nofollow noopener\" target=\"_blank\"><img width=\"16\" height=\"9\" class=\"lozad\"  alt=\"Drame \u00e0 \u00c9vreux:  &quot;Si on avait plus d'effectifs, on arriverait \u00e0 \u00e9viter ce genre de probl\u00e9matiques&quot;, explique Fr\u00e9d\u00e9ric Desguerre (Un1t\u00e9) \"\/>1:24Drame \u00e0 \u00c9vreux: \u00ab\u00a0Si on avait plus d&rsquo;effectifs, on arriverait \u00e0 \u00e9viter ce genre de probl\u00e9matiques\u00a0\u00bb, explique Fr\u00e9d\u00e9ric Desguerre (Un1t\u00e9)<\/a><a href=\"https:\/\/www.bfmtv.com\/police-justice\/video-evreux-une-reconstitution-numerique-effectuee-sur-les-lieux-ou-une-voiture-a-percute-un-groupe-de-personnes_VN-202508300210.html\" title=\"\u00c9vreux: une reconstitution num\u00e9rique effectu\u00e9e sur les lieux o\u00f9 une voiture a percut\u00e9 un groupe de personnes \" rel=\"nofollow noopener\" target=\"_blank\"><img width=\"16\" height=\"9\" class=\"lozad\"  alt=\"\u00c9vreux: une reconstitution num\u00e9rique effectu\u00e9e sur les lieux o\u00f9 une voiture a percut\u00e9 un groupe de personnes \"\/>2:29\u00c9vreux: une reconstitution num\u00e9rique effectu\u00e9e sur les lieux o\u00f9 une voiture a percut\u00e9 un groupe de personnes<\/a><a href=\"https:\/\/www.bfmtv.com\/police-justice\/video-une-voiture-percute-un-groupe-de-personnes-a-evreux-faisant-au-moins-un-mort-et-cinq-blesses_VN-202508300195.html\" title=\"Une voiture percute un groupe de personnes \u00e0 \u00c9vreux faisant au moins un mort et cinq bless\u00e9s \" rel=\"nofollow noopener\" target=\"_blank\"><img width=\"16\" height=\"9\" class=\"lozad\"  alt=\"Une voiture percute un groupe de personnes \u00e0 \u00c9vreux faisant au moins un mort et cinq bless\u00e9s \"\/>4:59Une voiture percute un groupe de personnes \u00e0 \u00c9vreux faisant au moins un mort et cinq bless\u00e9s<\/a><a href=\"https:\/\/www.bfmtv.com\/police-justice\/video-pietons-percutes-par-une-voiture-a-evreux-le-maire-guy-lefrand-divers-droite-fait-le-point_VN-202508300194.html\" title=\"Pi\u00e9tons percut\u00e9s par une voiture \u00e0 \u00c9vreux: le maire, Guy Lefrand (Divers Droite) fait le point\" rel=\"nofollow noopener\" target=\"_blank\"><img width=\"16\" height=\"9\" class=\"lozad\"  alt=\"Pi\u00e9tons percut\u00e9s par une voiture \u00e0 \u00c9vreux: le maire, Guy Lefrand (Divers Droite) fait le point\"\/>3:15Pi\u00e9tons percut\u00e9s par une voiture \u00e0 \u00c9vreux: le maire, Guy Lefrand (Divers Droite) fait le point<\/a><a href=\"https:\/\/www.bfmtv.com\/police-justice\/video-pietons-percutes-par-une-voiture-a-evreux-les-secours-indiquent-un-mort-et-plusieurs-blesses_VN-202508300172.html\" title=\"Pi\u00e9tons percut\u00e9s par une voiture \u00e0 \u00c9vreux: les secours indiquent un mort et plusieurs bless\u00e9s\" rel=\"nofollow noopener\" target=\"_blank\"><img width=\"16\" height=\"9\" class=\"lozad\"  alt=\"Pi\u00e9tons percut\u00e9s par une voiture \u00e0 \u00c9vreux: les secours indiquent un mort et plusieurs bless\u00e9s\"\/>1:42Pi\u00e9tons percut\u00e9s par une voiture \u00e0 \u00c9vreux: les secours indiquent un mort et plusieurs bless\u00e9s<\/a><a href=\"https:\/\/www.bfmtv.com\/police-justice\/video-evreux-une-voiture-a-percute-un-groupe-de-pietons-une-personne-est-morte-et-cinq-autres-sont-blesses_VN-202508300150.html\" title=\"\u00c9vreux: une voiture a percut\u00e9 un groupe de pi\u00e9tons, une personne est morte et cinq autres sont bless\u00e9s\" rel=\"nofollow noopener\" target=\"_blank\"><img width=\"16\" height=\"9\" class=\"lozad\"  alt=\"\u00c9vreux: une voiture a percut\u00e9 un groupe de pi\u00e9tons, une personne est morte et cinq autres sont bless\u00e9s\"\/>1:42\u00c9vreux: une voiture a percut\u00e9 un groupe de pi\u00e9tons, une personne est morte et cinq autres sont bless\u00e9s<\/a><a href=\"https:\/\/www.bfmtv.com\/police-justice\/video-pedocriminalite-le-site-coco-a-rouvert-sous-le-nom-de-bounty_VN-202508300089.html\" title=\"P\u00e9docriminalit\u00e9: le site Coco a rouvert sous le nom de Bounty\" rel=\"nofollow noopener\" target=\"_blank\"><img width=\"16\" height=\"9\" class=\"lozad\"  alt=\"P\u00e9docriminalit\u00e9: le site Coco a rouvert sous le nom de Bounty\"\/>1:07P\u00e9docriminalit\u00e9: le site Coco a rouvert sous le nom de Bounty<\/a><a class=\"jumpToVideo\" target=\"_blank\"><img class=\"thumbnailPreview\"\/><\/a><\/p>\n","protected":false},"excerpt":{"rendered":"\u00c0 Grenoble, un boulanger a \u00e9t\u00e9 poignard\u00e9 apr\u00e8s une altercation devant sa boutiqueSur le m\u00eame sujeten lecture\u00c0 Grenoble,&hellip;\n","protected":false},"author":2,"featured_media":358387,"comment_status":"","ping_status":"","sticky":false,"template":"","format":"standard","meta":{"footnotes":""},"categories":[9566],"tags":[1111,11,2430,1777,674,1011,27,2731,12,25],"class_list":{"0":"post-358386","1":"post","2":"type-post","3":"status-publish","4":"format-standard","5":"has-post-thumbnail","7":"category-grenoble","8":"tag-actu","9":"tag-actualites","10":"tag-auvergne-rhone-alpes","11":"tag-eu","12":"tag-europe","13":"tag-fr","14":"tag-france","15":"tag-grenoble","16":"tag-news","17":"tag-republique-francaise"},"share_on_mastodon":{"url":"https:\/\/pubeurope.com\/@fr\/115129343241847090","error":""},"_links":{"self":[{"href":"https:\/\/www.europesays.com\/fr\/wp-json\/wp\/v2\/posts\/358386","targetHints":{"allow":["GET"]}}],"collection":[{"href":"https:\/\/www.europesays.com\/fr\/wp-json\/wp\/v2\/posts"}],"about":[{"href":"https:\/\/www.europesays.com\/fr\/wp-json\/wp\/v2\/types\/post"}],"author":[{"embeddable":true,"href":"https:\/\/www.europesays.com\/fr\/wp-json\/wp\/v2\/users\/2"}],"replies":[{"embeddable":true,"href":"https:\/\/www.europesays.com\/fr\/wp-json\/wp\/v2\/comments?post=358386"}],"version-history":[{"count":0,"href":"https:\/\/www.europesays.com\/fr\/wp-json\/wp\/v2\/posts\/358386\/revisions"}],"wp:featuredmedia":[{"embeddable":true,"href":"https:\/\/www.europesays.com\/fr\/wp-json\/wp\/v2\/media\/358387"}],"wp:attachment":[{"href":"https:\/\/www.europesays.com\/fr\/wp-json\/wp\/v2\/media?parent=358386"}],"wp:term":[{"taxonomy":"category","embeddable":true,"href":"https:\/\/www.europesays.com\/fr\/wp-json\/wp\/v2\/categories?post=358386"},{"taxonomy":"post_tag","embeddable":true,"href":"https:\/\/www.europesays.com\/fr\/wp-json\/wp\/v2\/tags?post=358386"}],"curies":[{"name":"wp","href":"https:\/\/api.w.org\/{rel}","templated":true}]}}