{"id":358388,"date":"2025-09-01T13:45:13","date_gmt":"2025-09-01T13:45:13","guid":{"rendered":"https:\/\/www.europesays.com\/fr\/358388\/"},"modified":"2025-09-01T13:45:13","modified_gmt":"2025-09-01T13:45:13","slug":"pipes-a-crack-seringues-rats-un-squat-evacue-par-la-police-a-rennes","status":"publish","type":"post","link":"https:\/\/www.europesays.com\/fr\/358388\/","title":{"rendered":"Pipes \u00e0 crack, seringues, rats\u00a0: un squat \u00e9vacu\u00e9 par la police \u00e0 Rennes"},"content":{"rendered":"<p>Ce lundi 1er septembre, une forte odeur se d\u00e9gageait d\u00e9j\u00e0 depuis la rue. L\u2019entreprise rennaise ABNK-D\u00e9barras, sp\u00e9cialis\u00e9e dans les interventions en contexte insalubre, a entam\u00e9 une op\u00e9ration d\u00e9licate au 8 rue d\u2019Alma.<\/p>\n<p>Ces locaux, appartenant \u00e0 l\u2019am\u00e9nageur public Territoires, \u00e9taient occup\u00e9s depuis plusieurs mois par un squat, identifi\u00e9 \u00e9galement comme un lieu de consommation de drogues. L\u2019espace \u00e9tait particuli\u00e8rement d\u00e9grad\u00e9 : les d\u00e9chets s\u2019y sont accumul\u00e9s au fil du temps, attirant notamment des nuisibles comme les rats. Sur place, les agents ont trouv\u00e9 des objets vari\u00e9s : mat\u00e9riel li\u00e9 \u00e0 l\u2019usage de drogues (seringues, pipes), v\u00eatements, meubles abandonn\u00e9s, v\u00e9los, ainsi que des excr\u00e9ments humains et animaux.<\/p>\n<p><img decoding=\"async\" src=\"https:\/\/www.europesays.com\/fr\/wp-content\/uploads\/2025\/09\/68b5a1ea58cbe28b650aefde.1.jpeg\" width=\"480\" height=\"300\" class=\"web_golden_m\" loading=\"lazy\" alt=\"Les employ\u00e9s de l\u2019entreprise ABNK d\u00e9barras ont fait des allers-retours toute la journ\u00e9e pour \u00e9vacuer une petite partie des d\u00e9tritus entrepos\u00e9s au 8 rue d\u2019Alma \u00e0 Rennes.\"\/>Les employ\u00e9s de l\u2019entreprise ABNK d\u00e9barras ont fait des allers-retours toute la journ\u00e9e pour \u00e9vacuer une petite partie des d\u00e9tritus entrepos\u00e9s au 8 rue d\u2019Alma \u00e0 Rennes. (Le T\u00e9l\u00e9gramme\/Claire Staes)<\/p>\n<p>L\u2019objectif de cette premi\u00e8re intervention \u00e9tait de d\u00e9gager l\u2019acc\u00e8s \u00e0 l\u2019arri\u00e8re du b\u00e2timent afin d\u2019y installer une porte blind\u00e9e. L\u2019op\u00e9ration, complexe, a n\u00e9cessit\u00e9 plusieurs heures. Les fen\u00eatres ont \u00e9galement \u00e9t\u00e9 condamn\u00e9es pour s\u00e9curiser les lieux. Une seconde phase de nettoyage complet des locaux est pr\u00e9vue prochainement.<\/p>\n<p>Le b\u00e2timent adjacent, au 10 rue d\u2019Alma, avait lui aussi \u00e9t\u00e9 occup\u00e9 ill\u00e9galement avant d\u2019\u00eatre \u00e9vacu\u00e9. Une porte blind\u00e9e y avait \u00e9galement \u00e9t\u00e9 pos\u00e9e pour emp\u00eacher toute nouvelle intrusion.<\/p>\n<p>Ces immeubles appartiennent \u00e0 un secteur inclus dans la ZAC EuroRennes, pour lequel la Ville de Rennes a un projet de renouvellement urbain visant \u00e0 renforcer la connexion entre la gare et le quartier du Colombier.<\/p>\n<p>Contact\u00e9 \u00e0 ce sujet, l\u2019am\u00e9nageur Territoires n\u2019a pas encore communiqu\u00e9 de r\u00e9ponse.<\/p>\n","protected":false},"excerpt":{"rendered":"Ce lundi 1er septembre, une forte odeur se d\u00e9gageait d\u00e9j\u00e0 depuis la rue. L\u2019entreprise rennaise ABNK-D\u00e9barras, sp\u00e9cialis\u00e9e dans&hellip;\n","protected":false},"author":2,"featured_media":358389,"comment_status":"","ping_status":"","sticky":false,"template":"","format":"standard","meta":{"footnotes":""},"categories":[2821],"tags":[1111,11,829,765,1777,674,3383,1011,27,12,584,25],"class_list":{"0":"post-358388","1":"post","2":"type-post","3":"status-publish","4":"format-standard","5":"has-post-thumbnail","7":"category-rennes","8":"tag-actu","9":"tag-actualites","10":"tag-bretagne","11":"tag-en-continu","12":"tag-eu","13":"tag-europe","14":"tag-faits-divers-a-rennes","15":"tag-fr","16":"tag-france","17":"tag-news","18":"tag-rennes","19":"tag-republique-francaise"},"share_on_mastodon":{"url":"https:\/\/pubeurope.com\/@fr\/115129347248356161","error":""},"_links":{"self":[{"href":"https:\/\/www.europesays.com\/fr\/wp-json\/wp\/v2\/posts\/358388","targetHints":{"allow":["GET"]}}],"collection":[{"href":"https:\/\/www.europesays.com\/fr\/wp-json\/wp\/v2\/posts"}],"about":[{"href":"https:\/\/www.europesays.com\/fr\/wp-json\/wp\/v2\/types\/post"}],"author":[{"embeddable":true,"href":"https:\/\/www.europesays.com\/fr\/wp-json\/wp\/v2\/users\/2"}],"replies":[{"embeddable":true,"href":"https:\/\/www.europesays.com\/fr\/wp-json\/wp\/v2\/comments?post=358388"}],"version-history":[{"count":0,"href":"https:\/\/www.europesays.com\/fr\/wp-json\/wp\/v2\/posts\/358388\/revisions"}],"wp:featuredmedia":[{"embeddable":true,"href":"https:\/\/www.europesays.com\/fr\/wp-json\/wp\/v2\/media\/358389"}],"wp:attachment":[{"href":"https:\/\/www.europesays.com\/fr\/wp-json\/wp\/v2\/media?parent=358388"}],"wp:term":[{"taxonomy":"category","embeddable":true,"href":"https:\/\/www.europesays.com\/fr\/wp-json\/wp\/v2\/categories?post=358388"},{"taxonomy":"post_tag","embeddable":true,"href":"https:\/\/www.europesays.com\/fr\/wp-json\/wp\/v2\/tags?post=358388"}],"curies":[{"name":"wp","href":"https:\/\/api.w.org\/{rel}","templated":true}]}}