{"id":358392,"date":"2025-09-01T13:47:11","date_gmt":"2025-09-01T13:47:11","guid":{"rendered":"https:\/\/www.europesays.com\/fr\/358392\/"},"modified":"2025-09-01T13:47:11","modified_gmt":"2025-09-01T13:47:11","slug":"ici-bischheim-67800-actualites-et-infos-de-votre-ville-en-continu","status":"publish","type":"post","link":"https:\/\/www.europesays.com\/fr\/358392\/","title":{"rendered":"ici Bischheim (67800) : actualit\u00e9s et infos de votre ville en continu"},"content":{"rendered":"<p><img decoding=\"async\" src=\"https:\/\/www.francebleu.fr\/images\/logo-ici.svg\" alt=\"Ici\" width=\"61\" height=\"auto\" class=\"svelte-dmgf4s\"\/>  <\/p>\n<p>L\u2019actualit\u00e9 chez moi<\/p>\n<ul class=\"iciNewsBulletinList svelte-10g6lhf\">\n<li>\n<p>Journal de 12h00<\/p>\n<p>ici Alsace<\/p>\n<p>Lun. 1 sept.<\/p>\n<p>Lundi 1 septembre<\/p>\n<\/li>\n<\/ul>\n<ul class=\"ArticleLayout items-6 svelte-1l6bkvx\">\n<li class=\"IciCard  wide-highlight svelte-19qbux1\">\n<p class=\"standfirst g-ici-body-regular-2 svelte-19qbux1\">Avec la hausse des temp\u00e9ratures cet \u00e9t\u00e9, les plans d&rsquo;eau sont recherch\u00e9s. En Alsace, les gravi\u00e8res attirent toujours autant. C&rsquo;est notamment le cas de la Ballasti\u00e8re \u00e0 Bischheim, dans le Bas-Rhin. <\/p>\n<\/li>\n<li class=\"IciCard  standard svelte-19qbux1\">\n<p class=\"standfirst g-ici-body-regular-2 svelte-19qbux1\">Un champ de bl\u00e9 et des balles de paille ont pris feu ce samedi 12 juillet en d\u00e9but d&rsquo;apr\u00e8s-midi \u00e0 Bischheim, au nord de Strasbourg. <\/p>\n<\/li>\n<li class=\"IciCard  standard svelte-19qbux1\">\n<p class=\"standfirst g-ici-body-regular-2 svelte-19qbux1\">Les agents municipaux de Bischheim (Bas-Rhin) ont eu la mauvaise surprise de d\u00e9couvrir les fleurs qu&rsquo;ils ont plant\u00e9 compl\u00e8tement arrach\u00e9es. \u00ab\u00a0C&rsquo;est un vol\u00a0\u00bb, d\u00e9nonce le maire. <\/p>\n<\/li>\n<li class=\"IciCard  standard svelte-19qbux1\">\n<p class=\"standfirst g-ici-body-regular-2 svelte-19qbux1\">C&rsquo;est un site embl\u00e9matique\u00a0: le technicentre SNCF de Bischheim pr\u00e8s de Strasbourg, qui emploie plus de 1000 personnes, vient de subir 7 ans de travaux. Une modernisation \u00e0 50 millions d&rsquo;euros pour acc\u00e9l\u00e9rer les cadences de r\u00e9novation des rames. Car en plus des TGV, le site r\u00e9nove d\u00e9sormais des TER.<\/p>\n<\/li>\n<li class=\"IciCard  small-highlight svelte-19qbux1\">\n<p class=\"standfirst g-ici-body-regular-2 svelte-19qbux1\">Un homme de 39 ans a \u00e9t\u00e9 secouru ce dimanche 1er juin au plan d&rsquo;eau de la Ballasti\u00e8re \u00e0 Bischheim (Bas-Rhin) alors qu&rsquo;il \u00e9tait en train de se noyer. Il a \u00e9t\u00e9 transport\u00e9 vers le Nouvel H\u00f4pital civil de Strasbourg en urgence absolue. <\/p>\n<\/li>\n<li class=\"IciCard  small-highlight svelte-19qbux1\">\n<p class=\"standfirst g-ici-body-regular-2 svelte-19qbux1\">C&rsquo;est une tradition chaque 25 d\u00e9cembre\u00a0: cette ann\u00e9e encore, une quarantaine de courageux se sont jet\u00e9s dans une eau \u00e0 6 degr\u00e9s, \u00e0 la Ballasti\u00e8re de Bischheim, au nord de Strasbourg.<\/p>\n<\/li>\n<\/ul>\n<p class=\"g-ici-body-regular-3 description svelte-1vha4t1\">Recevez chaque jour l\u2019essentiel de l\u2019actualit\u00e9 locale.<\/p>\n<p>En cliquant sur \u00ab\u00a0S\u2019abonner\u00a0\u00bb, j&rsquo;accepte que les donn\u00e9es recueillies par<br \/>\n        Radio France soient destin\u00e9es \u00e0 l&rsquo;envoi par courrier \u00e9lectronique de<br \/>\n        contenus et d&rsquo;informations relatifs aux programmes. Plus d&rsquo;informations.<\/p>\n<p>Alsace, l\u2019actu de votre d\u00e9partement<\/p>\n<ul slot=\"container\" class=\"content svelte-bu824\">\n<li class=\"IciCard  standard svelte-19qbux1\">\n<p class=\"standfirst g-ici-body-regular-2 svelte-19qbux1\">Cet \u00e9t\u00e9, les douaniers de Mulhouse ont d\u00e9couvert 19 842 peluches de contrefa\u00e7on \u00e0 bord d&rsquo;un camion polonais qui circulait sur l&rsquo;A36.<\/p>\n<\/li>\n<li class=\"IciCard  standard svelte-19qbux1\">\n<p class=\"standfirst g-ici-body-regular-2 svelte-19qbux1\">Un jeune homme a \u00e9t\u00e9 hospitalis\u00e9 apr\u00e8s une rixe, dimanche soir \u00e0 Strasbourg (Bas-Rhin). Il a \u00e9t\u00e9 bless\u00e9 \u00e0 coups de machette. L&rsquo;auteur pr\u00e9sum\u00e9 a \u00e9t\u00e9 plac\u00e9 en garde \u00e0 vue. <\/p>\n<\/li>\n<li class=\"IciCard  standard svelte-19qbux1\">\n<p class=\"standfirst g-ici-body-regular-2 svelte-19qbux1\">La rentr\u00e9e, c\u2019est souvent le moment o\u00f9 les d\u00e9penses s\u2019accumulent&#8230; Pour adoucir la reprise, ICI Elsass vous offre la possibilit\u00e9 de gagner une carte cadeau Illicado de 50 \u20ac, valable dans plus de 180 enseignes partout en France, du 1er au 7 septembre<\/p>\n<\/li>\n<li class=\"IciCard  standard svelte-19qbux1\">\n<p class=\"standfirst g-ici-body-regular-2 svelte-19qbux1\">Au retour de chaque grandes vacances, son lot de changement\u00a0: le recteur de l&rsquo;acad\u00e9mie de Strasbourg, invit\u00e9 ICI Alsace, dresse la liste et souhaite une \u00ab\u00a0bonne rentr\u00e9e\u00a0\u00bb aux quelque 300.000 \u00e9l\u00e8ves qui retrouvent, ce lundi, le chemin des salles de classe en Alsace. <\/p>\n<\/li>\n<\/ul>\n<p>        <img decoding=\"async\" src=\"https:\/\/www.europesays.com\/fr\/wp-content\/uploads\/2025\/09\/fallback-cover.CNLc2QwW.jpg\" alt=\"100% chanson fran\u00e7aise\" class=\"visual svelte-1bah8eg\" loading=\"lazy\"\/> <img decoding=\"async\" src=\"https:\/\/www.francebleu.fr\/client\/immutable\/assets\/ici-logo-music-white.DJkptCBD.svg\" alt=\"\" class=\"svelte-1bah8eg\"\/> Radio musicale <\/p>\n<p class=\"g-ici-body-regular-2 description svelte-1bah8eg\">Toute la chanson fran\u00e7aise avec \u201cici\u201d\u00a0!<\/p>\n<p class=\"liveText g-ici-body-bold-3 svelte-1bah8eg\">En direct  Alia Souza &#8211; VERONIQUE SANSON<\/p>\n<p>   En direct    <\/p>\n<ul class=\"content svelte-ts0f4k\">\n<li class=\"IciCard  portrait svelte-19qbux1\">\n<p class=\"standfirst g-ici-body-regular-2 svelte-19qbux1\">Tous les dimanche d&rsquo;\u00e9t\u00e9, le Village 1900 \u00e0 Xaronval vous accueille pour une ambiance 1900.<\/p>\n<p class=\"date eventDate g-ici-body-bold-3 svelte-19qbux1\"> Du\u00a001\/07\/2025\u00a0au\u00a030\/09\/2025<\/p>\n<\/li>\n<li class=\"IciCard  portrait svelte-19qbux1\">\n<p class=\"standfirst g-ici-body-regular-2 svelte-19qbux1\">ICI Alsace est partenaire de vos festivals de l&rsquo;\u00e9t\u00e9, de l&rsquo;Alsace du Nord au Sundgau, nous partageons nos coups de c\u0153ur avec vous.<\/p>\n<p class=\"date eventDate g-ici-body-bold-3 svelte-19qbux1\"> Du\u00a004\/07\/2025\u00a0au\u00a014\/09\/2025<\/p>\n<\/li>\n<li class=\"IciCard  portrait svelte-19qbux1\">\n<p class=\"standfirst g-ici-body-regular-2 svelte-19qbux1\">La Collectivit\u00e9 europ\u00e9enne d&rsquo;Alsace organise en 2025, l&rsquo;ann\u00e9e du bilinguisme. Son objectif est de promouvoir la langue r\u00e9gionale \u00e0 travers de nombreux \u00e9v\u00e8nements organis\u00e9 toute l&rsquo;ann\u00e9e.<\/p>\n<p class=\"date eventDate g-ici-body-bold-3 svelte-19qbux1\"> Du\u00a009\/07\/2025\u00a0au\u00a030\/11\/2025<\/p>\n<\/li>\n<li class=\"IciCard  portrait svelte-19qbux1\">\n<p class=\"standfirst g-ici-body-regular-2 svelte-19qbux1\">Apr\u00e8s le succ\u00e8s des ann\u00e9es pass\u00e9es, retrouvez le march\u00e9 fermier des producteurs sur la place St Louis \u00e0 Metz. Produits de saison, locaux et bonne humeur vous attendent\u00a0! Un partenariat ici Lorraine\u00a0!<\/p>\n<p class=\"date eventDate g-ici-body-bold-3 svelte-19qbux1\"> Du\u00a018\/07\/2025\u00a0au\u00a012\/09\/2025<\/p>\n<\/li>\n<\/ul>\n<p>L&rsquo;actualit\u00e9 sportive dans mon d\u00e9partement<\/p>\n<ul class=\"ArticleLayout items-4 svelte-1l6bkvx\">\n<li class=\"IciCard  wide-highlight svelte-19qbux1\">\n<p class=\"standfirst g-ici-body-regular-2 svelte-19qbux1\">Pour le compte de la 3e journ\u00e9e de Ligue 1 Mc Donald&rsquo;s, le Racing Club de Strasbourg se d\u00e9pla\u00e7ait en principaut\u00e9 de Monaco, ce dimanche. Apr\u00e8s une qualification en C4 jeudi dernier, le Racing s&rsquo;incline \u00e0 Monaco (3-2). <\/p>\n<\/li>\n<li class=\"IciCard  small-highlight svelte-19qbux1\">\n<p class=\"standfirst g-ici-body-regular-2 svelte-19qbux1\">Le Racing Club de Strasbourg jouera son premier match de Ligue Conf\u00e9rence le jeudi 2 octobre chez le Slovan Bratislava. Il accueillera Crystal Palace \u00e0 la Meinau le jeudi 27 novembre \u00e0 21 heures.<\/p>\n<\/li>\n<li class=\"IciCard  small-highlight svelte-19qbux1\">\n<p class=\"standfirst g-ici-body-regular-2 svelte-19qbux1\">Thom Gicquel du Red Star Mulhouse et sa co\u00e9quipi\u00e8re Delphine Delrue ont \u00e9t\u00e9 battus en deux sets en demi-finale des mondiaux par une paire malaysienne. Ils d\u00e9crochent tout de m\u00eame le bronze, la deuxi\u00e8me m\u00e9daille mondiale seulement de l&rsquo;histoire du badminton fran\u00e7ais.<\/p>\n<\/li>\n<li class=\"IciCard  small-highlight svelte-19qbux1\">\n<p class=\"standfirst g-ici-body-regular-2 svelte-19qbux1\">L&rsquo;aventure continue pour le Racing Club de Strasbourg en Ligue Conf\u00e9rence. Le tirage au sort de cette comp\u00e9tition europ\u00e9enne s&rsquo;est d\u00e9roul\u00e9 ce vendredi midi. Strasbourg va notamment affronter Crystal Palace \u00e0 la Meinau.<\/p>\n<\/li>\n<\/ul>\n<p>L\u2019actu en France<\/p>\n<p class=\"g-ici-body-bold-2 economic svelte-1m6dsw2\">Le plus \u00e9conomique<\/p>\n<p aria-hidden=\"true\" class=\"g-ici-body-regular-2 svelte-1m6dsw2\">1,526\u00a0\u20ac\/l (il y a 6j)<\/p>\n<p class=\"fuelType g-ici-body-regular-2 svelte-1m6dsw2\" aria-hidden=\"true\">Gazole (B7)<\/p>\n<p> Le prix du Gazole est 1.526\u20ac par litre<\/p>\n<p class=\"g-ici-body-bold-2\">SUPERMARCHES MATCH BISCHHEIM<\/p>\n<p class=\"g-ici-body-bold-2 economic svelte-1m6dsw2\">Le plus \u00e9conomique<\/p>\n<p aria-hidden=\"true\" class=\"g-ici-body-regular-2 svelte-1m6dsw2\">1,556\u00a0\u20ac\/l (il y a 3j)<\/p>\n<p class=\"fuelType g-ici-body-regular-2 svelte-1m6dsw2\" aria-hidden=\"true\">Gazole (B7)<\/p>\n<p> Le prix du Gazole est 1.556\u20ac par litre    <img decoding=\"async\" src=\"https:\/\/www.europesays.com\/fr\/wp-content\/uploads\/2025\/09\/1756734431_310_560x315\" alt=\"Le scrutin aura lieu les 22 et 29 janvier\" style=\"--_image-preview:url('');\" loading=\"lazy\" fetchpriority=\"low\" aria-hidden=\"true\" class=\"svelte-1pnmlwx\" onload=\"this.__e=event\" onerror=\"this.__e=event\"\/> <\/p>\n<p class=\"localisation g-ici-body-bold-3 svelte-15obo1c\">Bischheim<\/p>\n<p> Retrouvez les r\u00e9sultats des \u00e9lections l\u00e9gislatives 2024 <a class=\"IciLink ici-link large ici-button primary svelte-lu7k6w\" href=\"https:\/\/www.francebleu.fr\/grand-est\/alsace-cea\/bischheim\/elections\" rel=\"nofollow noopener\" target=\"_blank\">En savoir plus<\/a> <\/p>\n","protected":false},"excerpt":{"rendered":"L\u2019actualit\u00e9 chez moi Journal de 12h00 ici Alsace Lun. 1 sept. Lundi 1 septembre Avec la hausse des&hellip;\n","protected":false},"author":2,"featured_media":11291,"comment_status":"","ping_status":"","sticky":false,"template":"","format":"standard","meta":{"footnotes":""},"categories":[2820],"tags":[1111,11,1777,674,1011,27,775,12,25,640],"class_list":{"0":"post-358392","1":"post","2":"type-post","3":"status-publish","4":"format-standard","5":"has-post-thumbnail","7":"category-strasbourg","8":"tag-actu","9":"tag-actualites","10":"tag-eu","11":"tag-europe","12":"tag-fr","13":"tag-france","14":"tag-grand-est","15":"tag-news","16":"tag-republique-francaise","17":"tag-strasbourg"},"share_on_mastodon":{"url":"https:\/\/pubeurope.com\/@fr\/115129355230188620","error":""},"_links":{"self":[{"href":"https:\/\/www.europesays.com\/fr\/wp-json\/wp\/v2\/posts\/358392","targetHints":{"allow":["GET"]}}],"collection":[{"href":"https:\/\/www.europesays.com\/fr\/wp-json\/wp\/v2\/posts"}],"about":[{"href":"https:\/\/www.europesays.com\/fr\/wp-json\/wp\/v2\/types\/post"}],"author":[{"embeddable":true,"href":"https:\/\/www.europesays.com\/fr\/wp-json\/wp\/v2\/users\/2"}],"replies":[{"embeddable":true,"href":"https:\/\/www.europesays.com\/fr\/wp-json\/wp\/v2\/comments?post=358392"}],"version-history":[{"count":0,"href":"https:\/\/www.europesays.com\/fr\/wp-json\/wp\/v2\/posts\/358392\/revisions"}],"wp:featuredmedia":[{"embeddable":true,"href":"https:\/\/www.europesays.com\/fr\/wp-json\/wp\/v2\/media\/11291"}],"wp:attachment":[{"href":"https:\/\/www.europesays.com\/fr\/wp-json\/wp\/v2\/media?parent=358392"}],"wp:term":[{"taxonomy":"category","embeddable":true,"href":"https:\/\/www.europesays.com\/fr\/wp-json\/wp\/v2\/categories?post=358392"},{"taxonomy":"post_tag","embeddable":true,"href":"https:\/\/www.europesays.com\/fr\/wp-json\/wp\/v2\/tags?post=358392"}],"curies":[{"name":"wp","href":"https:\/\/api.w.org\/{rel}","templated":true}]}}