{"id":358393,"date":"2025-09-01T13:48:10","date_gmt":"2025-09-01T13:48:10","guid":{"rendered":"https:\/\/www.europesays.com\/fr\/358393\/"},"modified":"2025-09-01T13:48:10","modified_gmt":"2025-09-01T13:48:10","slug":"julio-enciso-sengage-avec-strasbourg","status":"publish","type":"post","link":"https:\/\/www.europesays.com\/fr\/358393\/","title":{"rendered":"Julio Enciso s\u2019engage avec Strasbourg"},"content":{"rendered":"<p>Voil\u00e0 un feuilleton pour le moins rocambolesque. Il y a quelques jours, la rumeur d\u2019une arriv\u00e9e de <a href=\"https:\/\/www.footmercato.net\/joueur\/julio-enciso\/\" rel=\"nofollow noopener\" target=\"_blank\">Julio Enciso<\/a> a pris de l\u2019\u00e9paisseur \u00e0 <a href=\"https:\/\/www.footmercato.net\/club\/rc-strasbourg-alsace\/\" rel=\"nofollow noopener\" target=\"_blank\">Strasbourg<\/a>. Finalement, alors que le deal a finalement \u00e9t\u00e9 en suspens pendant plusieurs heures, la rumeur a repris de l\u2019\u00e9paisseur et le Paraguayen semblait prendre la direction de l\u2019Alsace. <\/p>\n<p>            La suite apr\u00e8s cette publicit\u00e9<\/p>\n<p>Ce lundi, le deal a \u00e9t\u00e9 officialis\u00e9 et le joueur de Brighton a \u00e9t\u00e9 recrut\u00e9 contre 15 millions d\u2019euros. Le milieu offensif de 21 ans est donc la 16e recrue strasbourgeoise du mercato estival du RCSA.<\/p>\n<p>\n    Pub. le 01\/09\/2025 15:39<br \/>\n            &#8211; MAJ le 01\/09\/2025 15:43\n    <\/p>\n","protected":false},"excerpt":{"rendered":"Voil\u00e0 un feuilleton pour le moins rocambolesque. Il y a quelques jours, la rumeur d\u2019une arriv\u00e9e de Julio&hellip;\n","protected":false},"author":2,"featured_media":330091,"comment_status":"","ping_status":"","sticky":false,"template":"","format":"standard","meta":{"footnotes":""},"categories":[2820],"tags":[1111,11,1777,674,1011,27,775,12,25,640],"class_list":{"0":"post-358393","1":"post","2":"type-post","3":"status-publish","4":"format-standard","5":"has-post-thumbnail","7":"category-strasbourg","8":"tag-actu","9":"tag-actualites","10":"tag-eu","11":"tag-europe","12":"tag-fr","13":"tag-france","14":"tag-grand-est","15":"tag-news","16":"tag-republique-francaise","17":"tag-strasbourg"},"share_on_mastodon":{"url":"https:\/\/pubeurope.com\/@fr\/115129358992212312","error":""},"_links":{"self":[{"href":"https:\/\/www.europesays.com\/fr\/wp-json\/wp\/v2\/posts\/358393","targetHints":{"allow":["GET"]}}],"collection":[{"href":"https:\/\/www.europesays.com\/fr\/wp-json\/wp\/v2\/posts"}],"about":[{"href":"https:\/\/www.europesays.com\/fr\/wp-json\/wp\/v2\/types\/post"}],"author":[{"embeddable":true,"href":"https:\/\/www.europesays.com\/fr\/wp-json\/wp\/v2\/users\/2"}],"replies":[{"embeddable":true,"href":"https:\/\/www.europesays.com\/fr\/wp-json\/wp\/v2\/comments?post=358393"}],"version-history":[{"count":0,"href":"https:\/\/www.europesays.com\/fr\/wp-json\/wp\/v2\/posts\/358393\/revisions"}],"wp:featuredmedia":[{"embeddable":true,"href":"https:\/\/www.europesays.com\/fr\/wp-json\/wp\/v2\/media\/330091"}],"wp:attachment":[{"href":"https:\/\/www.europesays.com\/fr\/wp-json\/wp\/v2\/media?parent=358393"}],"wp:term":[{"taxonomy":"category","embeddable":true,"href":"https:\/\/www.europesays.com\/fr\/wp-json\/wp\/v2\/categories?post=358393"},{"taxonomy":"post_tag","embeddable":true,"href":"https:\/\/www.europesays.com\/fr\/wp-json\/wp\/v2\/tags?post=358393"}],"curies":[{"name":"wp","href":"https:\/\/api.w.org\/{rel}","templated":true}]}}