{"id":358398,"date":"2025-09-01T13:51:10","date_gmt":"2025-09-01T13:51:10","guid":{"rendered":"https:\/\/www.europesays.com\/fr\/358398\/"},"modified":"2025-09-01T13:51:10","modified_gmt":"2025-09-01T13:51:10","slug":"le-rassemblement-national-annonce-son-candidat","status":"publish","type":"post","link":"https:\/\/www.europesays.com\/fr\/358398\/","title":{"rendered":"le Rassemblement National annonce son candidat"},"content":{"rendered":"<p>            Par<br \/>\n        <strong><br \/>\n            <a href=\"https:\/\/actu.fr\/auteur\/laure-gentil\" title=\"Consulter tous les articles de Laure Gentil\" rel=\"nofollow noopener\" target=\"_blank\">Laure Gentil<\/a><br \/>\n        <\/strong><\/p>\n<p>        Publi\u00e9 le<\/p>\n<p>            1 sept. 2025 \u00e0 15h08        <\/p>\n<p>Il s\u2019appelle <strong>Jean-Claude Hulot<\/strong> et il a 67\u00a0ans. Ce haut fonctionnaire n\u00e9 \u00e0 Paris est le candidat du <strong>Rassemblement National<\/strong> pour les municipales 2026 \u00e0 <strong>Nantes<\/strong>, comme l\u2019a annonc\u00e9 le parti dans un communiqu\u00e9 de presse publi\u00e9 ce lundi 1er\u00a0septembre 2025.<\/p>\n<p class=\" wall-content\">Il devra faire face \u00e0 la <a href=\"https:\/\/actu.fr\/pays-de-la-loire\/nantes_44109\/je-ne-mache-pas-mes-mots-portrait-de-johanna-rolland-premiere-femme-maire-de-nantes_62902956.html\" rel=\"nofollow noopener\" target=\"_blank\">mairie sortante Johanna Rolland<\/a> (Parti Socialiste) et<a href=\"https:\/\/actu.fr\/pays-de-la-loire\/nantes_44109\/municipales-2026-a-nantes-foulques-chombart-de-lauwe-choisi-par-les-electeurs-de-droite_63098647.html\" rel=\"nofollow noopener\" target=\"_blank\"> Foulques Chombart de Lauwe, qui a remport\u00e9 la primaire<\/a> des R\u00e9publicains face \u00e0 Julien Bainvel.<\/p>\n<p>Conseiller de Marine Le\u00a0Pen<\/p>\n<p class=\" wall-content\">Dans le communiqu\u00e9, Jean-Claude Hulot est pr\u00e9sent\u00e9 comme un ancien \u00e9l\u00e8ve de l\u2019\u00c9cole nationale de l\u2019administration (ENA). <strong>Chevalier de la l\u00e9gion d\u2019honneur<\/strong>, il a travaill\u00e9 \u00e0 la Direction du Tr\u00e9sor en tant que chef de bureau, avant de rejoindre le Minist\u00e8re de l\u2019\u00c9conomie et des Finances au poste de directeur adjoint du gaz, de l\u2019\u00e9lectricit\u00e9 et du charbon. Il a aussi exerc\u00e9 au poste de directeur des participations au Commissariat \u00e0 l\u2019\u00e9nergie atomique (CEA). Depuis 2011, il est contr\u00f4leur g\u00e9n\u00e9ral \u00e9conomique et financier (CGEF).<\/p>\n<p class=\" wall-content\">Adh\u00e9rent au Rassemblement national<strong> depuis avril dernier<\/strong>, Jean-Claude Hulot fait n\u00e9anmoins partie \u00ab\u2009d\u2019un des groupes de conseillers de Marine Le Pen\u2009\u00bb depuis \u00ab\u2009quelques ann\u00e9es\u2009\u00bb.<\/p>\n<p class=\" wall-content\">Personnalisez votre actualit\u00e9 en ajoutant vos villes et m\u00e9dias en favori avec <a href=\"https:\/\/moncompte.actu.fr\" title=\"D\u00e9couvez Mon Actu\" rel=\"nofollow noopener\" data-trk=\"{&quot;cta&quot;:{&quot;action&quot;:&quot;https:\\\/\\\/moncompte.actu.fr&quot;,&quot;category&quot;:&quot;mon compte&quot;,&quot;from&quot;:&quot;article footer&quot;,&quot;name&quot;:&quot;Mon actu&quot;,&quot;type&quot;:&quot;cta&quot;}}\" target=\"_blank\">Mon Actu<\/a>.<\/p>\n","protected":false},"excerpt":{"rendered":"Par Laure Gentil Publi\u00e9 le 1 sept. 2025 \u00e0 15h08 Il s\u2019appelle Jean-Claude Hulot et il a 67\u00a0ans.&hellip;\n","protected":false},"author":2,"featured_media":358399,"comment_status":"","ping_status":"","sticky":false,"template":"","format":"standard","meta":{"footnotes":""},"categories":[2818],"tags":[1111,11,4188,1777,674,1011,27,3434,766,12,2636,316,2556,25],"class_list":{"0":"post-358398","1":"post","2":"type-post","3":"status-publish","4":"format-standard","5":"has-post-thumbnail","7":"category-nantes","8":"tag-actu","9":"tag-actualites","10":"tag-elections-municipales","11":"tag-eu","12":"tag-europe","13":"tag-fr","14":"tag-france","15":"tag-municipales-2026","16":"tag-nantes","17":"tag-news","18":"tag-pays-de-la-loire","19":"tag-politique","20":"tag-rassemblement-national-rn","21":"tag-republique-francaise"},"share_on_mastodon":{"url":"https:\/\/pubeurope.com\/@fr\/115129370767502224","error":""},"_links":{"self":[{"href":"https:\/\/www.europesays.com\/fr\/wp-json\/wp\/v2\/posts\/358398","targetHints":{"allow":["GET"]}}],"collection":[{"href":"https:\/\/www.europesays.com\/fr\/wp-json\/wp\/v2\/posts"}],"about":[{"href":"https:\/\/www.europesays.com\/fr\/wp-json\/wp\/v2\/types\/post"}],"author":[{"embeddable":true,"href":"https:\/\/www.europesays.com\/fr\/wp-json\/wp\/v2\/users\/2"}],"replies":[{"embeddable":true,"href":"https:\/\/www.europesays.com\/fr\/wp-json\/wp\/v2\/comments?post=358398"}],"version-history":[{"count":0,"href":"https:\/\/www.europesays.com\/fr\/wp-json\/wp\/v2\/posts\/358398\/revisions"}],"wp:featuredmedia":[{"embeddable":true,"href":"https:\/\/www.europesays.com\/fr\/wp-json\/wp\/v2\/media\/358399"}],"wp:attachment":[{"href":"https:\/\/www.europesays.com\/fr\/wp-json\/wp\/v2\/media?parent=358398"}],"wp:term":[{"taxonomy":"category","embeddable":true,"href":"https:\/\/www.europesays.com\/fr\/wp-json\/wp\/v2\/categories?post=358398"},{"taxonomy":"post_tag","embeddable":true,"href":"https:\/\/www.europesays.com\/fr\/wp-json\/wp\/v2\/tags?post=358398"}],"curies":[{"name":"wp","href":"https:\/\/api.w.org\/{rel}","templated":true}]}}