{"id":358400,"date":"2025-09-01T13:52:09","date_gmt":"2025-09-01T13:52:09","guid":{"rendered":"https:\/\/www.europesays.com\/fr\/358400\/"},"modified":"2025-09-01T13:52:09","modified_gmt":"2025-09-01T13:52:09","slug":"un-accident-de-bus-entre-nantes-et-rennes","status":"publish","type":"post","link":"https:\/\/www.europesays.com\/fr\/358400\/","title":{"rendered":"un accident de bus entre Nantes et Rennes"},"content":{"rendered":"<p>            Par<br \/>\n        <strong><br \/>\n            <a href=\"https:\/\/actu.fr\/auteur\/journaliste-er\" title=\"Consulter tous les articles de R\u00e9daction Ch\u00e2teaubriant\" target=\"_blank\" rel=\"noopener\">R\u00e9daction Ch\u00e2teaubriant<\/a><br \/>\n        <\/strong><\/p>\n<p>        Publi\u00e9 le<\/p>\n<p>            1 sept. 2025 \u00e0 14h49        <\/p>\n<p>Un accident de bus est survenu,<b> samedi 30\u00a0ao\u00fbt 2025 sur la RN137<\/b>, dans le sens Nantes-Rennes, \u00e0 hauteur de l\u2019aire de <b>Puceul<\/b> (Loire-Atlantique). Les passagers \u00e9taient une partie des supporters des <b>Girondins de Bordeaux.<\/b><\/p>\n<p>Loire-Atlantique\u2009: un accident de bus entre Nantes et Rennes<\/p>\n<p class=\" wall-content\"><b\/>Ces derniers ont d\u00e9barqu\u00e9 au <b>stade de la Ville en Bois<\/b> \u00e0 <b>Ch\u00e2teaubriant <\/b>(Loire-Atlantique) seulement quelques minutes avant le d\u00e9but de la deuxi\u00e8me mi-temps. La raison du retard\u2009? Un accident entre de route. \u00ab\u2009Deux bus transportant une cinquantaine de supporters se sont percut\u00e9s sur la quatre voies reliant Nantes \u00e0 Rennes, \u00e0 hauteur de l\u2019aire de Puceul\u2009\u00bb, comme le relatent nos confr\u00e8res <b>de Ouest-France.<\/b><\/p>\n<p class=\" wall-content\">L\u2019accident, li\u00e9 \u00e0 \u00ab\u2009un \u00e9clatement d\u2019un pneu d\u2019un des deux bus\u2009\u00bb, a caus\u00e9 aucun bless\u00e9. Seul un ralentissement a \u00e9t\u00e9 observ\u00e9 dans <b>le sens Nantes \u2013 Rennes vers 16\u2009h\u200930<\/b>.<\/p>\n<p class=\" wall-content\">Personnalisez votre actualit\u00e9 en ajoutant vos villes et m\u00e9dias en favori avec <a href=\"https:\/\/moncompte.actu.fr\" title=\"D\u00e9couvez Mon Actu\" rel=\"nofollow noopener\" data-trk=\"{&quot;cta&quot;:{&quot;action&quot;:&quot;https:\\\/\\\/moncompte.actu.fr&quot;,&quot;category&quot;:&quot;mon compte&quot;,&quot;from&quot;:&quot;article footer&quot;,&quot;name&quot;:&quot;Mon actu&quot;,&quot;type&quot;:&quot;cta&quot;}}\" target=\"_blank\">Mon Actu<\/a>.<\/p>\n","protected":false},"excerpt":{"rendered":"Par R\u00e9daction Ch\u00e2teaubriant Publi\u00e9 le 1 sept. 2025 \u00e0 14h49 Un accident de bus est survenu, samedi 30\u00a0ao\u00fbt&hellip;\n","protected":false},"author":2,"featured_media":358401,"comment_status":"","ping_status":"","sticky":false,"template":"","format":"standard","meta":{"footnotes":""},"categories":[2818],"tags":[119,1111,11,1777,674,118,1011,27,2908,766,12,2636,25],"class_list":{"0":"post-358400","1":"post","2":"type-post","3":"status-publish","4":"format-standard","5":"has-post-thumbnail","7":"category-nantes","8":"tag-accident","9":"tag-actu","10":"tag-actualites","11":"tag-eu","12":"tag-europe","13":"tag-faits-divers","14":"tag-fr","15":"tag-france","16":"tag-girondins-de-bordeaux","17":"tag-nantes","18":"tag-news","19":"tag-pays-de-la-loire","20":"tag-republique-francaise"},"share_on_mastodon":{"url":"https:\/\/pubeurope.com\/@fr\/115129374703949926","error":""},"_links":{"self":[{"href":"https:\/\/www.europesays.com\/fr\/wp-json\/wp\/v2\/posts\/358400","targetHints":{"allow":["GET"]}}],"collection":[{"href":"https:\/\/www.europesays.com\/fr\/wp-json\/wp\/v2\/posts"}],"about":[{"href":"https:\/\/www.europesays.com\/fr\/wp-json\/wp\/v2\/types\/post"}],"author":[{"embeddable":true,"href":"https:\/\/www.europesays.com\/fr\/wp-json\/wp\/v2\/users\/2"}],"replies":[{"embeddable":true,"href":"https:\/\/www.europesays.com\/fr\/wp-json\/wp\/v2\/comments?post=358400"}],"version-history":[{"count":0,"href":"https:\/\/www.europesays.com\/fr\/wp-json\/wp\/v2\/posts\/358400\/revisions"}],"wp:featuredmedia":[{"embeddable":true,"href":"https:\/\/www.europesays.com\/fr\/wp-json\/wp\/v2\/media\/358401"}],"wp:attachment":[{"href":"https:\/\/www.europesays.com\/fr\/wp-json\/wp\/v2\/media?parent=358400"}],"wp:term":[{"taxonomy":"category","embeddable":true,"href":"https:\/\/www.europesays.com\/fr\/wp-json\/wp\/v2\/categories?post=358400"},{"taxonomy":"post_tag","embeddable":true,"href":"https:\/\/www.europesays.com\/fr\/wp-json\/wp\/v2\/tags?post=358400"}],"curies":[{"name":"wp","href":"https:\/\/api.w.org\/{rel}","templated":true}]}}