{"id":358404,"date":"2025-09-01T13:54:10","date_gmt":"2025-09-01T13:54:10","guid":{"rendered":"https:\/\/www.europesays.com\/fr\/358404\/"},"modified":"2025-09-01T13:54:10","modified_gmt":"2025-09-01T13:54:10","slug":"laeroport-de-bordeaux-merignac-lance-une-nouvelle-etude-pour-mesurer-la-qualite-de-lair","status":"publish","type":"post","link":"https:\/\/www.europesays.com\/fr\/358404\/","title":{"rendered":"l\u2019a\u00e9roport de Bordeaux-M\u00e9rignac lance une nouvelle \u00e9tude pour mesurer la qualit\u00e9 de l\u2019air"},"content":{"rendered":"<p>Ces particules, dont le diam\u00e8tre est inf\u00e9rieur \u00e0 100 nanom\u00e8tres, \u00ab\u00a0sont de plus en plus consid\u00e9r\u00e9es comme un enjeu sanitaire majeur, en particulier dans les zones proches des a\u00e9roports\u00a0\u00bb, pr\u00e9cisent Atmo et l\u2019a\u00e9roport de Bordeaux-M\u00e9rignac dans un communiqu\u00e9 publi\u00e9 ce lundi 1er\u00a0septembre. En 2019 d\u00e9j\u00e0, l\u2019Agence nationale de s\u00e9curit\u00e9 sanitaire de l\u2019alimentation, de l\u2019environnement et du travail (Anses) <a href=\"https:\/\/www.sudouest.fr\/environnement\/qualite-de-l-air-l-anses-alerte-sur-la-dangerosite-de-certaines-particules-non-surveillees-2540802.php\" target=\"_blank\" rel=\"follow nofollow noopener\">alertait sur la dangerosit\u00e9 de ces PUF<\/a> et des effets n\u00e9fastes pour la sant\u00e9, notamment au niveau respiratoire ou cardiovasculaire.<\/p>\n<p>Pourtant, les particules ultrafines \u00ab\u00a0sont encore peu mesur\u00e9es par rapport aux PM10 (d\u2019un diam\u00e8tre inf\u00e9rieur \u00e0 dix microm\u00e8tres) ou aux PM2,5 (inf\u00e9rieur \u00e0 2,5 microm\u00e8tres)\u00a0\u00bb, souligne le communiqu\u00e9 conjoint, rappelant que plusieurs mesures de la qualit\u00e9 de l\u2019air ont \u00e9t\u00e9 r\u00e9alis\u00e9es depuis le d\u00e9but des ann\u00e9es 2000 autour de l\u2019a\u00e9roport.<\/p>\n<p>\u00c0 proximit\u00e9 de la piste principale<\/p>\n<p>Les \u00e9tudes seront r\u00e9alis\u00e9es dans l\u2019enceinte de l\u2019a\u00e9roport proche de la piste principale. Les PM2,5 et PM10 seront mesur\u00e9es ainsi que les particules fines et ultrafines \u00ab\u00a0\u00e0 l\u2019aide d\u2019un compteur \u00e0 noyaux de condensation\u00a0\u00bb.<\/p>\n","protected":false},"excerpt":{"rendered":"Ces particules, dont le diam\u00e8tre est inf\u00e9rieur \u00e0 100 nanom\u00e8tres, \u00ab\u00a0sont de plus en plus consid\u00e9r\u00e9es comme un&hellip;\n","protected":false},"author":2,"featured_media":358405,"comment_status":"","ping_status":"","sticky":false,"template":"","format":"standard","meta":{"footnotes":""},"categories":[2817],"tags":[1111,11,1997,1777,674,1011,27,12,2219,25],"class_list":{"0":"post-358404","1":"post","2":"type-post","3":"status-publish","4":"format-standard","5":"has-post-thumbnail","7":"category-bordeaux","8":"tag-actu","9":"tag-actualites","10":"tag-bordeaux","11":"tag-eu","12":"tag-europe","13":"tag-fr","14":"tag-france","15":"tag-news","16":"tag-nouvelle-aquitaine","17":"tag-republique-francaise"},"share_on_mastodon":{"url":"https:\/\/pubeurope.com\/@fr\/115129382560180625","error":""},"_links":{"self":[{"href":"https:\/\/www.europesays.com\/fr\/wp-json\/wp\/v2\/posts\/358404","targetHints":{"allow":["GET"]}}],"collection":[{"href":"https:\/\/www.europesays.com\/fr\/wp-json\/wp\/v2\/posts"}],"about":[{"href":"https:\/\/www.europesays.com\/fr\/wp-json\/wp\/v2\/types\/post"}],"author":[{"embeddable":true,"href":"https:\/\/www.europesays.com\/fr\/wp-json\/wp\/v2\/users\/2"}],"replies":[{"embeddable":true,"href":"https:\/\/www.europesays.com\/fr\/wp-json\/wp\/v2\/comments?post=358404"}],"version-history":[{"count":0,"href":"https:\/\/www.europesays.com\/fr\/wp-json\/wp\/v2\/posts\/358404\/revisions"}],"wp:featuredmedia":[{"embeddable":true,"href":"https:\/\/www.europesays.com\/fr\/wp-json\/wp\/v2\/media\/358405"}],"wp:attachment":[{"href":"https:\/\/www.europesays.com\/fr\/wp-json\/wp\/v2\/media?parent=358404"}],"wp:term":[{"taxonomy":"category","embeddable":true,"href":"https:\/\/www.europesays.com\/fr\/wp-json\/wp\/v2\/categories?post=358404"},{"taxonomy":"post_tag","embeddable":true,"href":"https:\/\/www.europesays.com\/fr\/wp-json\/wp\/v2\/tags?post=358404"}],"curies":[{"name":"wp","href":"https:\/\/api.w.org\/{rel}","templated":true}]}}