{"id":358406,"date":"2025-09-01T13:55:10","date_gmt":"2025-09-01T13:55:10","guid":{"rendered":"https:\/\/www.europesays.com\/fr\/358406\/"},"modified":"2025-09-01T13:55:10","modified_gmt":"2025-09-01T13:55:10","slug":"cirque-et-poesie-15m2-sur-le-parvis-de-la-mediatheque-grand-m","status":"publish","type":"post","link":"https:\/\/www.europesays.com\/fr\/358406\/","title":{"rendered":"Cirque et Po\u00e9sie : \u00ab\u00a015m2\u00a0\u00bb sur le Parvis de la M\u00e9diath\u00e8que Grand M !"},"content":{"rendered":"<p><b>Toulouse, pr\u00e9parez-vous \u00e0 \u00eatre \u00e9merveill\u00e9s ! Dans le cadre de l\u2019\u00e9v\u00e9nement \u00ab\u00a0Le Mirail f\u00eate sa rentr\u00e9e !\u00a0\u00bb, la M\u00e9diath\u00e8que Grand M accueille le spectacle de cirque \u00ab\u00a015m2\u00a0\u00bb de la compagnie Le Poil Flou, ce mercredi 10 septembre 2025 \u00e0 17h00. Un moment de po\u00e9sie et de fantaisie, \u00e0 d\u00e9couvrir gratuitement sur le parvis !<\/b><\/p>\n<p><img loading=\"lazy\" decoding=\"async\" class=\"size-medium wp-image-902104 aligncenter\" src=\"https:\/\/www.europesays.com\/fr\/wp-content\/uploads\/2025\/09\/15m2-300x239.jpg.webp.webp\" alt=\"\" width=\"300\" height=\"239\"  \/><\/p>\n<p>\u00ab\u00a015m2\u00a0\u00bb est une exploration du quotidien, une ode \u00e0 l\u2019imagination qui peut transformer le plus banal des espaces en un lieu d\u2019aventure. L\u2019histoire se d\u00e9roule dans une chambre avec un lit, une \u00e9tag\u00e8re et quelques livres. Deux personnages, interpr\u00e9t\u00e9s par <b>Hugo Stieglitz et Aur\u00e9lien Remy<\/b>, partagent ce quotidien qu\u2019ils d\u00e9tournent sans cesse pour s\u2019\u00e9vader.<\/p>\n<p>Entre s\u00e9rieux et fantaisie, ils utilisent le jeu pour se r\u00e9approprier leur r\u00e9alit\u00e9. Jusqu\u2019o\u00f9 peut-on voyager au milieu d\u2019une chambre ? Ce spectacle de cirque, d\u2019une dur\u00e9e de 50 minutes, est une invitation \u00e0 la r\u00eaverie, \u00e0 la l\u00e9g\u00e8ret\u00e9 et \u00e0 la cr\u00e9ativit\u00e9.<\/p>\n<p>Informations pratiques :<\/p>\n<p><b>Spectacle :<\/b> \u00ab\u00a015m2\u00a0\u00bb par la compagnie Le Poil Flou<br \/><b>Date :<\/b> Mercredi 10 septembre 2025<br \/><b>Heure :<\/b> 17h00<br \/><b>Lieu :<\/b> Sur le parvis de la M\u00e9diath\u00e8que Grand M, Toulouse<br \/><b>Dur\u00e9e :<\/b> 50 minutes<br \/><b>Tarif :<\/b> Gratuit<br \/><b>Dans le cadre de :<\/b> \u00ab\u00a0Le Mirail f\u00eate sa rentr\u00e9e !\u00a0\u00bb<\/p>\n","protected":false},"excerpt":{"rendered":"Toulouse, pr\u00e9parez-vous \u00e0 \u00eatre \u00e9merveill\u00e9s ! Dans le cadre de l\u2019\u00e9v\u00e9nement \u00ab\u00a0Le Mirail f\u00eate sa rentr\u00e9e !\u00a0\u00bb, la&hellip;\n","protected":false},"author":2,"featured_media":358407,"comment_status":"","ping_status":"","sticky":false,"template":"","format":"standard","meta":{"footnotes":""},"categories":[2816],"tags":[1111,11,1777,674,1011,27,12,2680,25,2312],"class_list":{"0":"post-358406","1":"post","2":"type-post","3":"status-publish","4":"format-standard","5":"has-post-thumbnail","7":"category-toulouse","8":"tag-actu","9":"tag-actualites","10":"tag-eu","11":"tag-europe","12":"tag-fr","13":"tag-france","14":"tag-news","15":"tag-occitanie","16":"tag-republique-francaise","17":"tag-toulouse"},"share_on_mastodon":{"url":"https:\/\/pubeurope.com\/@fr\/115129386899110739","error":""},"_links":{"self":[{"href":"https:\/\/www.europesays.com\/fr\/wp-json\/wp\/v2\/posts\/358406","targetHints":{"allow":["GET"]}}],"collection":[{"href":"https:\/\/www.europesays.com\/fr\/wp-json\/wp\/v2\/posts"}],"about":[{"href":"https:\/\/www.europesays.com\/fr\/wp-json\/wp\/v2\/types\/post"}],"author":[{"embeddable":true,"href":"https:\/\/www.europesays.com\/fr\/wp-json\/wp\/v2\/users\/2"}],"replies":[{"embeddable":true,"href":"https:\/\/www.europesays.com\/fr\/wp-json\/wp\/v2\/comments?post=358406"}],"version-history":[{"count":0,"href":"https:\/\/www.europesays.com\/fr\/wp-json\/wp\/v2\/posts\/358406\/revisions"}],"wp:featuredmedia":[{"embeddable":true,"href":"https:\/\/www.europesays.com\/fr\/wp-json\/wp\/v2\/media\/358407"}],"wp:attachment":[{"href":"https:\/\/www.europesays.com\/fr\/wp-json\/wp\/v2\/media?parent=358406"}],"wp:term":[{"taxonomy":"category","embeddable":true,"href":"https:\/\/www.europesays.com\/fr\/wp-json\/wp\/v2\/categories?post=358406"},{"taxonomy":"post_tag","embeddable":true,"href":"https:\/\/www.europesays.com\/fr\/wp-json\/wp\/v2\/tags?post=358406"}],"curies":[{"name":"wp","href":"https:\/\/api.w.org\/{rel}","templated":true}]}}