{"id":358408,"date":"2025-09-01T13:56:11","date_gmt":"2025-09-01T13:56:11","guid":{"rendered":"https:\/\/www.europesays.com\/fr\/358408\/"},"modified":"2025-09-01T13:56:11","modified_gmt":"2025-09-01T13:56:11","slug":"34-kg-de-drogue-saisis-a-toulouse-le-trafic-familial-etait-gere-par-une-jeune-femme","status":"publish","type":"post","link":"https:\/\/www.europesays.com\/fr\/358408\/","title":{"rendered":"34\u00a0kg de drogue saisis\u00a0: \u00e0 Toulouse, le trafic familial \u00e9tait g\u00e9r\u00e9 par une jeune femme"},"content":{"rendered":"<p>\n                                                                    l&rsquo;essentiel<br \/>\n                                                                Pour \u00ab\u00a0\u00e9ponger une dette\u00a0\u00bb, elle a d\u00e9cid\u00e9 de passer \u00e0 la vitesse sup\u00e9rieure. Une jeune femme et son fr\u00e8re \u00e9taient jug\u00e9s \u00e0 Toulouse pour trafic de drogue.\n                            <\/p>\n<p>Dans l\u2019imaginaire collectif, les trafiquants de stup\u00e9fiants sont souvent des hommes. \u00c0 Toulouse, c\u2019est une femme de 25 ans, Nora, qui a pourtant pris les commandes. Elle comparait devant le tribunal correctionnel pour avoir dirig\u00e9 un r\u00e9seau de revente de r\u00e9sine de cannabis, \u00e9paul\u00e9e par son fr\u00e8re Hicham.<\/p>\n<p>Tout d\u00e9bute le 16\u00a0novembre 2023. Les enqu\u00eateurs re\u00e7oivent un renseignement anonyme signalant une \u00ab\u00a0Nora\u00a0\u00bb qui, via Telegram, organiserait des livraisons de cannabis dans la Ville rose et jusqu\u2019au parking d\u2019un McDonald\u2019s de Blagnac.<\/p>\n<p>La surveillance confirme rapidement l\u2019information. Au-del\u00e0, les policiers rep\u00e8rent une vieille caravane \u00e0 Saint-Jory, lou\u00e9e par la jeune femme, utilis\u00e9e comme entrep\u00f4t clandestin. Ils observent des all\u00e9es et venues suspectes, sacs blancs \u00e0 la main, remis \u00e0 des conducteurs.<\/p>\n<p>\u00ab\u00a0J\u2019avais une dette \u00e0 rembourser\u00a0\u00bb<\/p>\n<p>Le 1er\u00a0d\u00e9cembre 2023, l\u2019op\u00e9ration est d\u00e9clench\u00e9e. Nora et Hicham sont arr\u00eat\u00e9s en sortant de la caravane avec 4,5\u00a0kg de r\u00e9sine. \u00c0 l\u2019int\u00e9rieur, les policiers d\u00e9couvrent 28\u00a0kg suppl\u00e9mentaires, du mat\u00e9riel de conditionnement, une arme de poing, 35\u00a0g de coca\u00efne et des munitions. Les perquisitions permettent aussi de mettre la main sur de nombreuses cartes SIM et 1\u00a0400\u00a0\u20ac en liquide.<\/p>\n<p>Quatre autres personnes sont mises en cause\u00a0: deux jeunes livreurs recrut\u00e9s via Snapchat, le propri\u00e9taire de la caravane \u2013 d\u00e9j\u00e0 condamn\u00e9 \u00e0 17 reprises \u2013 et un individu dont l\u2019ADN est retrouv\u00e9 sur l\u2019arme et des emballages.<\/p>\n<p class=\"std-elt__inline\">\n        <strong>\u00c0 lire aussi :<\/strong><br \/>\n        <a href=\"https:\/\/www.ladepeche.fr\/2025\/08\/20\/trafic-de-drogue-abus-de-confiance-surpris-a-dealer-dans-une-voiture-de-service-lagent-de-toulouse-metropole-a-ete-suspendu-12884891.php\" rel=\"nofollow noopener\" target=\"_blank\">Trafic de drogue, abus de confiance\u2026 Surpris \u00e0 dealer dans une voiture de service, l\u2019agent de Toulouse M\u00e9tropole a \u00e9t\u00e9 suspendu<\/a>\n    <\/p>\n<p>\u00c0 l\u2019audience, Nora assume face \u00e0 la\u00a0pr\u00e9sidente du tribunal correctionnel, Gonca Murat\u00a0: \u00ab\u00a0En principe j\u2019avais entre 3 et 5\u00a0kg. Mais j\u2019avais une dette et j\u2019ai d\u00e9cid\u00e9 pour la rembourser plus vite d\u2019acheter en gros et de revendre \u00e0 prix cass\u00e9\u00a0\u00bb.<\/p>\n<p>Fragilis\u00e9 par une consommation excessive de protoxyde d\u2019azote, Hicham explique avoir suivi les directives de sa s\u0153ur durant une quinzaine de jours. Endett\u00e9, il dit avoir subi des violences de la part de ses cr\u00e9anciers, qui l\u2019ont pass\u00e9 \u00e0 tabac et plong\u00e9 dans un\u00a0coma de plusieurs semaines.<\/p>\n<p>\u00ab\u00a0Chef de qui, chef de quoi\u00a0?\u00a0\u00bb<\/p>\n<p>Les livreurs, eux, minimisent\u00a0: \u00ab\u00a0On a vu une annonce sur Snapchat, 100\u00a0\u20ac la journ\u00e9e de livraison\u00a0\u00bb, racontent-ils. Quant au propri\u00e9taire de la caravane, il admet d\u00e9tenir la coca\u00efne et les munitions mais nie toute implication dans le trafic. \u00ab\u00a0Je suis consommateur, pas vendeur\u00a0\u00bb, clame-t-il, malgr\u00e9 des messages retrouv\u00e9s dans son t\u00e9l\u00e9phone faisant \u00e9tat de \u00ab\u00a0livraisons plus rigoureuses\u00a0\u00bb.<\/p>\n<p>Le procureur insiste sur \u00ab\u00a0des quantit\u00e9s consid\u00e9rables\u00a0\u00bb et requiert\u00a0: quatre mois sous bracelet pour les livreurs, douze mois am\u00e9nageables pour Hicham, deux ans dont un ferme pour Nora, trois ans ferme pour le propri\u00e9taire de la caravane.<\/p>\n<p class=\"std-elt__inline\">\n        <strong>\u00c0 lire aussi :<\/strong><br \/>\n        <a href=\"https:\/\/www.ladepeche.fr\/2025\/08\/11\/un-sac-de-cash-a-laller-de-la-drogue-au-retour-8-ans-de-prison-pour-le-trafiquant-qui-alimentait-toulouse-en-heroine-12870906.php\" rel=\"nofollow noopener\" target=\"_blank\">\u00ab\u00a0Un sac de cash \u00e0 l\u2019aller, de la drogue au retour\u00a0\u00bb\u00a0: 8 ans de prison pour le trafiquant qui alimentait Toulouse en h\u00e9ro\u00efne<\/a>\n    <\/p>\n<p>En d\u00e9fense, les avocats contre-attaquent. Me Sarah Nabet-Claverie, qui<br \/>repr\u00e9sente la fratrie, \u00e9voque d\u2019abord le \u201csyndrome du sauveur\u201d\u00a0: sa cliente aurait voulu assumer les dettes de son fr\u00e8re. \u201cD\u00e8s la garde \u00e0 vue, elle prend tout sur elle, m\u00eame ce qui semble impossible\u201d, insiste-t-elle, avant de relativiser son r\u00f4le\u00a0: \u00ab\u00a0Chef de qui, chef de quoi\u00a0?\u00a0\u00bb.<\/p>\n<p>Prison ferme<\/p>\n<p>Vient ensuite Me S\u00e9bastien Delorge, conseil d\u2019un pr\u00e9venu plus en retrait. Son client, originaire d\u2019une autre r\u00e9gion, n\u2019est impliqu\u00e9 qu\u2019en raison d\u2019une trace ADN retrouv\u00e9e sur une arme. Pour lui, la relaxe s\u2019impose\u00a0: \u00ab\u00a0On n\u2019a jamais eu de d\u00e9monstration, seulement des poussi\u00e8res d\u2019\u00e9l\u00e9ments. C\u2019est l\u2019illusion confortable de la certitude.\u00a0\u00bb<\/p>\n<p>Enfin, Me Marjolaine Grouteau prend la parole pour le propri\u00e9taire de la caravane. Elle d\u00e9nonce des r\u00e9quisitions fond\u00e9es sur le casier judiciaire de son client plut\u00f4t que sur des preuves tangibles\u00a0: \u00ab\u00a0On part d\u2019une pr\u00e9somption de culpabilit\u00e9 pour requ\u00e9rir trois ans de d\u00e9tention.\u00a0\u00bb<\/p>\n<p>Apr\u00e8s d\u00e9lib\u00e9r\u00e9, le tribunal tranche. L\u2019un des livreurs \u00e9cope de quatre mois ferme, l\u2019autre de 105\u00a0heures de travail d\u2019int\u00e9r\u00eat g\u00e9n\u00e9ral. Nora est condamn\u00e9e \u00e0 18 mois ferme (et\u00a06 avec sursis), son fr\u00e8re \u00e0 un an\u00a0ferme. Le propri\u00e9taire de la caravane quant \u00e0 lui \u00e9cope de neuf mois de prison. Tous ressortent libres, leurs d\u00e9tentions provisoires couvrant les peines prononc\u00e9es.<\/p>\n","protected":false},"excerpt":{"rendered":"l&rsquo;essentiel Pour \u00ab\u00a0\u00e9ponger une dette\u00a0\u00bb, elle a d\u00e9cid\u00e9 de passer \u00e0 la vitesse sup\u00e9rieure. Une jeune femme et&hellip;\n","protected":false},"author":2,"featured_media":358409,"comment_status":"","ping_status":"","sticky":false,"template":"","format":"standard","meta":{"footnotes":""},"categories":[2816],"tags":[1111,11,1777,674,1011,27,12,2680,25,2312],"class_list":{"0":"post-358408","1":"post","2":"type-post","3":"status-publish","4":"format-standard","5":"has-post-thumbnail","7":"category-toulouse","8":"tag-actu","9":"tag-actualites","10":"tag-eu","11":"tag-europe","12":"tag-fr","13":"tag-france","14":"tag-news","15":"tag-occitanie","16":"tag-republique-francaise","17":"tag-toulouse"},"share_on_mastodon":{"url":"https:\/\/pubeurope.com\/@fr\/115129390523645908","error":""},"_links":{"self":[{"href":"https:\/\/www.europesays.com\/fr\/wp-json\/wp\/v2\/posts\/358408","targetHints":{"allow":["GET"]}}],"collection":[{"href":"https:\/\/www.europesays.com\/fr\/wp-json\/wp\/v2\/posts"}],"about":[{"href":"https:\/\/www.europesays.com\/fr\/wp-json\/wp\/v2\/types\/post"}],"author":[{"embeddable":true,"href":"https:\/\/www.europesays.com\/fr\/wp-json\/wp\/v2\/users\/2"}],"replies":[{"embeddable":true,"href":"https:\/\/www.europesays.com\/fr\/wp-json\/wp\/v2\/comments?post=358408"}],"version-history":[{"count":0,"href":"https:\/\/www.europesays.com\/fr\/wp-json\/wp\/v2\/posts\/358408\/revisions"}],"wp:featuredmedia":[{"embeddable":true,"href":"https:\/\/www.europesays.com\/fr\/wp-json\/wp\/v2\/media\/358409"}],"wp:attachment":[{"href":"https:\/\/www.europesays.com\/fr\/wp-json\/wp\/v2\/media?parent=358408"}],"wp:term":[{"taxonomy":"category","embeddable":true,"href":"https:\/\/www.europesays.com\/fr\/wp-json\/wp\/v2\/categories?post=358408"},{"taxonomy":"post_tag","embeddable":true,"href":"https:\/\/www.europesays.com\/fr\/wp-json\/wp\/v2\/tags?post=358408"}],"curies":[{"name":"wp","href":"https:\/\/api.w.org\/{rel}","templated":true}]}}