{"id":358410,"date":"2025-09-01T13:57:11","date_gmt":"2025-09-01T13:57:11","guid":{"rendered":"https:\/\/www.europesays.com\/fr\/358410\/"},"modified":"2025-09-01T13:57:11","modified_gmt":"2025-09-01T13:57:11","slug":"nouveau-a-lille-un-manege-et-des-sucreries-dans-le-jardin-de-la-cathedrale-de-la-treille","status":"publish","type":"post","link":"https:\/\/www.europesays.com\/fr\/358410\/","title":{"rendered":"Nouveau \u00e0 Lille. Un man\u00e8ge et des sucreries dans le jardin de la cath\u00e9drale de la Treille\u00a0!"},"content":{"rendered":"<p>            Par<br \/>\n        <strong><br \/>\n            <a href=\"https:\/\/actu.fr\/auteur\/annesophie-2\" title=\"Consulter tous les articles de Anne-Sophie Hourdeaux\" target=\"_blank\" rel=\"noopener\">Anne-Sophie Hourdeaux<\/a><br \/>\n        <\/strong><\/p>\n<p>        Publi\u00e9 le<\/p>\n<p>            1 sept. 2025 \u00e0 15h28        <\/p>\n<p>C\u2019est une premi\u00e8re\u2009! Depuis samedi 30\u00a0ao\u00fbt 2025<b>, un esprit de f\u00eate foraine <\/b>s\u2019est install\u00e9 pr\u00e8s de la <a href=\"https:\/\/actu.fr\/tag\/notre-dame-de-la-treille\" target=\"_blank\" rel=\"noopener\">cath\u00e9drale<\/a> de <a href=\"https:\/\/actu.fr\/hauts-de-france\/lille_59350\" target=\"_blank\" rel=\"noopener\">Lille (Nord)<\/a><b>,<\/b> qui devient un endroit de plus en plus touristique.<b> Un man\u00e8ge et un stand de confiseries<\/b> ont pris place square Arnauld Chillon, dans le petit jardin attenant \u00e0 l\u2019\u00e9difice religieux. Il s\u2019agit d\u2019une <b>\u00ab\u2009phase test\u2009\u00bb d\u2019un mois, jusqu\u2019\u00e0 fin septembre\u00a02025<\/b>. On vous explique.<\/p>\n<p>Le but\u2009: mini-f\u00eate foraine et mini-march\u00e9 de No\u00ebl en fin d\u2019ann\u00e9e<\/p>\n<p class=\" wall-content\">Verra-t-on plusieurs mois par an une mi-f\u00eate foraine juste \u00e0 c\u00f4t\u00e9 de la cath\u00e9drale de Lille\u2009? C\u2019est en tout cas une <b>volont\u00e9 du dioc\u00e8se<\/b> de Lille, et des responsables de la cath\u00e9drale de Lille en particulier. \u00ab\u2009Nous voulons faire du parvis un lieu de vie, d\u2019animation\u2009\u00bb signale Thomas Sanchez, responsable culturel de l\u2019\u00e9difice.<\/p>\n<blockquote class=\"ac-article-quote wall-content\">\n<p>Le but est d\u2019un jour, durant le temps de l\u2019Avent et No\u00ebl, entre mi-novembre et mi-janvier, d\u2019installer des man\u00e8ges sur le parvis, ainsi qu\u2019un mini-march\u00e9 de No\u00ebl. La volont\u00e9 est de cr\u00e9er une tradition festive, en valorisant les abords de la cath\u00e9drale\u2009!<\/p>\n<p>Thomas Sanchez<\/p><\/blockquote>\n<p>    <img   decoding=\"async\" loading=\"lazy\" class=\"size-large\" src=\"https:\/\/www.europesays.com\/fr\/wp-content\/uploads\/2025\/09\/0cdf18e965b8640ef18e965b854ef1v-960x640.jpeg\" alt=\"Man\u00e8ge treille lille\" width=\"960\" height=\"640\"\/><br \/>\n    \u00c0 c\u00f4t\u00e9 du man\u00e8ge, un stand de confiseries propose nougats, croustillons et compagnie\u2009! \u00a9Margot Nicod\u00e8me\/LilleactuPhase test d\u2019un mois<\/p>\n<p class=\" wall-content\">On en a actuellement un avant-go\u00fbt, avec un man\u00e8ge et un stand de confiseries\u2009! \u00ab\u2009C\u2019est une phase test d\u2019un mois pour voir comment \u00e7a marche, comment les riverains et commer\u00e7ants r\u00e9agissent. On veut convaincre la mairie de nous donner l\u2019autorisation de proposer cette ambiance foraine sur le parvis 2\u00a0mois par an\u2009\u00bb.<\/p>\n<p class=\" wall-content\">L\u2019exp\u00e9rience de ce mois de septembre\u00a02025 prend place non sur le parvis, propri\u00e9t\u00e9 de la ville, mais dans le square Chillon, propri\u00e9t\u00e9 du dioc\u00e8se de Lille.<\/p>\n<p>Votre r\u00e9gion, votre actu !<\/p>\n<p>Recevez chaque jour les infos qui comptent pour vous.<\/p>\n<p>\t<a href=\"https:\/\/actu.fr\/newsletter\" class=\"ac-btn ac-btn--corner ac-btn--medium ac-btn--blue800\" target=\"_blank\" rel=\"noopener\">S&rsquo;incrire<\/a><\/p>\n<p class=\" wall-content\">Des forains professionnels g\u00e8rent les 2 structures, en place jusqu\u2019\u00e0 fin septembre\u00a02025.<\/p>\n<p class=\" wall-content\">Personnalisez votre actualit\u00e9 en ajoutant vos villes et m\u00e9dias en favori avec <a href=\"https:\/\/moncompte.actu.fr\" title=\"D\u00e9couvez Mon Actu\" rel=\"nofollow noopener\" data-trk=\"{&quot;cta&quot;:{&quot;action&quot;:&quot;https:\\\/\\\/moncompte.actu.fr&quot;,&quot;category&quot;:&quot;mon compte&quot;,&quot;from&quot;:&quot;article footer&quot;,&quot;name&quot;:&quot;Mon actu&quot;,&quot;type&quot;:&quot;cta&quot;}}\" target=\"_blank\">Mon Actu<\/a>.<\/p>\n","protected":false},"excerpt":{"rendered":"Par Anne-Sophie Hourdeaux Publi\u00e9 le 1 sept. 2025 \u00e0 15h28 C\u2019est une premi\u00e8re\u2009! Depuis samedi 30\u00a0ao\u00fbt 2025, un&hellip;\n","protected":false},"author":2,"featured_media":358411,"comment_status":"","ping_status":"","sticky":false,"template":"","format":"standard","meta":{"footnotes":""},"categories":[2815],"tags":[1111,11,1777,674,652,1011,27,811,1307,1652,12,12673,25],"class_list":{"0":"post-358410","1":"post","2":"type-post","3":"status-publish","4":"format-standard","5":"has-post-thumbnail","7":"category-lille","8":"tag-actu","9":"tag-actualites","10":"tag-eu","11":"tag-europe","12":"tag-famille","13":"tag-fr","14":"tag-france","15":"tag-hauts-de-france","16":"tag-lille","17":"tag-loisirs-culture","18":"tag-news","19":"tag-notre-dame-de-la-treille","20":"tag-republique-francaise"},"share_on_mastodon":{"url":"https:\/\/pubeurope.com\/@fr\/115129394679329809","error":""},"_links":{"self":[{"href":"https:\/\/www.europesays.com\/fr\/wp-json\/wp\/v2\/posts\/358410","targetHints":{"allow":["GET"]}}],"collection":[{"href":"https:\/\/www.europesays.com\/fr\/wp-json\/wp\/v2\/posts"}],"about":[{"href":"https:\/\/www.europesays.com\/fr\/wp-json\/wp\/v2\/types\/post"}],"author":[{"embeddable":true,"href":"https:\/\/www.europesays.com\/fr\/wp-json\/wp\/v2\/users\/2"}],"replies":[{"embeddable":true,"href":"https:\/\/www.europesays.com\/fr\/wp-json\/wp\/v2\/comments?post=358410"}],"version-history":[{"count":0,"href":"https:\/\/www.europesays.com\/fr\/wp-json\/wp\/v2\/posts\/358410\/revisions"}],"wp:featuredmedia":[{"embeddable":true,"href":"https:\/\/www.europesays.com\/fr\/wp-json\/wp\/v2\/media\/358411"}],"wp:attachment":[{"href":"https:\/\/www.europesays.com\/fr\/wp-json\/wp\/v2\/media?parent=358410"}],"wp:term":[{"taxonomy":"category","embeddable":true,"href":"https:\/\/www.europesays.com\/fr\/wp-json\/wp\/v2\/categories?post=358410"},{"taxonomy":"post_tag","embeddable":true,"href":"https:\/\/www.europesays.com\/fr\/wp-json\/wp\/v2\/tags?post=358410"}],"curies":[{"name":"wp","href":"https:\/\/api.w.org\/{rel}","templated":true}]}}