{"id":358412,"date":"2025-09-01T13:58:18","date_gmt":"2025-09-01T13:58:18","guid":{"rendered":"https:\/\/www.europesays.com\/fr\/358412\/"},"modified":"2025-09-01T13:58:18","modified_gmt":"2025-09-01T13:58:18","slug":"institut-grand-festif-la-nouvelle-expo-a-la-gare-st-so-de-lille","status":"publish","type":"post","link":"https:\/\/www.europesays.com\/fr\/358412\/","title":{"rendered":"Institut Grand Festif, la nouvelle expo \u00e0 la Gare St-So de Lille"},"content":{"rendered":"<p><strong>Fiesta<\/strong> par lille3000, \u00e7a continue ! <a href=\"https:\/\/lilleaddict.fr\/adresse\/gare-saint-sauveur\" rel=\"nofollow noopener\" target=\"_blank\">La <strong>Gare <\/strong><\/a><strong><a href=\"https:\/\/lilleaddict.fr\/adresse\/gare-saint-sauveur\" target=\"_blank\" rel=\"noreferrer noopener nofollow\">Saint<\/a><\/strong><a href=\"https:\/\/lilleaddict.fr\/adresse\/gare-saint-sauveur\" rel=\"nofollow noopener\" target=\"_blank\"><strong>\u2013Sauveur<\/strong><\/a>, \u00e0 Lille, accueille une nouvelle expo. <br \/>Du 12 septembre au 8 novembre, le collectif d\u2019artistes la<strong> Briche Foraine<\/strong> te pr\u00e9sente son univers compl\u00e8tement d\u00e9jant\u00e9 avec \u201cInstitut Grand Festif\u201d : de quoi bien te filer la p\u00eache en cette p\u00e9riode de rentr\u00e9e.\u00a0<br \/>Je te dis tout ce que tu dois savoir ici \ud83d\ude42 .<\/p>\n<p><strong>Tout savoir sur l\u2019Institut Grand Festif de la Briche foraine \u00e0 la Gare Saint-Sauveur \u00e0 Lille<\/strong><\/p>\n<p>Le collectif la Briche Foraine organise diff\u00e9rents \u00e9v\u00e9nements autour de la<strong> f\u00eate foraine<\/strong> et il y a un peu plus de dix ans, ils ont lanc\u00e9 <strong>\u201cInstitut Grand Festif\u201d.<\/strong>\u00a0<\/p>\n<p>Avec beaucoup de d\u00e9rision et de bonne humeur, la cinquantaine d\u2019artistes r\u00e9unie sous le nom de Minist\u00e8re de la F\u00eate et de l\u2019Acc\u00e8s au Divertissement (MFAD) cr\u00e9e, exp\u00e9rimente, s\u2019exprime pour explorer <strong>les diff\u00e9rentes facettes de la f\u00eate<\/strong>.\u00a0<\/p>\n<p>\u00c0 la Gare Saint-Sauveur, tu pourras donc te plonger dans leur monde festif et loufoque et directement prendre part \u00e0 leurs exp\u00e9rimentations \u00e0 travers diff\u00e9rentes activit\u00e9s et <strong>\u0153uvres interactives<\/strong>.<\/p>\n<p>Attention, tu risques d\u2019en ressortir avec des confettis plein les yeux \ud83d\ude42 !<\/p>\n<p><img fetchpriority=\"high\" decoding=\"async\" width=\"640\" height=\"456\" data-id=\"123257\" src=\"https:\/\/www.europesays.com\/fr\/wp-content\/uploads\/2025\/09\/accueil-igf-logofree-moyenne.jpeg\" alt=\"Institut Grand Festif par la Briche foraine, lille3000 Fiesta\" class=\"wp-image-123257\"  \/>\u00a9 Institut Grand Festif <\/p>\n<p><img loading=\"lazy\" decoding=\"async\" width=\"640\" height=\"426\" data-id=\"123260\" src=\"https:\/\/www.europesays.com\/fr\/wp-content\/uploads\/2025\/09\/kiosque-igf-logofree-moyenne.jpeg\" alt=\"Institut Grand Festif par la Briche foraine, lille3000 Fiesta\" class=\"wp-image-123260\"  \/>\u00a9 Institut Grand Festif<\/p>\n<p><img loading=\"lazy\" decoding=\"async\" width=\"640\" height=\"367\" data-id=\"123258\" src=\"https:\/\/www.europesays.com\/fr\/wp-content\/uploads\/2025\/09\/lille3000-fiesta-insitut-grand-festiv-affiche-promo-2-moyenne.jpeg\" alt=\"Institut Grand Festif par la Briche foraine, lille3000 Fiesta\" class=\"wp-image-123258\"  \/>\u00a9 Institut Grand Festif <\/p>\n<p><img loading=\"lazy\" decoding=\"async\" width=\"640\" height=\"427\" data-id=\"123256\" src=\"https:\/\/www.europesays.com\/fr\/wp-content\/uploads\/2025\/09\/nightfire-igf-logofree-moyenne.jpeg\" alt=\"Institut Grand Festif par la Briche foraine, lille3000 Fiesta\" class=\"wp-image-123256\"  \/>\u00a9 Institut Grand Festif<\/p>\n<p><img loading=\"lazy\" decoding=\"async\" width=\"640\" height=\"425\" data-id=\"123259\" src=\"https:\/\/www.europesays.com\/fr\/wp-content\/uploads\/2025\/09\/queuleuleu-igf-logofree-moyenne.jpeg\" alt=\"Institut Grand Festif par la Briche foraine, lille3000 Fiesta\" class=\"wp-image-123259\"  \/>\u00a9 Institut Grand Festif<\/p>\n<p><strong>Les \u00e9v\u00e9nements autour de l\u2019exposition<\/strong><\/p>\n<p>Tout au long de l\u2019expo, tu pourras participer \u00e0 une <strong>programmation riche et festive.\u00a0<\/strong><\/p>\n<p>Et \u00e7a commence d\u00e8s le jour de l\u2019ouverture,<strong> vendredi 12 septembre, \u00e0 18h30.<\/strong> <br \/>La Briche Foraine et lille3000 t\u2019invitent \u00e0 un vernissage bien festif \u00e0 l\u2019image de l\u2019expo. <br \/>Au programme : des <strong>visites guid\u00e9es <\/strong>avec les artistes de la Briche foraine, des <strong>DJ sets \u00e0 partir de 19h30 au Bistrot St-So<\/strong> et de nombreuses surprises ! <\/p>\n<p>Le reste de la programmation est \u00e0 suivre. Et en attendant, on t\u2019a \u00e9crit<a href=\"https:\/\/lilleaddict.fr\/que-faire-a-lille-ce-mois-ci\/agenda-fiesta.html\" rel=\"nofollow noopener\" target=\"_blank\"> un article <\/a><a href=\"https:\/\/lilleaddict.fr\/que-faire-a-lille-ce-mois-ci\/agenda-fiesta.html\" target=\"_blank\" rel=\"noreferrer noopener nofollow\">complet<\/a><a href=\"https:\/\/lilleaddict.fr\/que-faire-a-lille-ce-mois-ci\/agenda-fiesta.html\" rel=\"nofollow noopener\" target=\"_blank\"> sur Fiesta<\/a> par lille3000, o\u00f9 tu pourras trouver toutes les expos, spectacles..etc.<\/p>\n<p><strong>Infos pratiques <\/strong>: <\/p>\n<ul class=\"wp-block-list\">\n<li>Gare Saint Sauveur (Halle B)<\/li>\n<li>17 bd Jean-Baptiste Lebas, Lille<\/li>\n<li>Du 12 septembre au 8 novembre<br \/>Ouvert du mercredi au dimanche : 12h-19h<\/li>\n<li>Gratuit, sans r\u00e9servation<\/li>\n<li>Infos : <a href=\"https:\/\/fiestalille3000.com\/exposition\/institut-grand-festif\/\" target=\"_blank\" rel=\"noreferrer noopener nofollow\">ici<\/a><\/li>\n<\/ul>\n<p><strong>Envie de suivre tout ce qui se passe de mieux \u00e0 Lille ? \u00c7a se passe sur Instagram !<\/strong><\/p>\n<p>Adresses et sorties incontournables, anecdotes, histoires\u2026 Tu trouveras tr\u00e8s certainement ton bonheur sur cette page. En plus, on est qu\u2019entre gens bien et il ne manque que toi. <a href=\"https:\/\/www.instagram.com\/lille_addict\/\" target=\"_blank\" rel=\"noreferrer noopener nofollow\">\u00c7a se passe ici<\/a>.<\/p>\n<p>\t\t\t\t<script async src=\"\/\/www.instagram.com\/embed.js\"><\/script><\/p>\n","protected":false},"excerpt":{"rendered":"Fiesta par lille3000, \u00e7a continue ! La Gare Saint\u2013Sauveur, \u00e0 Lille, accueille une nouvelle expo. Du 12 septembre&hellip;\n","protected":false},"author":2,"featured_media":290402,"comment_status":"","ping_status":"","sticky":false,"template":"","format":"standard","meta":{"footnotes":""},"categories":[2815],"tags":[1111,11,1777,674,1011,27,811,1307,12,25],"class_list":{"0":"post-358412","1":"post","2":"type-post","3":"status-publish","4":"format-standard","5":"has-post-thumbnail","7":"category-lille","8":"tag-actu","9":"tag-actualites","10":"tag-eu","11":"tag-europe","12":"tag-fr","13":"tag-france","14":"tag-hauts-de-france","15":"tag-lille","16":"tag-news","17":"tag-republique-francaise"},"share_on_mastodon":{"url":"https:\/\/pubeurope.com\/@fr\/115129398759770897","error":""},"_links":{"self":[{"href":"https:\/\/www.europesays.com\/fr\/wp-json\/wp\/v2\/posts\/358412","targetHints":{"allow":["GET"]}}],"collection":[{"href":"https:\/\/www.europesays.com\/fr\/wp-json\/wp\/v2\/posts"}],"about":[{"href":"https:\/\/www.europesays.com\/fr\/wp-json\/wp\/v2\/types\/post"}],"author":[{"embeddable":true,"href":"https:\/\/www.europesays.com\/fr\/wp-json\/wp\/v2\/users\/2"}],"replies":[{"embeddable":true,"href":"https:\/\/www.europesays.com\/fr\/wp-json\/wp\/v2\/comments?post=358412"}],"version-history":[{"count":0,"href":"https:\/\/www.europesays.com\/fr\/wp-json\/wp\/v2\/posts\/358412\/revisions"}],"wp:featuredmedia":[{"embeddable":true,"href":"https:\/\/www.europesays.com\/fr\/wp-json\/wp\/v2\/media\/290402"}],"wp:attachment":[{"href":"https:\/\/www.europesays.com\/fr\/wp-json\/wp\/v2\/media?parent=358412"}],"wp:term":[{"taxonomy":"category","embeddable":true,"href":"https:\/\/www.europesays.com\/fr\/wp-json\/wp\/v2\/categories?post=358412"},{"taxonomy":"post_tag","embeddable":true,"href":"https:\/\/www.europesays.com\/fr\/wp-json\/wp\/v2\/tags?post=358412"}],"curies":[{"name":"wp","href":"https:\/\/api.w.org\/{rel}","templated":true}]}}