{"id":358413,"date":"2025-09-01T13:59:09","date_gmt":"2025-09-01T13:59:09","guid":{"rendered":"https:\/\/www.europesays.com\/fr\/358413\/"},"modified":"2025-09-01T13:59:09","modified_gmt":"2025-09-01T13:59:09","slug":"municipales-2026-a-marseille-cet-elu-rejoint-le-rn-franck-allisio-martine-vassal-prend-une-decision-radicale","status":"publish","type":"post","link":"https:\/\/www.europesays.com\/fr\/358413\/","title":{"rendered":"Municipales 2026 \u00e0 Marseille. Cet \u00e9lu rejoint le RN Franck Allisio, Martine Vassal prend une d\u00e9cision radicale"},"content":{"rendered":"<p>            Par<br \/>\n        <strong><br \/>\n            <a href=\"https:\/\/actu.fr\/auteur\/thibault-nadal-actu-fr\" title=\"Consulter tous les articles de Thibault Nadal\" rel=\"nofollow noopener\" target=\"_blank\">Thibault Nadal<\/a><br \/>\n        <\/strong><\/p>\n<p>        Publi\u00e9 le<\/p>\n<p>            1 sept. 2025 \u00e0 12h31        <\/p>\n<p>En coulisses, la campagne s\u2019acc\u00e9l\u00e8re. Apr\u00e8s <a href=\"https:\/\/actu.fr\/provence-alpes-cote-d-azur\/marseille_13055\/ce-grand-tournoi-de-tennis-quitte-marseille-martine-vassal-charge-benoit-payan-la-ville-perd-encore_63093826.html\" rel=\"nofollow noopener\" target=\"_blank\">plusieurs passes d\u2019armes avec Beno\u00eet Payan<\/a> ces derniers jours, Martine Vassal est, cette fois, attaqu\u00e9e sur son flanc droit. Elle a appris ce week-end que <strong>Patrick Pappalardo<\/strong>, conseiller municipal et m\u00e9tropolitain (LR) et pr\u00e9sident de Provence M\u00e9tropole Logement (anciennement Habitat M\u00e9tropole Provence) avait d\u00e9cid\u00e9 de <strong>rejoindre l\u2019Union des droites pour la R\u00e9publique<\/strong> (UDR), <a href=\"https:\/\/actu.fr\/provence-alpes-cote-d-azur\/nice_06088\/elections-municipales-2026-voici-ce-que-promet-eric-ciotti-s-il-devient-maire-de-nice_63083692.html\" rel=\"nofollow noopener\" target=\"_blank\">le parti d\u2019\u00c9ric Ciotti<\/a>. La nouvelle a \u00e9t\u00e9 officialis\u00e9e ce lundi 1er\u00a0septembre 2025 lors d\u2019une conf\u00e9rence de presse en pr\u00e9sence de <a href=\"https:\/\/actu.fr\/provence-alpes-cote-d-azur\/marseille_13055\/municipales-2026-a-marseille-le-rn-peut-creer-la-surprise-assure-franck-allisio_62903402.html\" rel=\"nofollow noopener\" target=\"_blank\">Franck Allisio, le candidat du Rassemblement national<\/a> et donc de l\u2019alliance des deux partis pour <a href=\"https:\/\/actu.fr\/marseille\/politique\/elections-municipales\" rel=\"nofollow noopener\" target=\"_blank\">les \u00e9lections municipales<\/a> \u00e0 <a href=\"https:\/\/actu.fr\/marseille\/\" rel=\"nofollow noopener\" target=\"_blank\">Marseille<\/a>.<\/p>\n<p>Patrick Pappalardo \u00e9cart\u00e9 de PLM<\/p>\n<p class=\" wall-content\">Avertie de la nouvelle par le principal int\u00e9ress\u00e9, la pr\u00e9sidente de la M\u00e9tropole et du D\u00e9partement a tenu \u00e0 devancer la communication officielle ce dimanche soir. Dans un communiqu\u00e9, elle explique \u00ab\u2009prendre acte de la d\u00e9cision\u2009\u00bb.<\/p>\n<p class=\" wall-content\">Surtout, Martine Vassal explique que \u00ab\u2009dans ces conditions, <strong>il n\u2019est plus possible pour Patrick Pappalardo de se maintenir \u00e0 son poste<\/strong>\u2009\u00bb. Cette d\u00e9cision sera mise au vote en conseil le 18\u00a0septembre prochain. \u00ab\u2009Cette d\u00e9lib\u00e9ration visera \u00e0 remplacer Patrick Pappalardo \u00e0 son poste et \u00e0 assurer la continuit\u00e9 des projets et des activit\u00e9s de Habitat Marseille Provence\u2009\u00bb, conclut le communiqu\u00e9.<\/p>\n<p class=\" wall-content\">Cette formulation a fait sourire le principal int\u00e9ress\u00e9, qui a vertement soulign\u00e9 que Martine Vassal \u00ab\u2009ne s\u2019int\u00e9ressait pas aux logements sociaux\u2009\u00bb.<\/p>\n<p class=\" wall-content\">\n<p>\u00ab\u2009Une confusion\u2009\u00bb<\/p>\n<p class=\" wall-content\">Ce lundi, Patrick Pappalardo a expliqu\u00e9 qu\u2019il avait annonc\u00e9 son choix de rejoindre l\u2019UDR vendredi soir, au directeur de cabinet de Martine Vassal, avant de s\u2019entretenir avec cette derni\u00e8re, en marge de la rentr\u00e9e politique d\u2019\u00c9ric Ciotti ce dimanche. \u00ab\u2009Elle m\u2019a demand\u00e9\u2009: \u2018qu\u2019est-ce que tu comptes faire pour PML\u2019. Mais \u00e0 ce moment-l\u00e0, <strong>je n\u2019avais pas encore pris ma d\u00e9cision d\u00e9finitive\u2009<\/strong>\u00bb, affirme-t-il.<\/p>\n<p class=\" wall-content\">Elle a donc \u00e9t\u00e9 prise pour lui et celui qui est toujours encart\u00e9 chez Les R\u00e9publicains a d\u00e9cid\u00e9 de ne pas la contester. Il regrette toutefois \u00ab\u2009une confusion entre mes affinit\u00e9s personnelles et mon exercice de pr\u00e9sident de Provence M\u00e9tropole Logement. <strong>Je n\u2019ai jamais fait de politique l\u00e0-bas<\/strong>\u2009\u00bb.<\/p>\n<p class=\" wall-content\">Et s\u2019\u00e9tonne de sa rapidit\u00e9.<\/p>\n<p>Votre r\u00e9gion, votre actu !<\/p>\n<p>Recevez chaque jour les infos qui comptent pour vous.<\/p>\n<p>\t<a href=\"https:\/\/actu.fr\/newsletter\" class=\"ac-btn ac-btn--corner ac-btn--medium ac-btn--blue800\" rel=\"nofollow noopener\" target=\"_blank\">S&rsquo;incrire<\/a><\/p>\n<blockquote class=\"ac-article-quote wall-content\">\n<p>Cette d\u00e9cision sans consultation me para\u00eet tr\u00e8s surprenante. Elle a mis une ann\u00e9e pour d\u00e9missionner la pr\u00e9sidente d\u2019un autre organisme [Nora Preziosi \u00e0 la t\u00eate de 13 Habitat]. Et moi, il n&rsquo;a fallu qu&rsquo;un jour, alors que je ne suis pas encart\u00e9 \u00e0 l\u2019UDR.<\/p>\n<p>    <strong>Patrick Pappalardo<\/strong><br \/>\n        Pr\u00e9sident de Provence M\u00e9tropole Logement    <\/p><\/blockquote>\n<p>Plusieurs points de bascule<\/p>\n<p class=\" wall-content\">Pour justifier ce choix, celui qui se d\u00e9finit comme \u00ab\u2009un technicien et pas comme un politique\u2009\u00bb, Patrick Pappalardo avance plusieurs choix.<\/p>\n<p class=\" wall-content\">\u00ab\u2009<strong>Je ne me retrouve plus dans ma famille politique<\/strong>, tant sur le plan local que national\u2009\u00bb, assure-t-il, citant plusieurs exemples, comme la d\u00e9cision de Bruno Retailleau, le patron de LR de soutenir, alors que le Premier ministre sollicite <a href=\"https:\/\/actu.fr\/politique\/francois-bayrou-demande-un-vote-de-confiance-c-est-quoi-ce-mecanisme-qui-peut-faire-tomber-son-gouvernement_63075350.html\" rel=\"nofollow noopener\" target=\"_blank\">un vote de confiance \u00e0 l\u2019Assembl\u00e9e nationale<\/a>.<\/p>\n<p class=\" wall-content\">Ou le choix des R\u00e9publicains de ne pas envoyer de candidat dans les 11e et 12e arrondissements face \u00e0 Sabrina Agresti-Roubache lors <a href=\"https:\/\/actu.fr\/provence-alpes-cote-d-azur\/marseille_13055\/marseille-legislatives-2024-voici-tous-les-resultats-du-second-tour_61296539.html\" rel=\"nofollow noopener\" target=\"_blank\">des l\u00e9gislatives anticip\u00e9es en 2024<\/a>. \u00ab\u2009Je ne peux pas l\u2019admettre. Pas de candidat devant madame Roubache\u2009? Qui est une macroniste pur-sang. <strong>Comment voulez-vous que je reste avec ce parti\u2009?<\/strong>\u2009\u00bb, a-t-il expliqu\u00e9.<\/p>\n<p class=\" wall-content\">Enfin, dans sa guerre d\u00e9clar\u00e9e avec Martine Vassal, Patrick Pappalardo n\u2019a pas h\u00e9sit\u00e9 \u00e0 tacler Marc Joliboi, son directeur de cabinet. \u00ab\u2009<strong>Il m\u2019a tr\u00e8s mal parl\u00e9 au mois de novembre<\/strong> devant tous les \u00e9lus de mon conseil d\u2019administration et mon personnel.\u2009\u00bb Un \u00e9pisode que le nouveau transfuge ne semble toujours pas avoir dig\u00e9r\u00e9.<\/p>\n<p class=\" wall-content\">Dans les rangs du RN, Franck Allisio se montre plus que satisfait de cette prise et annonce <strong>\u00ab<\/strong><strong>\u2009d\u2019autres ralliements tout au long de cette campagne\u2009\u00bb<\/strong>.<\/p>\n<p class=\" wall-content\">Personnalisez votre actualit\u00e9 en ajoutant vos villes et m\u00e9dias en favori avec <a href=\"https:\/\/moncompte.actu.fr\" title=\"D\u00e9couvez Mon Actu\" rel=\"nofollow noopener\" data-trk=\"{&quot;cta&quot;:{&quot;action&quot;:&quot;https:\\\/\\\/moncompte.actu.fr&quot;,&quot;category&quot;:&quot;mon compte&quot;,&quot;from&quot;:&quot;article footer&quot;,&quot;name&quot;:&quot;Mon actu&quot;,&quot;type&quot;:&quot;cta&quot;}}\" target=\"_blank\">Mon Actu<\/a>.<\/p>\n","protected":false},"excerpt":{"rendered":"Par Thibault Nadal Publi\u00e9 le 1 sept. 2025 \u00e0 12h31 En coulisses, la campagne s\u2019acc\u00e9l\u00e8re. Apr\u00e8s plusieurs passes&hellip;\n","protected":false},"author":2,"featured_media":358414,"comment_status":"","ping_status":"","sticky":false,"template":"","format":"standard","meta":{"footnotes":""},"categories":[2814],"tags":[1111,11,4188,1777,674,1011,27,1908,884,3434,12,316,882,25],"class_list":{"0":"post-358413","1":"post","2":"type-post","3":"status-publish","4":"format-standard","5":"has-post-thumbnail","7":"category-marseille","8":"tag-actu","9":"tag-actualites","10":"tag-elections-municipales","11":"tag-eu","12":"tag-europe","13":"tag-fr","14":"tag-france","15":"tag-logement","16":"tag-marseille","17":"tag-municipales-2026","18":"tag-news","19":"tag-politique","20":"tag-provence-alpes-cote-dazur","21":"tag-republique-francaise"},"share_on_mastodon":{"url":"https:\/\/pubeurope.com\/@fr\/115129402350920446","error":""},"_links":{"self":[{"href":"https:\/\/www.europesays.com\/fr\/wp-json\/wp\/v2\/posts\/358413","targetHints":{"allow":["GET"]}}],"collection":[{"href":"https:\/\/www.europesays.com\/fr\/wp-json\/wp\/v2\/posts"}],"about":[{"href":"https:\/\/www.europesays.com\/fr\/wp-json\/wp\/v2\/types\/post"}],"author":[{"embeddable":true,"href":"https:\/\/www.europesays.com\/fr\/wp-json\/wp\/v2\/users\/2"}],"replies":[{"embeddable":true,"href":"https:\/\/www.europesays.com\/fr\/wp-json\/wp\/v2\/comments?post=358413"}],"version-history":[{"count":0,"href":"https:\/\/www.europesays.com\/fr\/wp-json\/wp\/v2\/posts\/358413\/revisions"}],"wp:featuredmedia":[{"embeddable":true,"href":"https:\/\/www.europesays.com\/fr\/wp-json\/wp\/v2\/media\/358414"}],"wp:attachment":[{"href":"https:\/\/www.europesays.com\/fr\/wp-json\/wp\/v2\/media?parent=358413"}],"wp:term":[{"taxonomy":"category","embeddable":true,"href":"https:\/\/www.europesays.com\/fr\/wp-json\/wp\/v2\/categories?post=358413"},{"taxonomy":"post_tag","embeddable":true,"href":"https:\/\/www.europesays.com\/fr\/wp-json\/wp\/v2\/tags?post=358413"}],"curies":[{"name":"wp","href":"https:\/\/api.w.org\/{rel}","templated":true}]}}