{"id":358417,"date":"2025-09-01T14:01:09","date_gmt":"2025-09-01T14:01:09","guid":{"rendered":"https:\/\/www.europesays.com\/fr\/358417\/"},"modified":"2025-09-01T14:01:09","modified_gmt":"2025-09-01T14:01:09","slug":"cette-annee-la-maire-de-francheville-va-remplacer-gregory-doucet","status":"publish","type":"post","link":"https:\/\/www.europesays.com\/fr\/358417\/","title":{"rendered":"cette ann\u00e9e, la maire de Francheville va remplacer Gr\u00e9gory Doucet !"},"content":{"rendered":"<p itemprop=\"description\"><strong>Chaque 8 septembre, le maire de Lyon remet l&rsquo;\u00e9cu \u00e0 l&rsquo;archev\u00eaque lors du Voeu des Echevins.<\/strong><\/p>\n<p>Mais \u00e7a, c&rsquo;\u00e9tait avant que <a href=\"https:\/\/www.lyonmag.com\/profil-personnalite-lyonnaise\/504\/gregory-doucet\" target=\"_blank\" rel=\"noopener nofollow\">Gr\u00e9gory Doucet<\/a> ne d\u00e9cide de ne pas participer \u00e0 cette tradition, pour respecter la la\u00efcit\u00e9.<\/p>\n<p>A sa place, le dioc\u00e8se trouve chaque ann\u00e9e des personnalit\u00e9s pour le remplacer au sein de la basilique de Fourvi\u00e8re.<\/p>\n<p>Et ce 8 septembre, ce sera un couple qui repr\u00e9sentera les Lyonnais lors du Voeu des Echevins. Claire et Benjamin Pouzin sont des membres actifs de la communaut\u00e9 catholique locale. Mais pas que. Puisque <a href=\"https:\/\/www.lyonmag.com\/profil-personnalite-lyonnaise\/748\/claire-pouzin\" target=\"_blank\" rel=\"noopener nofollow\">Claire Pouzin<\/a> est l&rsquo;actuelle maire de Francheville, tandis que Benjamin Pouzin fait partie du groupe de musique chr\u00e9tien Glorious.<\/p>\n<p>\u00ab\u00a0Le couple participe activement au renouveau de l\u2019Eglise et symbolise la confiance, th\u00e8me port\u00e9 par le sanctuaire sur l\u2019ann\u00e9e 2025-2026\u00a0\u00bb, commente le dioc\u00e8se.<\/p>\n<p>C&rsquo;est donc probablement une premi\u00e8re dans l&rsquo;histoire du Voeu des Echevins, avec le remplacement du maire de Lyon par celle de Francheville&#8230;<\/p>\n<p><strong>Le programme du Voeu des Echevins lundi 8 septembre :<\/strong><br \/>14h : Fermeture et pr\u00e9paration de la basilique<br \/>16h : Accueil en basilique<br \/>17h30 : C\u00e9l\u00e9bration et renouvellement du Voeu<br \/>18h45 : B\u00e9n\u00e9diction de la ville de Lyon<br \/>19h15 : Regards crois\u00e9s avec Gr\u00e9gory Doucet et le pr\u00e9sident de la R\u00e9gion Fabrice Pannekoucke, et verre de l\u2019amiti\u00e9 sur l\u2019esplanade<\/p>\n","protected":false},"excerpt":{"rendered":"Chaque 8 septembre, le maire de Lyon remet l&rsquo;\u00e9cu \u00e0 l&rsquo;archev\u00eaque lors du Voeu des Echevins. Mais \u00e7a,&hellip;\n","protected":false},"author":2,"featured_media":358418,"comment_status":"","ping_status":"","sticky":false,"template":"","format":"standard","meta":{"footnotes":""},"categories":[1889],"tags":[1111,11,2813,2190,2430,1109,251,1112,2811,1777,674,118,1011,27,1922,1110,1114,2428,2810,12,241,316,25,2812,517,800],"class_list":{"0":"post-358417","1":"post","2":"type-post","3":"status-publish","4":"format-standard","5":"has-post-thumbnail","7":"category-lyon","8":"tag-actu","9":"tag-actualites","10":"tag-article","11":"tag-asvel","12":"tag-auvergne-rhone-alpes","13":"tag-breves","14":"tag-culture","15":"tag-depeches","16":"tag-economique","17":"tag-eu","18":"tag-europe","19":"tag-faits-divers","20":"tag-fr","21":"tag-france","22":"tag-info","23":"tag-informations","24":"tag-infos","25":"tag-lyon","26":"tag-lyonmag","27":"tag-news","28":"tag-ol","29":"tag-politique","30":"tag-republique-francaise","31":"tag-sociale","32":"tag-sport","33":"tag-transports"},"share_on_mastodon":{"url":"https:\/\/pubeurope.com\/@fr\/115129410161409506","error":""},"_links":{"self":[{"href":"https:\/\/www.europesays.com\/fr\/wp-json\/wp\/v2\/posts\/358417","targetHints":{"allow":["GET"]}}],"collection":[{"href":"https:\/\/www.europesays.com\/fr\/wp-json\/wp\/v2\/posts"}],"about":[{"href":"https:\/\/www.europesays.com\/fr\/wp-json\/wp\/v2\/types\/post"}],"author":[{"embeddable":true,"href":"https:\/\/www.europesays.com\/fr\/wp-json\/wp\/v2\/users\/2"}],"replies":[{"embeddable":true,"href":"https:\/\/www.europesays.com\/fr\/wp-json\/wp\/v2\/comments?post=358417"}],"version-history":[{"count":0,"href":"https:\/\/www.europesays.com\/fr\/wp-json\/wp\/v2\/posts\/358417\/revisions"}],"wp:featuredmedia":[{"embeddable":true,"href":"https:\/\/www.europesays.com\/fr\/wp-json\/wp\/v2\/media\/358418"}],"wp:attachment":[{"href":"https:\/\/www.europesays.com\/fr\/wp-json\/wp\/v2\/media?parent=358417"}],"wp:term":[{"taxonomy":"category","embeddable":true,"href":"https:\/\/www.europesays.com\/fr\/wp-json\/wp\/v2\/categories?post=358417"},{"taxonomy":"post_tag","embeddable":true,"href":"https:\/\/www.europesays.com\/fr\/wp-json\/wp\/v2\/tags?post=358417"}],"curies":[{"name":"wp","href":"https:\/\/api.w.org\/{rel}","templated":true}]}}