{"id":358419,"date":"2025-09-01T14:02:11","date_gmt":"2025-09-01T14:02:11","guid":{"rendered":"https:\/\/www.europesays.com\/fr\/358419\/"},"modified":"2025-09-01T14:02:11","modified_gmt":"2025-09-01T14:02:11","slug":"des-scanners-daeroport-testes-dans-un-lycee-lyonnais-pour-detecter-les-armes-blanches","status":"publish","type":"post","link":"https:\/\/www.europesays.com\/fr\/358419\/","title":{"rendered":"des scanners d\u2019a\u00e9roport test\u00e9s dans un lyc\u00e9e lyonnais pour d\u00e9tecter les armes blanches"},"content":{"rendered":"<p>Apr\u00e8s le drame de Nogent-sur-Marne, la r\u00e9gion Auvergne-Rh\u00f4ne-Alpes avait vot\u00e9 une d\u00e9lib\u00e9ration pour exp\u00e9rimenter l\u2019utilisation de scanner millim\u00e9trique dans les \u00e9tablissements dont elle a la charge.<\/p>\n<p class=\"fig-paragraph\">\u00abLes lyc\u00e9es doivent rester un sanctuaire\u00bb. L\u2019ex\u00e9cutif r\u00e9gional \u00e9tait en d\u00e9monstration devant le lyc\u00e9e Marcel M\u00e9rieux, dans le 7e arrondissement de\u00a0<a href=\"http:\/\/www.lefigaro.fr\/lyon\/famille-retrouvee-morte-dans-son-appartement-pres-de-lyon-la-piste-d-un-double-infanticide-20250901\" data-fig-type=\"NewsFlash\" data-gtm-custom-categorie=\"navigation\" data-gtm-custom-action=\"crossclick\" data-gtm-custom-label=\"Contextuel\" data-gtm-event=\"customEventSPE\" data-fig-domain=\"LEFIGARO\" rel=\"nofollow noopener\" target=\"_blank\">Lyon<\/a>, en cette rentr\u00e9e des classes pour exp\u00e9rimenter un scanner \u00e0 onde \u00e9lectromagn\u00e9tique. L\u2019objectif affich\u00e9 est de s\u00e9curiser l\u2019enceinte du lyc\u00e9e en \u00e9vitant l\u2019introduction d\u2019armes blanches afin de prot\u00e9ger \u00e9l\u00e8ves, enseignants et personnels. Successeur de\u00a0<a href=\"http:\/\/www.lefigaro.fr\/lyon\/laurent-wauquiez-demissionne-de-la-presidence-de-la-region-auvergne-rhone-alpes-20240823\" data-fig-type=\"Article\" data-gtm-custom-categorie=\"navigation\" data-gtm-custom-action=\"crossclick\" data-gtm-custom-label=\"Contextuel\" data-gtm-event=\"customEventSPE\" data-fig-domain=\"LEFIGARO\" rel=\"nofollow noopener\" target=\"_blank\">Laurent Wauquiez<\/a>, le pr\u00e9sident de R\u00e9gion,\u00a0<a href=\"http:\/\/www.lefigaro.fr\/lyon\/savoyard-monsieur-jo-2030-qui-est-fabrice-pannekoucke-le-nouveau-president-d-auvergne-rhone-alpes-20240906\" data-fig-type=\"NewsFlash\" data-gtm-custom-categorie=\"navigation\" data-gtm-custom-action=\"crossclick\" data-gtm-custom-label=\"Contextuel\" data-gtm-event=\"customEventSPE\" data-fig-domain=\"LEFIGARO\" rel=\"nofollow noopener\" target=\"_blank\">Fabrice Pannekoucke (LR)<\/a>, veut aussi montrer l\u2019efficacit\u00e9 de ces dispositifs alors qu\u2019il a fait voter en assembl\u00e9e pl\u00e9ni\u00e8re au mois de juin dernier,\u00a0<a href=\"http:\/\/www.lefigaro.fr\/faits-divers\/dossier\/meurtre-d-une-surveillante-de-college-a-nogent-le-choc-et-les-questions-apres-le-drame\" data-fig-type=\"Topic\" data-gtm-custom-categorie=\"navigation\" data-gtm-custom-action=\"crossclick\" data-gtm-custom-label=\"Contextuel\" data-gtm-event=\"customEventSPE\" data-fig-domain=\"LEFIGARO\" rel=\"nofollow noopener\" target=\"_blank\">apr\u00e8s le drame de Nogent-sur-Marne<\/a>, l\u2019autorisation au gouvernement de tester d\u2019autres scanners, \u00e0 technologie millim\u00e9trique, plus puissants.<\/p>\n<p class=\"fig-paragraph\">\u00abCes scanners \u00e0 ondes millim\u00e9triques, inspir\u00e9s de ceux utilis\u00e9s dans les a\u00e9roports, d\u00e9tectent sans contact la pr\u00e9sence d\u2019objets dangereux dissimul\u00e9s sur une personne, vante la R\u00e9gion. Ils offrent ainsi une solution pour renforcer la s\u00e9curit\u00e9 en identifiant rapidement toute menace.\u00bb La loi du 19 mai 2023, adopt\u00e9e dans le cadre de la pr\u00e9paration des Jeux olympiques et paralympiques de Paris 2024, pr\u00e9voit leur utilisation lors de grands \u00e9v\u00e9nements rassemblant plus de 300 spectateurs. En parall\u00e8le de sa demande au gouvernement, la R\u00e9gion discute avec la pr\u00e9f\u00e8te,\u00a0<a href=\"http:\/\/www.lefigaro.fr\/flash-actu\/on-n-arrive-pas-a-les-expulser-la-prefete-du-rhone-denonce-un-sentiment-d-impunite-des-algeriens-en-situation-irreguliere-20250730\" data-fig-type=\"NewsFlash\" data-gtm-custom-categorie=\"navigation\" data-gtm-custom-action=\"crossclick\" data-gtm-custom-label=\"Contextuel\" data-gtm-event=\"customEventSPE\" data-fig-domain=\"LEFIGARO\" rel=\"nofollow noopener\" target=\"_blank\">Fabienne Buccio<\/a>, pour obtenir des autorisations sp\u00e9ciales lors d\u2019\u00e9v\u00e9nements d\u2019ampleur dans les lyc\u00e9es.<\/p>\n<p>                                    <a class=\"fig-a11y-skip a11y-hidden\" href=\"#fig-a11y-skip-main-inarticle\"><br \/>\n        Passer la publicit\u00e9<br \/>\n    <\/a><\/p>\n<p>\u00abCe dispositif n\u2019aurait permis d\u2019\u00e9viter aucun des drames r\u00e9cents\u00bb<\/p>\n<p class=\"fig-paragraph\">Du pur affichage pour le syndicat Snes-FSU soulignant que plusieurs personnels regrettent l\u2019installation de ce dispositif test pour la rentr\u00e9e.\u00abIl faut que les \u00e9l\u00e8ves et les personnels soient s\u00e9curis\u00e9s \u00e9videmment, mais ce genre de dispositif n\u2019aurait permis d\u2019\u00e9viter aucun des drames r\u00e9cents, estime Thomas Gathier, secr\u00e9taire d\u00e9partemental. \u00c0 Nogent, la surveillante se trouvait sur le parvis de l\u2019\u00e9tablissement\u00bb. \u00abLe Snes-FSU est convaincu que des moyens humains renforc\u00e9s avec des \u00e9quipes pluri-professionnelles form\u00e9es seront plus efficaces que les technologies clinquantes et non moins co\u00fbteuses exhib\u00e9es par la R\u00e9gion\u00bb, tacle le syndicat par voie de communiqu\u00e9.<\/p>\n<p class=\"fig-body-link\">\n            \u00c0 lire aussi<br \/>\n        <a class=\"fig-body-link__link\" href=\"http:\/\/www.lefigaro.fr\/lyon\/securite-dans-les-lycees-la-region-auvergne-rhone-alpes-veut-experimenter-scanners-d-aeroport-et-videosurveillance-algorithmique-20250630\" data-fig-type=\"NewsFlash\" data-gtm-custom-categorie=\"navigation\" data-gtm-custom-action=\"crossclick\" data-gtm-custom-label=\"Contextuel\" data-gtm-event=\"customEventSPE\" data-fig-domain=\"LEFIGARO\" rel=\"nofollow noopener\" target=\"_blank\">S\u00e9curit\u00e9 dans les lyc\u00e9es\u00a0: la r\u00e9gion Auvergne-Rh\u00f4ne-Alpes veut exp\u00e9rimenter scanners d\u2019a\u00e9roport et vid\u00e9osurveillance algorithmique<br \/>\n    <\/a>\n<\/p>\n<p class=\"fig-paragraph\">Lors du vote en assembl\u00e9e pl\u00e9ni\u00e8re, l\u2019opposition de gauche avait vilipend\u00e9 le recours \u00e0 l\u2019IA et point\u00e9 l\u2019attente devant les scanners g\u00e9n\u00e9rant des files d\u2019attente. \u00abCe dispositif, encadr\u00e9 par des personnels de s\u00e9curit\u00e9 d\u2019une entreprise en contrat avec la R\u00e9gion, permet le passage de 600 personnes toutes les 10 minutes, r\u00e9pond la R\u00e9gion. Ce scanner est jusqu\u2019\u00e0 10 fois plus rapide que les d\u00e9tecteurs de m\u00e9taux classiques, permettant un flux continu. Il ignore les objets personnels sans danger tels que les cl\u00e9s, les pi\u00e8ces de monnaie ou les t\u00e9l\u00e9phones portables, r\u00e9duisant ainsi les fausses alertes.\u00bb Une arme blanche serait \u00abd\u00e9tect\u00e9e\u00bb dans un \u00e9tablissement scolaire sur vingt, selon la R\u00e9gion. La collectivit\u00e9 rappelle avoir d\u00e9j\u00e0 investi 102 millions d\u2019euros depuis 2016 pour la s\u00e9curisation des lyc\u00e9es, notamment par l\u2019installation de portiques.<\/p>\n","protected":false},"excerpt":{"rendered":"Apr\u00e8s le drame de Nogent-sur-Marne, la r\u00e9gion Auvergne-Rh\u00f4ne-Alpes avait vot\u00e9 une d\u00e9lib\u00e9ration pour exp\u00e9rimenter l\u2019utilisation de scanner millim\u00e9trique&hellip;\n","protected":false},"author":2,"featured_media":358420,"comment_status":"","ping_status":"","sticky":false,"template":"","format":"standard","meta":{"footnotes":""},"categories":[1889],"tags":[1111,11,2430,5264,1777,674,1011,27,2633,2428,12,25,656],"class_list":{"0":"post-358419","1":"post","2":"type-post","3":"status-publish","4":"format-standard","5":"has-post-thumbnail","7":"category-lyon","8":"tag-actu","9":"tag-actualites","10":"tag-auvergne-rhone-alpes","11":"tag-couteau","12":"tag-eu","13":"tag-europe","14":"tag-fr","15":"tag-france","16":"tag-lycee","17":"tag-lyon","18":"tag-news","19":"tag-republique-francaise","20":"tag-securite"},"share_on_mastodon":{"url":"https:\/\/pubeurope.com\/@fr\/115129414109665853","error":""},"_links":{"self":[{"href":"https:\/\/www.europesays.com\/fr\/wp-json\/wp\/v2\/posts\/358419","targetHints":{"allow":["GET"]}}],"collection":[{"href":"https:\/\/www.europesays.com\/fr\/wp-json\/wp\/v2\/posts"}],"about":[{"href":"https:\/\/www.europesays.com\/fr\/wp-json\/wp\/v2\/types\/post"}],"author":[{"embeddable":true,"href":"https:\/\/www.europesays.com\/fr\/wp-json\/wp\/v2\/users\/2"}],"replies":[{"embeddable":true,"href":"https:\/\/www.europesays.com\/fr\/wp-json\/wp\/v2\/comments?post=358419"}],"version-history":[{"count":0,"href":"https:\/\/www.europesays.com\/fr\/wp-json\/wp\/v2\/posts\/358419\/revisions"}],"wp:featuredmedia":[{"embeddable":true,"href":"https:\/\/www.europesays.com\/fr\/wp-json\/wp\/v2\/media\/358420"}],"wp:attachment":[{"href":"https:\/\/www.europesays.com\/fr\/wp-json\/wp\/v2\/media?parent=358419"}],"wp:term":[{"taxonomy":"category","embeddable":true,"href":"https:\/\/www.europesays.com\/fr\/wp-json\/wp\/v2\/categories?post=358419"},{"taxonomy":"post_tag","embeddable":true,"href":"https:\/\/www.europesays.com\/fr\/wp-json\/wp\/v2\/tags?post=358419"}],"curies":[{"name":"wp","href":"https:\/\/api.w.org\/{rel}","templated":true}]}}