{"id":358421,"date":"2025-09-01T14:03:10","date_gmt":"2025-09-01T14:03:10","guid":{"rendered":"https:\/\/www.europesays.com\/fr\/358421\/"},"modified":"2025-09-01T14:03:10","modified_gmt":"2025-09-01T14:03:10","slug":"le-tourisme-francilien-se-porte-bien","status":"publish","type":"post","link":"https:\/\/www.europesays.com\/fr\/358421\/","title":{"rendered":"Le tourisme francilien se porte bien"},"content":{"rendered":"<p>\u00ab L\u2019Ile-de-France confirme qu\u2019elle est l\u2019une des destinations les plus attractives au monde \u00bb, se r\u00e9jouit la pr\u00e9sidente (LR) de la R\u00e9gion Val\u00e9rie P\u00e9cresse, donn\u00e9es de Choose Paris Region \u00e0 l\u2019appui. Car, selon l\u2019agence de promotion internationale de l\u2019Ile-de-France, la p\u00e9riode estivale et, avant elle, le premier semestre, ont enregistr\u00e9 une progression du nombre de visiteurs dans la r\u00e9gion par rapport \u00e0 l\u2019an pass\u00e9 avec, en corollaire, des retomb\u00e9es \u00e9conomiques plus importantes.<\/p>\n<p>De janvier \u00e0 juin, Paris et sa r\u00e9gion ont accueilli 24,3 millions de visiteurs, soit 3% de plus qu\u2019au premier semestre 2024. Fait notable, la part de la client\u00e8le internationale a fortement augment\u00e9 (+9%) avec 11,4 millions de visiteurs, m\u00eame si la client\u00e8le fran\u00e7aise (en tr\u00e8s l\u00e9ger recul de 1%) est rest\u00e9e la plus importante. Une client\u00e8le internationale port\u00e9e notamment par les \u00c9tats-Unis, toujours en t\u00eate des pays pourvoyeurs de touristes \u00e9trangers avec 1,4 million de visiteurs (+5%), devant le Royaume-Uni et l\u2019Allemagne qui affichent de fortes progressions, respectivement de 14% et 15%. \u00a0Et Paris n\u2019est pas le seul territoire francilien \u00e0 avoir b\u00e9n\u00e9fici\u00e9 de ce dynamisme. Si la capitale a concentr\u00e9 pr\u00e8s de 60% des s\u00e9jours touristiques et enregistr\u00e9 une progression (de 8%) au premier semestre, c\u2019est \u00e9galement le cas de la Seine-Saint-Denis (+10%), des Hauts-de-Seine et du Val-de-Marne (+2%).<\/p>\n<p>Cet afflux de touristes a permis aux h\u00e9bergements h\u00f4teliers de comptabiliser 35,2 millions de nuit\u00e9es, soit une progression de 7%. Et les locations meubl\u00e9es saisonni\u00e8res ont connu un bond de r\u00e9servations plus significatif encore de 13%. Dans cette m\u00eame dynamique, la consommation touristique a augment\u00e9 de 4% par rapport au premier semestre 2024 pour atteindre 11,1 milliards d\u2019euros. Si les touristes hexagonaux sont les plus nombreux, ces retomb\u00e9es \u00e9conomiques sont davantage aliment\u00e9es par les touristes \u00e9trangers qui ont d\u00e9pens\u00e9 6,9 milliards d\u2019euros (+7%) quand les Fran\u00e7ais ont \u00e9t\u00e9, \u00e0 l\u2019inverse, plus \u00e9conomes (avec 4,2 milliards d\u2019euros d\u00e9pens\u00e9s, soit un recul de 1%).<\/p>\n<p><strong>\u00ab La meilleure activit\u00e9 touristique estivale depuis la Covid \u00bb<\/strong><\/p>\n<p>La p\u00e9riode estivale n\u2019est pas en reste. Mieux, elle affiche une progression de 6% avec 12,7 millions de touristes recens\u00e9s entre juin et ao\u00fbt. \u00ab La meilleure activit\u00e9 touristique estivale depuis la Covid \u00bb, souligne l\u2019agence Choose Paris Region. Sur cette m\u00eame p\u00e9riode, ce sont les touristes internationaux qui ont \u00e9t\u00e9 plus nombreux (6,7 millions de visiteurs ; +4%) que les touristes fran\u00e7ais (6 millions ; +8%). L\u00e0 encore, le podium est occup\u00e9 par les \u00c9tats-Unis, le Royaume-Uni (+3%) et l\u2019Allemagne (+5%), \u00ab tandis que certains pays du sud de l\u2019Europe, comme l\u2019Italie (-12%) ou l\u2019Espagne (-1%) connaissent un repli \u00bb et qu\u2019\u00ab \u00e0 l\u2019inverse, les march\u00e9s long-courriers montrent une forte dynamique estivale, avec des hausses notables en provenance du Canada (+31%), de la Chine (+15%) ou encore de l\u2019Inde (+3%) \u00bb, constate l\u2019agence de promotion internationale de l\u2019Ile-de-France.<\/p>\n<p>R\u00e9sultat : des retomb\u00e9es \u00e9conomiques \u00ab dynamiques \u00bb avec une consommation touristique en hausse (de 3%) estim\u00e9e \u00e0 6,6 milliards d\u2019euros sur la p\u00e9riode juin-ao\u00fbt, dont 4,3 milliards d\u2019euros d\u00e9pens\u00e9s par les touristes internationaux (+2%) et 2,3 milliards d\u2019euros par les touristes hexagonaux (+3%). Une manne qui a majoritairement profit\u00e9 \u00e0 Paris (+8 %) mais aussi aux d\u00e9partements de petite couronne qui ont davantage s\u00e9duit les visiteurs cet \u00e9t\u00e9 avec une hausse des s\u00e9jours touristiques en Seine-Saint-Denis (+16 %), dans les Hauts-de-Seine (+9 %) et dans le Val-de-Marne (+5 %) ainsi que dans le Val-d\u2019Oise (+6 %) en grande couronne.<\/p>\n<p><strong>Plus de 15 milliards d\u2019euros de d\u00e9penses touristiques<\/strong><\/p>\n<p>\u00ab Avec plus de 15 milliards d\u2019euros de d\u00e9penses touristiques cumul\u00e9es entre janvier et ao\u00fbt, l\u2019impact \u00e9conomique est tangible pour nos territoires \u00bb, applaudit Alexandra Dublanche, la pr\u00e9sidente de Choose Paris Region. Et la vice-pr\u00e9sidente de la R\u00e9gion de constater que \u00ab les performances enregistr\u00e9es, notamment en provenance du Moyen-Orient, de l\u2019Am\u00e9rique du Nord ou encore en Asie, font \u00e9cho aux march\u00e9s o\u00f9 Choose Paris Region a port\u00e9 de fortes actions de promotion ces derniers mois \u00bb.<\/p>\n<p>\u00ab Apr\u00e8s le succ\u00e8s des Jeux de Paris 2024, nous d\u00e9montrons notre capacit\u00e9 \u00e0 transformer cet h\u00e9ritage en retomb\u00e9es durables au b\u00e9n\u00e9fice des Franciliens, des entreprises et de l\u2019ensemble de la fili\u00e8re touristique, estime Val\u00e9rie P\u00e9cresse. Le premier semestre 2025 a m\u00eame permis de d\u00e9passer les indicateurs de 2019, ann\u00e9e de r\u00e9f\u00e9rence avant la crise sanitaire, marquant une \u00e9tape symbolique pour notre r\u00e9gion \u00bb.<\/p>\n<p>Reste \u00e0 savoir si ce dynamisme touristique se v\u00e9rifiera sur les derniers mois de l\u2019ann\u00e9e. L\u2019agence Choose Paris Region se veut optimiste au regard notamment des r\u00e9servations a\u00e9riennes \u00e0 destination de l\u2019Ile-de-France de septembre \u00e0 d\u00e9cembre, en hausse de 66% pour\u00a0 l\u2019Arabie Saoudite, de 11% pour les Emirats Arabes Unis, de 19% pour l\u2019Asie du Sud-Est, de 9% pour le Canada ou encore de 1% pour les \u00c9tats-Unis.<\/p>\n","protected":false},"excerpt":{"rendered":"\u00ab L\u2019Ile-de-France confirme qu\u2019elle est l\u2019une des destinations les plus attractives au monde \u00bb, se r\u00e9jouit la pr\u00e9sidente&hellip;\n","protected":false},"author":2,"featured_media":358422,"comment_status":"","ping_status":"","sticky":false,"template":"","format":"standard","meta":{"footnotes":""},"categories":[1592],"tags":[1111,11,1777,674,1011,27,3314,662,12,626,49410,25,49411,1945,602,21030,49408,2542,49409,25356,1125,11046],"class_list":{"0":"post-358421","1":"post","2":"type-post","3":"status-publish","4":"format-standard","5":"has-post-thumbnail","7":"category-ile-de-france","8":"tag-actu","9":"tag-actualites","10":"tag-eu","11":"tag-europe","12":"tag-fr","13":"tag-france","14":"tag-hauts-de-seine","15":"tag-ile-de-france","16":"tag-news","17":"tag-paris","18":"tag-premier-semestre","19":"tag-republique-francaise","20":"tag-retombu00e9es-u00e9conomiques","21":"tag-seine-saint-denis","22":"tag-tourisme","23":"tag-touristes","24":"tag-u00ab-choose-paris-region-u00bb","25":"tag-u00e9conomie","26":"tag-u00e9trangers","27":"tag-u00e9tu00e9-2025","28":"tag-val-de-marne","29":"tag-visiteurs"},"share_on_mastodon":{"url":"https:\/\/pubeurope.com\/@fr\/115129418118515229","error":""},"_links":{"self":[{"href":"https:\/\/www.europesays.com\/fr\/wp-json\/wp\/v2\/posts\/358421","targetHints":{"allow":["GET"]}}],"collection":[{"href":"https:\/\/www.europesays.com\/fr\/wp-json\/wp\/v2\/posts"}],"about":[{"href":"https:\/\/www.europesays.com\/fr\/wp-json\/wp\/v2\/types\/post"}],"author":[{"embeddable":true,"href":"https:\/\/www.europesays.com\/fr\/wp-json\/wp\/v2\/users\/2"}],"replies":[{"embeddable":true,"href":"https:\/\/www.europesays.com\/fr\/wp-json\/wp\/v2\/comments?post=358421"}],"version-history":[{"count":0,"href":"https:\/\/www.europesays.com\/fr\/wp-json\/wp\/v2\/posts\/358421\/revisions"}],"wp:featuredmedia":[{"embeddable":true,"href":"https:\/\/www.europesays.com\/fr\/wp-json\/wp\/v2\/media\/358422"}],"wp:attachment":[{"href":"https:\/\/www.europesays.com\/fr\/wp-json\/wp\/v2\/media?parent=358421"}],"wp:term":[{"taxonomy":"category","embeddable":true,"href":"https:\/\/www.europesays.com\/fr\/wp-json\/wp\/v2\/categories?post=358421"},{"taxonomy":"post_tag","embeddable":true,"href":"https:\/\/www.europesays.com\/fr\/wp-json\/wp\/v2\/tags?post=358421"}],"curies":[{"name":"wp","href":"https:\/\/api.w.org\/{rel}","templated":true}]}}