{"id":358425,"date":"2025-09-01T14:05:11","date_gmt":"2025-09-01T14:05:11","guid":{"rendered":"https:\/\/www.europesays.com\/fr\/358425\/"},"modified":"2025-09-01T14:05:11","modified_gmt":"2025-09-01T14:05:11","slug":"les-suppressions-de-trains-prevues-ce-lundi-en-ile-de-france","status":"publish","type":"post","link":"https:\/\/www.europesays.com\/fr\/358425\/","title":{"rendered":"les suppressions de trains pr\u00e9vues ce lundi en \u00cele-de-France"},"content":{"rendered":"<p>            Par<br \/>\n        <strong><br \/>\n            <a href=\"https:\/\/actu.fr\/auteur\/redaction-paris\" title=\"Consulter tous les articles de R\u00e9daction Paris\" target=\"_blank\" rel=\"noopener\">R\u00e9daction Paris<\/a><br \/>\n        <\/strong><\/p>\n<p>        Publi\u00e9 le<\/p>\n<p>            1 sept. 2025 \u00e0 11h37        <\/p>\n<p>Une <a href=\"https:\/\/actu.fr\/tag\/rentree-scolaire\" target=\"_blank\" rel=\"noopener\">rentr\u00e9e<\/a> sous le signe de la protestation sociale. Ce lundi 1er\u00a0septembre 2025, \u00e0 l\u2019appel de Sud Rail, une partie des cheminots des lignes <a href=\"https:\/\/actu.fr\/tag\/transilien\" target=\"_blank\" rel=\"noopener\">Transilien<\/a> <strong>L et J<\/strong> est en <a href=\"https:\/\/actu.fr\/tag\/greve\" target=\"_blank\" rel=\"noopener\">gr\u00e8ve<\/a>. Des perturbations de la circulation des trains sont donc \u00e0 pr\u00e9voir tout au long de la journ\u00e9e.<\/p>\n<p>\u00ab\u00a0Elle a pour objectif le dumping social\u00a0\u00bb<\/p>\n<p class=\" wall-content\">Depuis ce matin, le trafic est donc perturb\u00e9, notamment sur la ligne L, o\u00f9 \u00ab\u2009<strong>deux trains sur trois<\/strong> sont annonc\u00e9s sur toutes les branches\u2009\u00bb, fait savoir la SNCF, qui invite les usagers \u00e0 se renseigner sur les horaires de leur train avant de se rendre en gare.<\/p>\n<p class=\" wall-content\">Sur la ligne J, apr\u00e8s une perturbation dans les deux sens de circulation entre Paris Saint-Lazare et Les Mureaux \/ Mantes-la-Jolie via Poissy \/ Vernon, aux alentours de 7h30, le trafic est redevenu <strong>fluide<\/strong> en milieu de matin\u00e9e.<\/p>\n<p class=\" wall-content\">\n<p class=\" wall-content\">Sur les r\u00e9seaux sociaux, certains voyageurs s\u2019interrogent sur les raisons de ce mouvement social. Des r\u00e9ponses ont \u00e9t\u00e9 apport\u00e9es par voie de communiqu\u00e9 par le syndicat, qui d\u00e9nonce la modification du plan de transport des lignes L et J, laquelle entra\u00eenerait la <strong>suppression d\u2019un train sur quatre<\/strong>. Autre sujet de protestation\u2009: l\u2019attribution de la ligne L \u00e0 la filiale SNCF Voyageurs C\u0153ur Ouest \u00cele-de-France, qui, selon Sud Rail, \u00ab\u2009ne reprend pas le cadre social de l\u2019entreprise historique\u2009; elle a au contraire pour objectif le dumping social\u2009\u00bb.<\/p>\n<p class=\" wall-content\">Plus g\u00e9n\u00e9ralement, les gr\u00e9vistes d\u00e9plorent <strong>l\u2019ouverture \u00e0 la concurrence<\/strong>, synonyme pour eux de \u00ab\u2009d\u00e9gradation des conditions de travail, de vie et de r\u00e9mun\u00e9ration des cheminots\u2009\u00bb.<\/p>\n<p class=\" wall-content\">Personnalisez votre actualit\u00e9 en ajoutant vos villes et m\u00e9dias en favori avec <a href=\"https:\/\/moncompte.actu.fr\" title=\"D\u00e9couvez Mon Actu\" rel=\"nofollow noopener\" data-trk=\"{&quot;cta&quot;:{&quot;action&quot;:&quot;https:\\\/\\\/moncompte.actu.fr&quot;,&quot;category&quot;:&quot;mon compte&quot;,&quot;from&quot;:&quot;article footer&quot;,&quot;name&quot;:&quot;Mon actu&quot;,&quot;type&quot;:&quot;cta&quot;}}\" target=\"_blank\">Mon Actu<\/a>.<\/p>\n","protected":false},"excerpt":{"rendered":"Par R\u00e9daction Paris Publi\u00e9 le 1 sept. 2025 \u00e0 11h37 Une rentr\u00e9e sous le signe de la protestation&hellip;\n","protected":false},"author":2,"featured_media":358426,"comment_status":"","ping_status":"","sticky":false,"template":"","format":"standard","meta":{"footnotes":""},"categories":[1888],"tags":[1111,1928,11,1927,1777,674,1011,27,21005,12,1926,626,1925,25,2215,104,12443],"class_list":{"0":"post-358425","1":"post","2":"type-post","3":"status-publish","4":"format-standard","5":"has-post-thumbnail","7":"category-paris","8":"tag-actu","9":"tag-actu-paris","10":"tag-actualites","11":"tag-actualites-paris","12":"tag-eu","13":"tag-europe","14":"tag-fr","15":"tag-france","16":"tag-ligne-j","17":"tag-news","18":"tag-news-paris","19":"tag-paris","20":"tag-paris-news","21":"tag-republique-francaise","22":"tag-sncf","23":"tag-societe","24":"tag-transilien"},"share_on_mastodon":{"url":"https:\/\/pubeurope.com\/@fr\/115129425860149617","error":""},"_links":{"self":[{"href":"https:\/\/www.europesays.com\/fr\/wp-json\/wp\/v2\/posts\/358425","targetHints":{"allow":["GET"]}}],"collection":[{"href":"https:\/\/www.europesays.com\/fr\/wp-json\/wp\/v2\/posts"}],"about":[{"href":"https:\/\/www.europesays.com\/fr\/wp-json\/wp\/v2\/types\/post"}],"author":[{"embeddable":true,"href":"https:\/\/www.europesays.com\/fr\/wp-json\/wp\/v2\/users\/2"}],"replies":[{"embeddable":true,"href":"https:\/\/www.europesays.com\/fr\/wp-json\/wp\/v2\/comments?post=358425"}],"version-history":[{"count":0,"href":"https:\/\/www.europesays.com\/fr\/wp-json\/wp\/v2\/posts\/358425\/revisions"}],"wp:featuredmedia":[{"embeddable":true,"href":"https:\/\/www.europesays.com\/fr\/wp-json\/wp\/v2\/media\/358426"}],"wp:attachment":[{"href":"https:\/\/www.europesays.com\/fr\/wp-json\/wp\/v2\/media?parent=358425"}],"wp:term":[{"taxonomy":"category","embeddable":true,"href":"https:\/\/www.europesays.com\/fr\/wp-json\/wp\/v2\/categories?post=358425"},{"taxonomy":"post_tag","embeddable":true,"href":"https:\/\/www.europesays.com\/fr\/wp-json\/wp\/v2\/tags?post=358425"}],"curies":[{"name":"wp","href":"https:\/\/api.w.org\/{rel}","templated":true}]}}